{"id":75751,"date":"2024-01-05T14:10:31","date_gmt":"2024-01-05T20:10:31","guid":{"rendered":"https:\/\/redsemlac.com\/semmexico\/?p=75751"},"modified":"2024-01-05T14:10:32","modified_gmt":"2024-01-05T20:10:32","slug":"mujer-y-poder-lenia-y-su-vergonzoso-discurso-de-toma-de-protesta","status":"publish","type":"post","link":"https:\/\/redsemlac.com\/semmexico\/mujer-y-poder-lenia-y-su-vergonzoso-discurso-de-toma-de-protesta\/","title":{"rendered":"Mujer y Poder| Lenia y su Vergonzoso Discurso de Toma de Protesta"},"content":{"rendered":"\n<p class=\"wp-block-paragraph\"><strong>Natalia Vidales<\/strong><\/p>\n\n\n\n<p class=\"wp-block-paragraph\">SemM\u00e9xico, Hermosillo, Sonora, 5 de enero, 2024.- Escuchamos hoy a Lenia Batres en su discurso de toma de protesta y la verdad\u2026no podemos menos que asustarnos con las palabras de enfrentamiento y discordia con las que inicia sus funciones en el m\u00e1ximo tribunal de justicia, la Suprema Corte de Justicia de la Naci\u00f3n.<\/p>\n\n\n\n<p class=\"wp-block-paragraph\">Vergonzosa fue su participaci\u00f3n, sus palabras autoritarias y su soberbia, como si su integraci\u00f3n a la Corte fuera indispensable para fortalecer la instituci\u00f3n.&nbsp;<\/p>\n\n\n\n<p class=\"wp-block-paragraph\">Hay confusi\u00f3n sobre las funciones que le competen. Y hay que aclarar que su funci\u00f3n no es la imposici\u00f3n de sus ideales, como lo dijo en tono de alabanza la otra ministra incondicional del presidente, Yazm\u00edn Esquivel. Los &nbsp;&nbsp;ministros est\u00e1n para cumplir las leyes que estipula la Constituci\u00f3n.&nbsp;&nbsp; No para otra cosa.&nbsp;&nbsp;<\/p>\n\n\n\n<p class=\"wp-block-paragraph\">Afortunadamente, hay en la Corte un freno en perfectas condiciones. Y ese freno lo tiene en la mano la presidenta Norma Luc\u00eda Pi\u00f1a quien sin duda sabr\u00e1 poner orden en la Corte.<\/p>\n\n\n\n<p class=\"wp-block-paragraph\">Es una verdadera l\u00e1stima que Lenia inicie su per\u00edodo de 15 a\u00f1os con el estigma de un nombramiento directo y con un discurso polarizante.<\/p>\n\n\n\n<p class=\"wp-block-paragraph\">&nbsp;S\u00ed queremos mujeres en el poder pero mujeres que lleguen con la frente en alto a cargos de tanta responsabilidad y trascendencia -como el que aqu\u00ed mencionamos-. Necesitamos y queremos en el poder a mujeres que nos enorgullezcan en lugar de que nos averg\u00fcencen como lo hizo Lenia en su primera participaci\u00f3n p\u00fablica donde la lectura de su discurso fue totalmente inapropiada y con una notoria falta de preparaci\u00f3n. Si no puede ni leer correctamente un texto en p\u00fablico\u2026 \u00bfqu\u00e9 podemos esperar de su desempe\u00f1o?&nbsp;&nbsp;&nbsp;&nbsp;&nbsp;<\/p>\n","protected":false},"excerpt":{"rendered":"<p>Vergonzosa fue su participaci\u00f3n, sus palabras autoritarias y su soberbia, como si su integraci\u00f3n a la Corte fuera indispensable para fortalecer la instituci\u00f3n.\u00a0<\/p>\n","protected":false},"author":3,"featured_media":36862,"comment_status":"open","ping_status":"open","sticky":false,"template":"","format":"standard","meta":{"_monsterinsights_skip_tracking":false,"footnotes":""},"categories":[100,72,35],"tags":[149,459],"class_list":["post-75751","post","type-post","status-publish","format-standard","has-post-thumbnail","category-mujer-y-poder","category-natalia-vidales","category-opinion","tag-mujeres","tag-opinion"],"_links":{"self":[{"href":"https:\/\/redsemlac.com\/semmexico\/wp-json\/wp\/v2\/posts\/75751","targetHints":{"allow":["GET"]}}],"collection":[{"href":"https:\/\/redsemlac.com\/semmexico\/wp-json\/wp\/v2\/posts"}],"about":[{"href":"https:\/\/redsemlac.com\/semmexico\/wp-json\/wp\/v2\/types\/post"}],"author":[{"embeddable":true,"href":"https:\/\/redsemlac.com\/semmexico\/wp-json\/wp\/v2\/users\/3"}],"replies":[{"embeddable":true,"href":"https:\/\/redsemlac.com\/semmexico\/wp-json\/wp\/v2\/comments?post=75751"}],"version-history":[{"count":0,"href":"https:\/\/redsemlac.com\/semmexico\/wp-json\/wp\/v2\/posts\/75751\/revisions"}],"wp:featuredmedia":[{"embeddable":true,"href":"https:\/\/redsemlac.com\/semmexico\/wp-json\/wp\/v2\/media\/36862"}],"wp:attachment":[{"href":"https:\/\/redsemlac.com\/semmexico\/wp-json\/wp\/v2\/media?parent=75751"}],"wp:term":[{"taxonomy":"category","embeddable":true,"href":"https:\/\/redsemlac.com\/semmexico\/wp-json\/wp\/v2\/categories?post=75751"},{"taxonomy":"post_tag","embeddable":true,"href":"https:\/\/redsemlac.com\/semmexico\/wp-json\/wp\/v2\/tags?post=75751"}],"curies":[{"name":"wp","href":"https:\/\/api.w.org\/{rel}","templated":true}]}}