{"id":75702,"date":"2024-01-04T16:01:49","date_gmt":"2024-01-04T22:01:49","guid":{"rendered":"https:\/\/redsemlac.com\/semmexico\/?p=75702"},"modified":"2024-01-04T16:01:49","modified_gmt":"2024-01-04T22:01:49","slug":"precampanas-por-la-jefatura-de-gobierno-cuestan-10-6-millones-de-pesos","status":"publish","type":"post","link":"https:\/\/redsemlac.com\/semmexico\/precampanas-por-la-jefatura-de-gobierno-cuestan-10-6-millones-de-pesos\/","title":{"rendered":"Precampa\u00f1as por la jefatura de gobierno cuestan 10.6 millones de pesos"},"content":{"rendered":"\n<p class=\"wp-block-paragraph\">Candidatos a la jefatura de Gobierno de la Ciudad de M\u00e9xico | Fotos: Romina Sol\u00eds, Ivonne Rodr\u00edguez y Roberto Hern\u00e1ndez<\/p>\n\n\n\n<p class=\"wp-block-paragraph\">Ayer los tres perfiles que aspiran a gobernar la ciudad cerraron su primer ronda de gira; hasta marzo retomar\u00e1n sus proyectos<\/p>\n\n\n\n<p class=\"wp-block-paragraph\">Aabye Vargas, Karla Mora y Gloria L\u00f3pez<\/p>\n\n\n\n<p class=\"wp-block-paragraph\">SemM\u00e9xico\/El Sol de M\u00e9xico, Ciudad de M\u00e9xico, 4 de enero, 2024.- Los tres&nbsp;aspirantes a la jefatura &nbsp;de Gobierno de la Ciudad de M\u00e9xico&nbsp;gastaron&nbsp;10 millones 666 mil 830 pesos en los dos meses que duraron las precampa\u00f1as. De las tres precandidaturas, de una pol\u00edtica y dos pol\u00edticos que participan en la contienda agot\u00f3 la bolsa individual que le aprob\u00f3 el Instituto Electoral local.<\/p>\n\n\n\n<p class=\"wp-block-paragraph\">Clara Brugada, de Morena; Salom\u00f3n Chertorivski, de Movimiento Ciudadano, y Santiago Taboada, de la alianza PAN-PRI-PRD&nbsp;cerraron ayer la primera etapa del proceso electoral en reuniones con sus bases militantes de sus partidos y tambi\u00e9n se pelearon por el presunto acarreo de personas migrantes.<\/p>\n\n\n\n<p class=\"wp-block-paragraph\">Clara Brugada, abanderada de la alianza&nbsp;Morena,&nbsp;PVEM&nbsp;y&nbsp;PT, fue&nbsp;la que m\u00e1s eventos realiz\u00f3. Seg\u00fan el reporte de Rendici\u00f3n de cuentas y resultados de fiscalizaci\u00f3n del Instituto Nacional Electoral, con corte al 2 de enero, la aspirante se present\u00f3 en 267 eventos y gast\u00f3 2.6 millones de pesos.<\/p>\n\n\n\n<figure class=\"wp-block-image size-full\"><a href=\"https:\/\/redsemlac.com\/semmexico\/wp-content\/uploads\/2024\/01\/precampanas-02.jpg\"><img loading=\"lazy\" decoding=\"async\" width=\"720\" height=\"449\" src=\"https:\/\/redsemlac.com\/semmexico\/wp-content\/uploads\/2024\/01\/precampanas-02.jpg\" alt=\"\" class=\"wp-image-75708\"\/><\/a><\/figure>\n\n\n\n<p class=\"wp-block-paragraph\">Su \u00faltimo evento no fue masivo, sino \u201csimb\u00f3lico\u201d, seg\u00fan refiri\u00f3 la aspirante en d\u00edas previos. No hubo cartulinas con mensajes de apoyo ni microbuses con acarreados, como es com\u00fan en este tipo de eventos. La imagen de la precandidata fue repartida en algunos calendarios, sin que todos los asistentes alcanzaran.<\/p>\n\n\n\n<p class=\"wp-block-paragraph\">Acompa\u00f1ada por dos personas de su equipo de log\u00edstica, la aspirante entr\u00f3 a la explanada a las 11:35 horas, para completar un tapete de aserr\u00edn emulando un&nbsp;Tenango, estilo de bordado t\u00edpico en varias regiones del pa\u00eds, con el mensaje&nbsp;\u00abClara gana 2024, a\u00f1os de esperanza y transformaci\u00f3n\u00bb.<\/p>\n\n\n\n<figure class=\"wp-block-image size-full\"><a href=\"https:\/\/redsemlac.com\/semmexico\/wp-content\/uploads\/2024\/01\/precampanas-03.jpg\"><img loading=\"lazy\" decoding=\"async\" width=\"720\" height=\"495\" src=\"https:\/\/redsemlac.com\/semmexico\/wp-content\/uploads\/2024\/01\/precampanas-03.jpg\" alt=\"\" class=\"wp-image-75707\"\/><\/a><\/figure>\n\n\n\n<p class=\"wp-block-paragraph\">Clara Brugada estuvo en Santo Domingo, en Cuauht\u00e9moc | Foto: Ivonne Rodr\u00edguez \/El Sol de M\u00e9xico<\/p>\n\n\n\n<p class=\"wp-block-paragraph\">Brugada&nbsp;asegur\u00f3 que la oposici\u00f3n enfrentar\u00e1 una derrota hist\u00f3rica y contundente en las elecciones de este a\u00f1o.<\/p>\n\n\n\n<p class=\"wp-block-paragraph\">Salom\u00f3n Chertorivski&nbsp;report\u00f3 ante el INE&nbsp;96 eventos y un gasto de tres millones 339 mil 71 pesos.<\/p>\n\n\n\n<p class=\"wp-block-paragraph\">Frente a m\u00e1s de 400 personas parti\u00f3 una Rosca de Reyes de 30 metros en la Colonia Federal, alcald\u00eda Venustiano Carranza, en donde agradeci\u00f3 el apoyo de los vecinos los 60 d\u00edas de precampa\u00f1a. Explic\u00f3 que durante los meses de febrero y abril tendr\u00e1 reuniones privadas con grupos de simpatizantes y de diversos sectores, adem\u00e1s de promover la su libro&nbsp;\u201cUna Ciudad Mejor que \u00c9sta\u201d.<\/p>\n\n\n\n<figure class=\"wp-block-image size-full\"><a href=\"https:\/\/redsemlac.com\/semmexico\/wp-content\/uploads\/2024\/01\/precampanas-04.jpg\"><img loading=\"lazy\" decoding=\"async\" width=\"720\" height=\"481\" src=\"https:\/\/redsemlac.com\/semmexico\/wp-content\/uploads\/2024\/01\/precampanas-04.jpg\" alt=\"\" class=\"wp-image-75706\"\/><\/a><\/figure>\n\n\n\n<p class=\"wp-block-paragraph\">Salom\u00f3n Chertorivski peg\u00f3 calcoman\u00edas en Escand\u00f3n y Condesa | Foto: Roberto Hern\u00e1ndez \/El Sol de M\u00e9xico<\/p>\n\n\n\n<p class=\"wp-block-paragraph\">Santiago Taboada, abanderado del&nbsp;PAN-PRI-PRD,&nbsp;fue el que m\u00e1s gast\u00f3 de los tres aspirantes con cuatro millones 691 mil 205 pesos. Seg\u00fan la informaci\u00f3n que report\u00f3 al INE realiz\u00f3 38 eventos.<\/p>\n\n\n\n<p class=\"wp-block-paragraph\">El \u00faltimo acto de su&nbsp;precampa\u00f1a fue un mitin en Gustavo A. Madero al que&nbsp;lleg\u00f3 un grupo de migrantes haitianos que port\u00f3 camisetas del PAN y onde\u00f3 banderas del partido.<\/p>\n\n\n\n<p class=\"wp-block-paragraph\">Sin hablar ni entender espa\u00f1ol, el grupo de alrededor de 10 haitianos fue guiado por una vecina que asegur\u00f3 ser de la zona. No quiso dar su nombre, pero mencion\u00f3 que&nbsp;los extranjeros asistieron para ser visibilizados y pedir apoyo, pues buscan quedarse en la capital. Wendy Farad, uno de los migrantes asistentes, confirm\u00f3 a este diario que&nbsp;no recibieron dinero, solo les regalaron las playeras y decidieron usarlas.<\/p>\n\n\n\n<figure class=\"wp-block-image size-full\"><a href=\"https:\/\/redsemlac.com\/semmexico\/wp-content\/uploads\/2024\/01\/precampanas-05.jpg\"><img loading=\"lazy\" decoding=\"async\" width=\"720\" height=\"512\" src=\"https:\/\/redsemlac.com\/semmexico\/wp-content\/uploads\/2024\/01\/precampanas-05.jpg\" alt=\"\" class=\"wp-image-75705\"\/><\/a><\/figure>\n\n\n\n<p class=\"wp-block-paragraph\">Santiago Taboada visit\u00f3 el tianguis El Salado, en Iztapalapa | Foto: Romina Sol\u00eds \/El Sol de M\u00e9xico<\/p>\n\n\n\n<p class=\"wp-block-paragraph\">\u00abNo, no nos pagan, \u00bfhay dinero disponible para eso? Mientras bailamos, la gente nos regal\u00f3 camisetas que ya estaban puestas\u201d, dijo. El joven migrante de 31 a\u00f1os lleg\u00f3 a la capital en agosto de 2023 y actualmente busca trabajo, pues asegura que se quedar\u00e1 \u201cmucho tiempo\u201d.<\/p>\n\n\n\n<figure class=\"wp-block-image size-full\"><a href=\"https:\/\/redsemlac.com\/semmexico\/wp-content\/uploads\/2024\/01\/precampanas-06.png\"><img loading=\"lazy\" decoding=\"async\" width=\"720\" height=\"405\" src=\"https:\/\/redsemlac.com\/semmexico\/wp-content\/uploads\/2024\/01\/precampanas-06.png\" alt=\"\" class=\"wp-image-75704\"\/><\/a><\/figure>\n\n\n\n<p class=\"wp-block-paragraph\">Haitianos apoyan al PAN en mitin | Cortes\u00eda<\/p>\n\n\n\n<p class=\"wp-block-paragraph\">El equipo de comunicaci\u00f3n del precandidato se deslind\u00f3 del grupo de migrantes.&nbsp;\u00abNo reconocemos a este grupo como parte de la campa\u00f1a del frente opositor. Llegaron, se tomaron la foto y se fueron. No hay casualidades. Condenamos la manipulaci\u00f3n por parte de Clara Brugada de la situaci\u00f3n de vulnerabilidad de personas como los migrantes\u00bb,&nbsp;precis\u00f3 el vocero V\u00edctor Hugo Puente.<\/p>\n\n\n\n<figure class=\"wp-block-image size-full\"><a href=\"https:\/\/redsemlac.com\/semmexico\/wp-content\/uploads\/2024\/01\/precampanas-07.jpg\"><img loading=\"lazy\" decoding=\"async\" width=\"720\" height=\"449\" src=\"https:\/\/redsemlac.com\/semmexico\/wp-content\/uploads\/2024\/01\/precampanas-07.jpg\" alt=\"\" class=\"wp-image-75703\"\/><\/a><\/figure>\n\n\n\n<p class=\"wp-block-paragraph\">Morena&nbsp;no se refiri\u00f3 a la acusaci\u00f3n contra Brugada, pero s\u00ed&nbsp;solicit\u00f3 a las autoridades electorales una revisi\u00f3n.<\/p>\n\n\n\n<p class=\"wp-block-paragraph\">Desde hoy y hasta el 29 de febrero la y los candidatos no podr\u00e1n realizar actos de proselitismo&nbsp;y los partidos pol\u00edticos s\u00f3lo pueden difundir mensajes gen\u00e9ricos, es decir con contenido institucional sin promocionar el voto y a ninguna persona candidata. La y los aspirantes deben presentar el informe detallado de los recursos utilizados en sus precampa\u00f1as a m\u00e1s tardar el 29 de febrero.<\/p>\n\n\n\n<p class=\"wp-block-paragraph\">La&nbsp;consejera del IECM, Sonia P\u00e9rez,&nbsp;explic\u00f3 que&nbsp;la propaganda utilizada en los actos de precampa\u00f1a debe ser retirada&nbsp;por el Gobierno de la Ciudad de M\u00e9xico y las alcald\u00edas para enviarla a centros de reciclaje.<\/p>\n","protected":false},"excerpt":{"rendered":"<p>Los tres\u00a0aspirantes a la jefatura \u00a0de Gobierno de la Ciudad de M\u00e9xico\u00a0gastaron\u00a010 millones 666 mil 830 pesos en los dos meses que duraron las precampa\u00f1as. De las tres precandidaturas, de una pol\u00edtica y dos pol\u00edticos que participan en la contienda agot\u00f3 la bolsa individual que le aprob\u00f3 el Instituto Electoral local.<\/p>\n","protected":false},"author":3,"featured_media":75709,"comment_status":"open","ping_status":"open","sticky":false,"template":"","format":"standard","meta":{"_monsterinsights_skip_tracking":false,"footnotes":""},"categories":[694,141],"tags":[],"class_list":["post-75702","post","type-post","status-publish","format-standard","has-post-thumbnail","category-destacadas","category-elecciones-2020-2021"],"_links":{"self":[{"href":"https:\/\/redsemlac.com\/semmexico\/wp-json\/wp\/v2\/posts\/75702","targetHints":{"allow":["GET"]}}],"collection":[{"href":"https:\/\/redsemlac.com\/semmexico\/wp-json\/wp\/v2\/posts"}],"about":[{"href":"https:\/\/redsemlac.com\/semmexico\/wp-json\/wp\/v2\/types\/post"}],"author":[{"embeddable":true,"href":"https:\/\/redsemlac.com\/semmexico\/wp-json\/wp\/v2\/users\/3"}],"replies":[{"embeddable":true,"href":"https:\/\/redsemlac.com\/semmexico\/wp-json\/wp\/v2\/comments?post=75702"}],"version-history":[{"count":0,"href":"https:\/\/redsemlac.com\/semmexico\/wp-json\/wp\/v2\/posts\/75702\/revisions"}],"wp:featuredmedia":[{"embeddable":true,"href":"https:\/\/redsemlac.com\/semmexico\/wp-json\/wp\/v2\/media\/75709"}],"wp:attachment":[{"href":"https:\/\/redsemlac.com\/semmexico\/wp-json\/wp\/v2\/media?parent=75702"}],"wp:term":[{"taxonomy":"category","embeddable":true,"href":"https:\/\/redsemlac.com\/semmexico\/wp-json\/wp\/v2\/categories?post=75702"},{"taxonomy":"post_tag","embeddable":true,"href":"https:\/\/redsemlac.com\/semmexico\/wp-json\/wp\/v2\/tags?post=75702"}],"curies":[{"name":"wp","href":"https:\/\/api.w.org\/{rel}","templated":true}]}}