{"id":7570,"date":"2019-04-25T03:58:25","date_gmt":"2019-04-25T03:58:25","guid":{"rendered":"https:\/\/redsemlac.com\/semmexico\/?p=7570"},"modified":"2023-07-21T14:48:43","modified_gmt":"2023-07-21T19:48:43","slug":"ambigu-2","status":"publish","type":"post","link":"https:\/\/redsemlac.com\/semmexico\/ambigu-2\/","title":{"rendered":"Ambig\u00fa"},"content":{"rendered":"\n<p class=\"wp-block-paragraph\">A Otlica, lo ten\u00eda sentenciado el Consejo Ind\u00edgena<\/p>\n\n\n\n<h5 class=\"wp-block-heading\"> Nahuatzen, donde la \u201cjusticia\u201d se impuso a la ley<\/h5>\n\n\n\n<p class=\"wp-block-paragraph\"><a href=\"https:\/\/semmexico.com\/gallery-post.php?id=7973#\">Martha Elba Torres<\/a><\/p>\n\n\n\n<p class=\"wp-block-paragraph\">SemM\u00e9xico. 25 de abril 2019.-&nbsp;\u201cSi hay que optar entre la ley y la justicia, no lo piensen mucho, qu\u00e9dense con la justicia\u201d, dijo la semana pasada el presidente L\u00f3pez Obrador. Y pareciera que en Nahuatzen, algunos se lo tomaron literal, con la vida del alcalde David Otlica Avil\u00e9s.<\/p>\n\n\n\n<p class=\"wp-block-paragraph\">El pasado martes 23, a eso de las 3 de la madrugada, el edil fue sacado por la fuerza de su casa en la tenencia de San Isidro, por unos hombres armados y subido a un auto Ford Mustang rojo, de acuerdo con las primeras versiones.<\/p>\n\n\n\n<p class=\"wp-block-paragraph\">A eso de las 9:30 del d\u00eda, su cuerpo, atado de pies y manos, fue hallado en un paraje de Las Mesas, en el municipio de Coeneo. Y ojo, no fue asesinado por arma de fuego, sino por \u201chemorragia intracranial, tras un corte contundente como herida de un instrumento\u201d, seg\u00fan revel\u00f3 la necropsia.<\/p>\n\n\n\n<p class=\"wp-block-paragraph\">Ayer, el Fiscal General del estado, Adri\u00e1n L\u00f3pez Sol\u00eds, dio a conocer la detenci\u00f3n de un presunto responsable del asesinato. Se trata de Gerardo N, quien, seg\u00fan el funcionario y con base a las declaraciones de la esposa de Otlica, ingres\u00f3 solito a la casa, lo amag\u00f3 con un arma de fuego y se lo llev\u00f3 en el auto. Tanto la unidad como un machete que se encontr\u00f3 dentro, est\u00e1n asegurados y el sujeto, puesto a disposici\u00f3n de la autoridad jurisdiccional.<\/p>\n\n\n\n<p class=\"wp-block-paragraph\">El fiscal no entr\u00f3 en detalles sobre el m\u00f3vil y si hay m\u00e1s responsables, por los primeros testimonios que fueron varias personas las que levantaron a David, pero la investigaci\u00f3n sigue abierta. Eso s\u00ed, corri\u00f3 la versi\u00f3n de que el detenido ser\u00eda el padrastro de la \u201cpareja sentimental\u201d del alcalde.<\/p>\n\n\n\n<p class=\"wp-block-paragraph\">A ver: \u00bfotra mujer? Ese t\u00e9rmino es muy ambiguo, pero muy oportuno para desechar, medi\u00e1ticamente, cualquier sospecha sobre quienes s\u00ed se la ten\u00edan sentenciada: integrantes del Consejo Ind\u00edgena de Nahuatzen. La relaci\u00f3n de Gerardo N con este grupo, tampoco fue revelada\u2026<\/p>\n\n\n\n<p class=\"wp-block-paragraph\">&nbsp;&nbsp;&nbsp;&nbsp;&nbsp;&nbsp;&nbsp;&nbsp;&nbsp;&nbsp;&nbsp;&nbsp;&nbsp;&nbsp;&nbsp;&nbsp;&nbsp;&nbsp;&nbsp;&nbsp;&nbsp;&nbsp;&nbsp;&nbsp;&nbsp;&nbsp;&nbsp;&nbsp;&nbsp;&nbsp; &nbsp;&nbsp;&nbsp;&nbsp;&nbsp;&nbsp;&nbsp;&nbsp;&nbsp;&nbsp;&nbsp;&nbsp;&nbsp;&nbsp;&nbsp;&nbsp;&nbsp;&nbsp;&nbsp;&nbsp;&nbsp;&nbsp;&nbsp;&nbsp;&nbsp;&nbsp;&nbsp;&nbsp;&nbsp;&nbsp;&nbsp;&nbsp;&nbsp;&nbsp;&nbsp;&nbsp;&nbsp;&nbsp;&nbsp;&nbsp;&nbsp;&nbsp;&nbsp;&nbsp;&nbsp;&nbsp;&nbsp;&nbsp;&nbsp;&nbsp;&nbsp;&nbsp;&nbsp;&nbsp;&nbsp;&nbsp;&nbsp;&nbsp;&nbsp;&nbsp;&nbsp;&nbsp; ***<\/p>\n\n\n\n<p class=\"wp-block-paragraph\">Horas antes del levant\u00f3n y homicidio, el edil, hab\u00eda estado en la comunidad de Sevina, donde acordar\u00eda los mecanismos de asignaci\u00f3n del presupuesto directo, tal como lo mandataron \u00f3rganos electorales que otorgaron a los consejos ind\u00edgenas esa prerrogativa, incluidos los de la cabecera Nahuatzen, Arantepacua y Comachu\u00e9n. El problema para el joven alcalde, es que las cuentas del gasto nunca son claras y al que se le fincan responsabilidades es a \u00e9l.<\/p>\n\n\n\n<p class=\"wp-block-paragraph\">David Otlica, los menos de ocho meses que estuvo al frente del municipio, nunca pudo gobernar en paz.<\/p>\n\n\n\n<p class=\"wp-block-paragraph\">Los problemas comenzaron desde las elecciones de julio pasado, cuando el Consejo Ind\u00edgena de Nahuatzen, tras el reconocimiento de la Suprema Corte de Justicia de la Naci\u00f3n del autogobierno a comunidades, decidi\u00f3 que no habr\u00eda elecciones en el municipio, por tanto, tampoco campa\u00f1as. Pero Otlica, registrado por el PRD y Partido Verde, desafi\u00f3 el veto y trabaj\u00f3 el municipio.<\/p>\n\n\n\n<p class=\"wp-block-paragraph\">Sin duda, en Nahuatzen, las campa\u00f1as y la propia jornada electoral, fueron muy dif\u00edciles, en un municipio plagado de grupos criminales, disputas por la tierra y ambiciones personales de propios caciques pol\u00edticos ind\u00edgenas.<\/p>\n\n\n\n<p class=\"wp-block-paragraph\">El 15 de mayo de 2018, de paso por la cabecera con rumbo a Coeneo, una camioneta que transportaba propaganda de la candidata a senadora del PAN, Alma Mireya Gonz\u00e1lez, fue saqueada y quemado el material.<\/p>\n\n\n\n<p class=\"wp-block-paragraph\">Aun as\u00ed, salvo en la cabecera, se realizaron las votaciones y gan\u00f3 el perredista Otlica Ch\u00e1vez, pues la no instalaci\u00f3n de 12 casillas, para los \u00f3rganos electorales, no alteraba el sentir de la poblaci\u00f3n que tuvo que trasladarse a otras comunidades para sufragar.<\/p>\n\n\n\n<p class=\"wp-block-paragraph\">Pero todo es cuesti\u00f3n del dinero y de la influencia que tienen las bandas criminales en la regi\u00f3n, repet\u00eda una y otra vez, el joven alcalde. Todav\u00eda el 25 de marzo y el 1 de abril, David exig\u00eda a las autoridades estatales y federales, cubrir los vac\u00edos legales que asignaban presupuestos directos a las comunidades ind\u00edgenas, pero sin mecanismos de fiscalizaci\u00f3n. Y advirti\u00f3 que urg\u00eda atender el asunto, porque se siguen reconociendo autogobiernos en otras regiones del estado, como Quiroga, la Ca\u00f1ada de los 11 Pueblos y Tingambato.<\/p>\n\n\n\n<p class=\"wp-block-paragraph\">Bueno, para no ir tan lejos, ese mismo martes 23, apenas encontrado el cad\u00e1ver de David, en Paracho, un grupo de comuneros de Pomacuar\u00e1n, de forma violenta, sacaron de la presidencia municipal a tres regidores a quienes mantuvieron cautivos hasta que no se les entregara \u201csu dinero\u201d. Al edil no lo pudieron zangolotear, porque lo impidieron los poquitos polic\u00edas que estaban en el lugar.<\/p>\n\n\n\n<p class=\"wp-block-paragraph\">Pero siguiendo con el caso Nahuatzen, por ejemplo, de 30 millones de pesos que recibieron los concejos de la cabecera y Arantepacua, para ejercer durante 2018, s\u00f3lo comprobaron gastos por unos 14 mdp, el resto tuvo malversaciones financieras, seg\u00fan consta en sus propios informes.<\/p>\n\n\n\n<p class=\"wp-block-paragraph\">Hay que aclarar, que el presupuesto para este a\u00f1o es de 85.8 mdp, por lo que entre lo que ten\u00eda que repartir a las comunidades, Otlica Avil\u00e9s apenas ejercer\u00eda unos 17 millones y con eso, sufragar todos los servicios municipales: alumbrado p\u00fablico, agua, limpia, pavimentaci\u00f3n y claro, seguridad. Eso s\u00ed, ante el Congreso y la Auditor\u00eda Superior de Michoac\u00e1n, es responsable, como autoridad depositaria de los recursos, del total de los dineros.<\/p>\n\n\n\n<p class=\"wp-block-paragraph\">\u201cNosotros como ayuntamiento fungimos como puente para la aplicaci\u00f3n de los recursos \u2013dijo ese 25 de marzo ante medios locales-. Todos son testigos de que el Tribunal Electoral del Estado orden\u00f3 que entreg\u00e1ramos los recursos a los concejos para la aplicaci\u00f3n directa, pero a m\u00ed como presidente municipal, no me exime de la responsabilidad de entregar cuentas a la autoridad financiera jer\u00e1rquica\u201d.<\/p>\n\n\n\n<p class=\"wp-block-paragraph\">Pero al final de cuentas, ese era su problema, y a todos, el Ejecutivo, Legislativo, \u00f3rganos electorales y a la SCJN, les vali\u00f3 madres. Los ind\u00edgenas son como los maestros, intocables. Para ellos, justicia por encima de la ley\u2026<\/p>\n\n\n\n<p class=\"wp-block-paragraph\">&nbsp;&nbsp;&nbsp;&nbsp;&nbsp;&nbsp;&nbsp;&nbsp;&nbsp;&nbsp;&nbsp;&nbsp;&nbsp;&nbsp;&nbsp;&nbsp;&nbsp;&nbsp;&nbsp;&nbsp;&nbsp;&nbsp;&nbsp;&nbsp;&nbsp;&nbsp;&nbsp;&nbsp;&nbsp;&nbsp;&nbsp;&nbsp;&nbsp;&nbsp;&nbsp;&nbsp;&nbsp;&nbsp;&nbsp;&nbsp;&nbsp;&nbsp;&nbsp;&nbsp;&nbsp;&nbsp;&nbsp;&nbsp;&nbsp;&nbsp;&nbsp;&nbsp;&nbsp;&nbsp;&nbsp;&nbsp;&nbsp;&nbsp;&nbsp;&nbsp;&nbsp;&nbsp;&nbsp;&nbsp;&nbsp;&nbsp;&nbsp;&nbsp;&nbsp;&nbsp;&nbsp;&nbsp;&nbsp;&nbsp;&nbsp;&nbsp;&nbsp; ***<\/p>\n\n\n\n<p class=\"wp-block-paragraph\">Este viernes, ya hay un presunto victimario de Otlica \u00c1viles. Si fue venganza personal \u2013como insin\u00faan- o sentencia cumplida \u2013como la mayor\u00eda conjeturamos-, debe aclararse contundentemente.<\/p>\n\n\n\n<p class=\"wp-block-paragraph\">Porque cosa curiosa, el mismo difunto ya hab\u00eda dado santo y se\u00f1as de quienes lo ten\u00edan amenazado de muerte, as\u00ed como a su familia. Que por cierto, ha tenido que lidiar para darle santa sepultura en su pueblo natal, ante los \u00e1nimos tan caldeados entre sus seguidores y el Concejo.<\/p>\n\n\n\n<p class=\"wp-block-paragraph\">En rueda de prensa en Morelia, el 4 de noviembre de 2018, el alcalde de Nahuatzen se\u00f1al\u00f3 a los concejeros, Antonio Arreola Jim\u00e9nez y Gerardo Talavera, entre los principales promotores de la violencia e inestabilidad en la cabecera y contra quienes present\u00f3 denuncias penales.<\/p>\n\n\n\n<p class=\"wp-block-paragraph\">Tres d\u00edas antes, el primero de noviembre, tras una serie de bloqueos, disturbios y quemaz\u00f3n de veh\u00edculos, Otlica se reuni\u00f3 con el Consejo Ind\u00edgena. Y hay testigos de las amenazas: le dieron al alcalde, a su familia y a todo el ayuntamiento, 24 horas para que salieran de Nahuatzen, \u201cque si no, nos atuvi\u00e9ramos a las consecuencias y que ellos s\u00ed cumplen: qu\u00e9 sab\u00edan qu\u00e9 hac\u00edamos, d\u00f3nde viv\u00edamos y que no pod\u00edamos estar all\u00ed\u201d.<\/p>\n\n\n\n<p class=\"wp-block-paragraph\">Efectivamente. En los d\u00edas posteriores, levantaron al regidor del Partido Verde, Francisco Zavala, y allanaron la casa de la s\u00edndica municipal, Mar\u00eda Elena Avil\u00e9s Alendar, donde destrozaron el mobiliario, mientras que las instalaciones del DIF fueron saqueadas. David Otlica se refugi\u00f3 en la capital del estado, pero decidi\u00f3 regresar con la palabra del gobierno estatal que lo apoyar\u00eda.<\/p>\n\n\n\n<p class=\"wp-block-paragraph\">El edil siempre fue reiterativo que los partidarios del Consejo Ind\u00edgena de Nahuatzen, siempre estaban armados con cuernos de chivo y R-15, y supon\u00eda que los recursos que recib\u00eda, los destinaban a la compra de armamento, porque obra, no se ve\u00eda por ning\u00fan lado.<\/p>\n\n\n\n<p class=\"wp-block-paragraph\">Pues resulta que de las denuncias penales presentadas por el alcalde, fueron detenidos el mismo mes de noviembre, Antonio Arreola, Gerardo Talavera y un tercero, Jos\u00e9 Luis Jim\u00e9nez. Vino la violenta contraofensiva, y como son \u201cind\u00edgenas\u201d, pues los liberaron.<\/p>\n\n\n\n<p class=\"wp-block-paragraph\">Y aqu\u00ed el quid de c\u00f3mo los asuntos pol\u00edticos se resuelven por encima de la ley:<\/p>\n\n\n\n<p class=\"wp-block-paragraph\">El Consejo Ind\u00edgena de Nahuatzen nunca reconoci\u00f3 el triunfo de Otlica, porque la autoridad reconocida, seg\u00fan ellos, por las autoridades federales \u2013o sea, la Suprema Corte de Justicia- resolvi\u00f3 que \u201cgobernar\u00eda\u201d el Consejo y no David. En su l\u00f3gica justiciera, nunca fue electo porque en la cabecera municipal no hubo votaci\u00f3n en pasado 1 de julio, aunque los que si quisieron sufragar lo hicieron en otras comunidades.<\/p>\n\n\n\n<p class=\"wp-block-paragraph\">Total, los ministros decidieron una cosa, los \u00f3rganos electorales para lavarse las manos, dieron la raz\u00f3n a unos y reconocieron el triunfo de Otlica; los operadores del gobernador son un fiasco y el Congreso, haci\u00e9ndose ganso.<\/p>\n\n\n\n<p class=\"wp-block-paragraph\">El \u00fanico que pag\u00f3 con su vida, fue David y todos los que se han quedado en el camino de una guerra absurda, est\u00fapida, por el dinero legal e il\u00edcito, que se mueve a trav\u00e9s de las actividades delictivas en la Meseta Pur\u00e9pecha.<\/p>\n\n\n\n<p class=\"wp-block-paragraph\">Ese m\u00f3vil \u201cpersonal\u201d del presunto padrastro de la supuesta \u201cquerida\u201d del alcalde, insistimos, es muy conveniente medi\u00e1ticamente. El caso que aqu\u00ed, la justicia por propia mano \u2013hasta del propio Consejo Ind\u00edgena-, se puso por encima de la ley.<\/p>\n\n\n\n<p class=\"wp-block-paragraph\">Como lo recomend\u00f3 el Presidente de la Rep\u00fablica\u2026<\/p>\n","protected":false},"excerpt":{"rendered":"<p>A Otlica, lo ten\u00eda sentenciado el Consejo Ind\u00edgena Nahuatzen, donde la \u201cjusticia\u201d se impuso a la ley Martha Elba Torres SemM\u00e9xico. 25 de abril 2019.-&nbsp;\u201cSi hay que optar entre la ley y la justicia, no lo piensen mucho, qu\u00e9dense con la justicia\u201d, dijo la semana pasada el presidente L\u00f3pez Obrador. Y pareciera que en Nahuatzen, [&hellip;]<\/p>\n","protected":false},"author":3,"featured_media":7562,"comment_status":"open","ping_status":"open","sticky":false,"template":"","format":"standard","meta":{"_monsterinsights_skip_tracking":false,"footnotes":""},"categories":[690,99,90,35],"tags":[],"class_list":["post-7570","post","type-post","status-publish","format-standard","has-post-thumbnail","category-690","category-ambigu","category-martha-elba-torres-martinez","category-opinion"],"_links":{"self":[{"href":"https:\/\/redsemlac.com\/semmexico\/wp-json\/wp\/v2\/posts\/7570","targetHints":{"allow":["GET"]}}],"collection":[{"href":"https:\/\/redsemlac.com\/semmexico\/wp-json\/wp\/v2\/posts"}],"about":[{"href":"https:\/\/redsemlac.com\/semmexico\/wp-json\/wp\/v2\/types\/post"}],"author":[{"embeddable":true,"href":"https:\/\/redsemlac.com\/semmexico\/wp-json\/wp\/v2\/users\/3"}],"replies":[{"embeddable":true,"href":"https:\/\/redsemlac.com\/semmexico\/wp-json\/wp\/v2\/comments?post=7570"}],"version-history":[{"count":0,"href":"https:\/\/redsemlac.com\/semmexico\/wp-json\/wp\/v2\/posts\/7570\/revisions"}],"wp:featuredmedia":[{"embeddable":true,"href":"https:\/\/redsemlac.com\/semmexico\/wp-json\/wp\/v2\/media\/7562"}],"wp:attachment":[{"href":"https:\/\/redsemlac.com\/semmexico\/wp-json\/wp\/v2\/media?parent=7570"}],"wp:term":[{"taxonomy":"category","embeddable":true,"href":"https:\/\/redsemlac.com\/semmexico\/wp-json\/wp\/v2\/categories?post=7570"},{"taxonomy":"post_tag","embeddable":true,"href":"https:\/\/redsemlac.com\/semmexico\/wp-json\/wp\/v2\/tags?post=7570"}],"curies":[{"name":"wp","href":"https:\/\/api.w.org\/{rel}","templated":true}]}}