{"id":75630,"date":"2024-01-02T14:05:31","date_gmt":"2024-01-02T20:05:31","guid":{"rendered":"https:\/\/redsemlac.com\/semmexico\/?p=75630"},"modified":"2024-01-02T14:05:31","modified_gmt":"2024-01-02T20:05:31","slug":"la-monja-guerrillera","status":"publish","type":"post","link":"https:\/\/redsemlac.com\/semmexico\/la-monja-guerrillera\/","title":{"rendered":"La monja\u00a0guerrillera"},"content":{"rendered":"\n<ul class=\"wp-block-list\">\n<li><strong>Documentos militares donde aparece su perfil y labor que realizaba en Chiapas, versiones que desmienten su posible v\u00ednculo con la guerrilla<\/strong><\/li>\n\n\n\n<li><strong>La historia de Jeanine Archibaum (o Archibaud) Biazot es uno de los secretos mejor guardados detr\u00e1s del surgimiento del Ej\u00e9rcito Zapatista de Liberaci\u00f3n Nacional<\/strong><\/li>\n<\/ul>\n\n\n\n<p class=\"wp-block-paragraph\"><strong><em>Del Especial de El Sol de M\u00e9xico, Secretos Perdidos de una Guerra<\/em><\/strong><\/p>\n\n\n\n<p class=\"wp-block-paragraph\"><strong><em>Juan Veled\u00edaz \/ El Sol de Sinaloa<\/em><\/strong><\/p>\n\n\n\n<p class=\"wp-block-paragraph\"><strong>1 de Enero de 2024<\/strong><\/p>\n\n\n\n<p class=\"wp-block-paragraph\">Era una mujer menuda, no muy alta, de tez blanca. La recuerdan muy activa, iba de un lado a otro cuando sal\u00eda de la Di\u00f3cesis de San Crist\u00f3bal, pero d\u00edas antes del alzamiento guerrillero se le perdi\u00f3 la pista. Fue identificada como Jeanine Archibaum. Comenz\u00f3 a llamar la atenci\u00f3n de la inteligencia militar porque sol\u00eda viajar por la zona de los Altos de Chiapas en un viejo Volkswagen blanco. El 15 de diciembre de 1993 se despidi\u00f3 de Amilcar Pinto Kanter, un conocido ganadero de la regi\u00f3n, a quien le dijo que su misi\u00f3n hab\u00eda terminado. La \u201cguerra estaba pr\u00f3xima\u201d y saldr\u00eda del pa\u00eds. Jam\u00e1s se le volvi\u00f3 a ver.&nbsp;<\/p>\n\n\n\n<p class=\"wp-block-paragraph\"><em>Sor Jeanine<\/em>, como le dec\u00edan, radicaba en Altamirano, Chiapas, y le dieron seguimiento desde los sucesos de Corralch\u00e9n en mayo de 1993 hasta mediados de diciembre, cuando desapareci\u00f3 sin dejar rastro. La inteligencia militar document\u00f3 que a trav\u00e9s de ella llegaron fondos para armar al Ej\u00e9rcito Zapatista.<\/p>\n\n\n\n<p class=\"wp-block-paragraph\">Llamaba la atenci\u00f3n por su origen extranjero, entonces tendr\u00eda unos 45 a\u00f1os, as\u00ed la recordaban los agentes infiltrados del Ej\u00e9rcito. El grupo de informaci\u00f3n y an\u00e1lisis (GIA) recopil\u00f3 informaci\u00f3n sobre d\u00f3nde viv\u00eda, con qui\u00e9n se reun\u00eda y las actividades que realizaba, incluyendo fotograf\u00edas donde aparec\u00eda el&nbsp;<em>vocho<\/em>&nbsp;blanco que usaba para desplazarse a las comunidades donde visitaba a los responsables regionales del grupo armado, quienes estaban en la clandestinidad, y les entregaba recursos para la adquisici\u00f3n de armamento.<\/p>\n\n\n\n<blockquote class=\"wp-block-quote is-layout-flow wp-block-quote-is-layout-flow\">\n<p class=\"wp-block-paragraph\"><em>Sor Jeanine, como le dec\u00edan, radicaba en Altamirano, Chiapas y le dieron seguimiento desde los sucesos de Corralch\u00e9n en mayo de 1993 hasta mediados de diciembre, cuando desapareci\u00f3 sin dejar rastro.. La inteligencia militar document\u00f3 que a trav\u00e9s de ella llegaron fondos para armar al&nbsp;<\/em><a href=\"https:\/\/www.elsoldemexico.com.mx\/mexico\/sociedad\/ezln-25-anos-alzamiento-zapatista-subcomandante-marcos-el-sonido-de-su-mundo-derrumbandose-2859835.html\"><em>EZLN<\/em><\/a><em>.<\/em><\/p>\n<\/blockquote>\n\n\n\n<p class=\"wp-block-paragraph\">Su casa en Altamirano era amplia con varias rec\u00e1maras y estacionamiento que ella misma denominaba&nbsp;<em>La Janine<\/em>.&nbsp;Ten\u00eda reuniones constantes con el obispo Samuel Ru\u00edz , con el vicario Gonzalo Ituarte Verduzco, su principal contacto, y era cercana a Amilcar Pinto Kanter, considerado uno de los l\u00edderes en ese municipio de la guerrilla.<\/p>\n\n\n\n<p class=\"wp-block-paragraph\">La informaci\u00f3n sobre la monja y su entorno proven\u00eda de uno de los tres agentes confidenciales infiltrados que se entrenaban con el grupo armado.&nbsp;<\/p>\n\n\n\n<p class=\"wp-block-paragraph\">La huella de&nbsp;<em>Sor Jeanine<\/em>&nbsp;se pierde entre versiones. Alguna menciona que muri\u00f3 el 1 de enero de 1994 durante la toma de las Margaritas, junto al comandante Pedro.&nbsp;<\/p>\n\n\n\n<p class=\"wp-block-paragraph\">Un oficial de inteligencia militar que particip\u00f3 en aquellos a\u00f1os en las operaciones coment\u00f3 \u2014a condici\u00f3n de reservar su identidad\u2014 que hubo varias bajas de agentes infiltrados lo que evit\u00f3 saber m\u00e1s sobre aquella mujer. \u201cMi tercer agente confidencial que se entrenaba en los campamentos de Guadalupe Tepeyac y la Realidad Trinidad y que acompa\u00f1\u00f3 al EZLN el 1 de enero del 94, fue descubierto y asesinado en esa fecha y no pude corroborar ese dato (el destino de la monja), se le perdi\u00f3 la pista\u201d.<\/p>\n\n\n\n<p class=\"wp-block-paragraph\">En el caso de&nbsp;<em>Margarita<\/em>, como tambi\u00e9n se le identific\u00f3, la Defensa Nacional tuvo coordinaci\u00f3n con el Cisen (Centro de Inteligencia y Seguridad Nacional), y los mandos civiles cruzaban la informaci\u00f3n directamente con el general Riviello, explica este militar.<\/p>\n\n\n\n<p class=\"wp-block-paragraph\">Los agentes del Cisen siempre fueron \u201cmercaderes de la informaci\u00f3n\u201d, a\u00f1ade, nunca se pudo saber su destino por lo menos a este nivel. En aquel momento los agentes especiales ten\u00edan medios limitados y algo r\u00fasticos en algunos casos para recolectar informaci\u00f3n. \u201cPudo haber salido de manera clandestina del pa\u00eds. Ella fue clave en el movimiento porque a trav\u00e9s de ella el&nbsp;Ej\u00e9rcito Zapatista pudo obtener su armamento principalmente en Centroam\u00e9rica de las guerrillas pasadas\u201d.<\/p>\n\n\n\n<p class=\"wp-block-paragraph\">Sobre la posibilidad de haber ca\u00eddo en combate, dice que no lo ve factible. \u201cLa misi\u00f3n de ella fue armar a los rebeldes y no empe\u00f1arse en combate\u201d. Podr\u00edan existir fuentes de informaci\u00f3n en las Margaritas o indicios donde supuestamente la enterraron, seg\u00fan el rumor popular, junto al comandante&nbsp;<em>Pedro<\/em>. Pero no se hizo la investigaci\u00f3n y no se tiene la certeza de que eso haya sido as\u00ed, comenta.&nbsp;<\/p>\n\n\n\n<p class=\"wp-block-paragraph\">Tiempo despu\u00e9s en aclaraciones y an\u00e1lisis posteriores sobre la identidad de religiosos, laicos y personajes for\u00e1neos ubicados en los Altos de Chiapas, varias publicaciones ofrecieron espacio a distintas versiones. Quiz\u00e1 la m\u00e1s irrisoria fue que Sebasti\u00e1n Guill\u00e9n Vicente, un viejo profesor de la Universidad Aut\u00f3noma Metropolitana (UAM) inmortalizado como el subcomandante Marcos, era extranjero. El sacerdote jesuita Carlos Bravo, director de la revista&nbsp;<em>Christus,<\/em>&nbsp;public\u00f3 en un diario capitalino un recuento sobre las versiones que circularon en torno a la presunta responsabilidad de un \u201csacerdote\u201d y \u201cuna religiosa\u201d, ambos de origen alem\u00e1n, en la creaci\u00f3n y la direcci\u00f3n del grupo armado.<\/p>\n\n\n\n<p class=\"wp-block-paragraph\">Su escrito era para refutar versiones como las que public\u00f3 la revista&nbsp;<em>Impacto<\/em>, que asegur\u00f3 la presencia en el grupo armado de Carlos Lenden Voll, aparentemente identificado como organizador, quien ten\u00eda \u201cuna amante\u201d llamada Janina Archimbaum.<\/p>\n\n\n\n<p class=\"wp-block-paragraph\">M\u00e1s tarde la revista&nbsp;<em>\u00c9poca<\/em>, ya desaparecida, identific\u00f3 a Carlos Lenkersdorf como un sacerdote jesuita al que le atribuy\u00f3 ese papel. El diario&nbsp;<em>Reforma<\/em>&nbsp;tambi\u00e9n identific\u00f3 a Lenkensdorf y a Jeanine Archimbaud, como dos de los \u201cpersonajes claves\u201d en la insurrecci\u00f3n: uno ser\u00eda el instructor principal y la otra, responsable del reclutamiento femenino. En&nbsp;<em>El Heraldo,<\/em>&nbsp;en su antigua versi\u00f3n, se citaron informes militares en los que aparecer\u00edan \u201cel cl\u00e9rigo alem\u00e1n Karl Lenkensdorf Schmidt y la monja canadiense Janine Pauline Archinvand Biazot\u201d.&nbsp;<\/p>\n\n\n<div class=\"wp-block-image\">\n<figure class=\"alignleft size-full is-resized\"><a href=\"https:\/\/redsemlac.com\/semmexico\/wp-content\/uploads\/2024\/01\/Imagen2-1.png\"><img loading=\"lazy\" decoding=\"async\" width=\"220\" height=\"245\" src=\"https:\/\/redsemlac.com\/semmexico\/wp-content\/uploads\/2024\/01\/Imagen2-1.png\" alt=\"\" class=\"wp-image-75631\" style=\"width:291px;height:auto\"\/><\/a><\/figure>\n<\/div>\n\n\n<p class=\"wp-block-paragraph\">Ante la mara\u00f1a de versiones el sacerdote Bravo escribi\u00f3: \u201cKarl Lenkensdorf, alem\u00e1n, no es sacerdote. Est\u00e1 casado desde hace 52 a\u00f1os con Godrun Lohmeyer y tiene 67 a\u00f1os. Fue luterano hasta hace 27 a\u00f1os y es cat\u00f3lico desde hace unos 12 a\u00f1os; ha colaborado con la di\u00f3cesis desde 1973. Desde 1983 vive en el Distrito Federal por causa de la enfermedad de su mujer y trabaja en la traducci\u00f3n de la Biblia al tojolabal\u201d.<\/p>\n\n\n\n<p class=\"wp-block-paragraph\">Sobre&nbsp;<em>Sor Janine<\/em>: \u201cArchimbaud, francesa, tiene m\u00e1s de 65 a\u00f1os. No es religiosa, como se le atribuye. Vino hace unos dos a\u00f1os a trabajar a Chiapas, donde pensaba morir. Viv\u00eda muy modestamente, con su pensi\u00f3n y su trabajo era conseguir fondos para conseguir medicinas e implementos m\u00e9dicos para el hospital de San Carlos, en Altamirano. Desde mayo de 1993 regres\u00f3 a Canad\u00e1. Quien es acusada de reclutar mujeres para la guerrilla sufre una enfermedad \u00f3sea, artritis anquilosante y sufre de fuertes dolores en la columna. Viv\u00eda muy sencillamente con su pensi\u00f3n\u201d.<\/p>\n","protected":false},"excerpt":{"rendered":"<p>Documentos militares donde aparece su perfil y labor que realizaba en Chiapas, versiones que desmienten su posible v\u00ednculo con la guerrilla<\/p>\n","protected":false},"author":3,"featured_media":75632,"comment_status":"open","ping_status":"open","sticky":false,"template":"","format":"standard","meta":{"_monsterinsights_skip_tracking":false,"footnotes":""},"categories":[748],"tags":[],"class_list":["post-75630","post","type-post","status-publish","format-standard","has-post-thumbnail","category-cultura-feminista"],"_links":{"self":[{"href":"https:\/\/redsemlac.com\/semmexico\/wp-json\/wp\/v2\/posts\/75630","targetHints":{"allow":["GET"]}}],"collection":[{"href":"https:\/\/redsemlac.com\/semmexico\/wp-json\/wp\/v2\/posts"}],"about":[{"href":"https:\/\/redsemlac.com\/semmexico\/wp-json\/wp\/v2\/types\/post"}],"author":[{"embeddable":true,"href":"https:\/\/redsemlac.com\/semmexico\/wp-json\/wp\/v2\/users\/3"}],"replies":[{"embeddable":true,"href":"https:\/\/redsemlac.com\/semmexico\/wp-json\/wp\/v2\/comments?post=75630"}],"version-history":[{"count":0,"href":"https:\/\/redsemlac.com\/semmexico\/wp-json\/wp\/v2\/posts\/75630\/revisions"}],"wp:featuredmedia":[{"embeddable":true,"href":"https:\/\/redsemlac.com\/semmexico\/wp-json\/wp\/v2\/media\/75632"}],"wp:attachment":[{"href":"https:\/\/redsemlac.com\/semmexico\/wp-json\/wp\/v2\/media?parent=75630"}],"wp:term":[{"taxonomy":"category","embeddable":true,"href":"https:\/\/redsemlac.com\/semmexico\/wp-json\/wp\/v2\/categories?post=75630"},{"taxonomy":"post_tag","embeddable":true,"href":"https:\/\/redsemlac.com\/semmexico\/wp-json\/wp\/v2\/tags?post=75630"}],"curies":[{"name":"wp","href":"https:\/\/api.w.org\/{rel}","templated":true}]}}