{"id":75570,"date":"2023-12-30T13:58:27","date_gmt":"2023-12-30T19:58:27","guid":{"rendered":"https:\/\/redsemlac.com\/semmexico\/?p=75570"},"modified":"2023-12-30T13:58:27","modified_gmt":"2023-12-30T19:58:27","slug":"garantia-a-la-politica-nacional-para-lograr-la-paridad-en-cargos-publicos-o-de-eleccion-popular","status":"publish","type":"post","link":"https:\/\/redsemlac.com\/semmexico\/garantia-a-la-politica-nacional-para-lograr-la-paridad-en-cargos-publicos-o-de-eleccion-popular\/","title":{"rendered":"Garant\u00eda a la pol\u00edtica nacional para lograr la paridad en cargos p\u00fablicos o de elecci\u00f3n popular."},"content":{"rendered":"\n<p class=\"wp-block-paragraph\">DOF publica decreto que reforma el art\u00edculo tercero de la Ley General para la Igualdad entre Mujeres y Hombres<\/p>\n\n\n\n<p class=\"wp-block-paragraph\">La reforma entr\u00f3 en vigor este s\u00e1bado 30 de diciembre<\/p>\n\n\n\n<p class=\"wp-block-paragraph\">Redacci\u00f3n<\/p>\n\n\n\n<p class=\"wp-block-paragraph\">SemM\u00e9xico, Ciudad de M\u00e9xico, 30 de diciembre, 2023.-El Diario Oficial de la Federaci\u00f3n (DOF) public\u00f3 este viernes, en su edici\u00f3n matutina, un decreto por el que se reforma el art\u00edculo tercero de la Ley General para la Igualdad entre Mujeres y Hombres.<\/p>\n\n\n\n<p class=\"wp-block-paragraph\">El documento tiene como objetivo armonizar el concepto de representaci\u00f3n equilibrada, a fin de que la pol\u00edtica nacional oriente parte de sus metas y acciones a lograr la paridad en cargos p\u00fablicos o de elecci\u00f3n popular.<\/p>\n\n\n\n<p class=\"wp-block-paragraph\">La reforma fue avalada en el Senado de la Rep\u00fablica el 14 de noviembre de este a\u00f1o, y en la C\u00e1mara de Diputados el 28 del mismo mes.<\/p>\n\n\n\n<p class=\"wp-block-paragraph\">El precepto, ya con modificaciones, queda de la siguiente manera:<\/p>\n\n\n\n<p class=\"wp-block-paragraph\">Art\u00edculo 3.- Son sujetos de los derechos que establece esta Ley, las mujeres y los hombres que se encuentren en territorio nacional, que por raz\u00f3n de su sexo, independientemente de su edad, g\u00e9nero, color de la piel, embarazo, estado civil, profesi\u00f3n, cultura, origen \u00e9tnico o nacional, lengua o idioma, situaci\u00f3n migratoria, orientaci\u00f3n sexual, condici\u00f3n social o econ\u00f3mica, situaci\u00f3n familiar, responsabilidad familiar, salud, religi\u00f3n, opini\u00f3n o discapacidad, se encuentren con alg\u00fan tipo de desventaja ante la violaci\u00f3n del principio de igualdad que esta Ley tutela.<\/p>\n\n\n\n<p class=\"wp-block-paragraph\">La trasgresi\u00f3n a los principios y programas que la misma prev\u00e9 ser\u00e1 sancionada de acuerdo a lo dispuesto por la Ley General de Responsabilidades Administrativas, por la Ley Federal de Responsabilidades de los Servidores P\u00fablicos, la Ley Federal para Prevenir y Eliminar la Discriminaci\u00f3n y dem\u00e1s aplicables en el \u00e1mbito federal, en su caso, por las Leyes aplicables de las Entidades Federativas, que regulen esta materia.<\/p>\n\n\n\n<p class=\"wp-block-paragraph\">En su \u00fanico art\u00edculo transitorio se se\u00f1ala que el decreto entrar\u00e1 en vigor ma\u00f1ana s\u00e1bado 30 de diciembre.<\/p>\n\n\n\n<p class=\"wp-block-paragraph\"><\/p>\n","protected":false},"excerpt":{"rendered":"<p>DOF publica decreto que reforma el art\u00edculo tercero de la Ley General para la Igualdad entre Mujeres y Hombres<\/p>\n","protected":false},"author":3,"featured_media":75571,"comment_status":"open","ping_status":"open","sticky":false,"template":"","format":"standard","meta":{"_monsterinsights_skip_tracking":false,"footnotes":""},"categories":[682],"tags":[],"class_list":["post-75570","post","type-post","status-publish","format-standard","has-post-thumbnail","category-noticias"],"_links":{"self":[{"href":"https:\/\/redsemlac.com\/semmexico\/wp-json\/wp\/v2\/posts\/75570","targetHints":{"allow":["GET"]}}],"collection":[{"href":"https:\/\/redsemlac.com\/semmexico\/wp-json\/wp\/v2\/posts"}],"about":[{"href":"https:\/\/redsemlac.com\/semmexico\/wp-json\/wp\/v2\/types\/post"}],"author":[{"embeddable":true,"href":"https:\/\/redsemlac.com\/semmexico\/wp-json\/wp\/v2\/users\/3"}],"replies":[{"embeddable":true,"href":"https:\/\/redsemlac.com\/semmexico\/wp-json\/wp\/v2\/comments?post=75570"}],"version-history":[{"count":0,"href":"https:\/\/redsemlac.com\/semmexico\/wp-json\/wp\/v2\/posts\/75570\/revisions"}],"wp:featuredmedia":[{"embeddable":true,"href":"https:\/\/redsemlac.com\/semmexico\/wp-json\/wp\/v2\/media\/75571"}],"wp:attachment":[{"href":"https:\/\/redsemlac.com\/semmexico\/wp-json\/wp\/v2\/media?parent=75570"}],"wp:term":[{"taxonomy":"category","embeddable":true,"href":"https:\/\/redsemlac.com\/semmexico\/wp-json\/wp\/v2\/categories?post=75570"},{"taxonomy":"post_tag","embeddable":true,"href":"https:\/\/redsemlac.com\/semmexico\/wp-json\/wp\/v2\/tags?post=75570"}],"curies":[{"name":"wp","href":"https:\/\/api.w.org\/{rel}","templated":true}]}}