{"id":75566,"date":"2023-12-30T09:11:57","date_gmt":"2023-12-30T15:11:57","guid":{"rendered":"https:\/\/redsemlac.com\/semmexico\/?p=75566"},"modified":"2023-12-30T09:12:56","modified_gmt":"2023-12-30T15:12:56","slug":"millonaria-demanda-nyt-a-creadores-de-ia-por-derechos-de-autor","status":"publish","type":"post","link":"https:\/\/redsemlac.com\/semmexico\/millonaria-demanda-nyt-a-creadores-de-ia-por-derechos-de-autor\/","title":{"rendered":"Millonaria demanda NYT a creadores de IA por derechos de autor"},"content":{"rendered":"\n<p class=\"wp-block-paragraph\">Edgar Gonz\u00e1lez Mart\u00ednez &nbsp;<\/p>\n\n\n\n<p class=\"wp-block-paragraph\">SemM\u00e9xico,&nbsp; Ciudad de M\u00e9xico,&nbsp; 30 de diciembre, 2023.- La demanda de The New York Times contra OpenAI y Microsoft, acus\u00e1ndolos de violaci\u00f3n de derechos de autor debido al uso de millones de art\u00edculos del peri\u00f3dico para entrenar modelos de inteligencia artificial, est\u00e1 causando gran revuelo mundial. La denuncia sostiene que tanto OpenAI como Microsoft han replicado extensivamente el contenido del Times para alimentar sus modelos de lenguaje, entre ellos, ChatGPT y Copilot, logrando resultados que imitan minuciosamente el estilo expresivo y el contenido espec\u00edfico del peri\u00f3dico.<\/p>\n\n\n\n<p class=\"wp-block-paragraph\">En realidad, existen dos vertientes en esta demanda: la del derecho de autor y la estrictamente comercial. Hoy, todo escrito, idea, argumento literario fotogr\u00e1fico, vestuario y cualquiera de sus sin\u00f3nimos, est\u00e1 protegido por la ley de autor. Y por supuesto que cualquier violaci\u00f3n a sus derechos de autor adem\u00e1s de estar protegidos por la ley, tambi\u00e9n socava sus ingresos que est\u00e1n sustentados en suscripciones, licencias, publicidad y, en general, de ingresos hoy por hoy tan escasos como peleados por las empresas que producen contenidos.<\/p>\n\n\n\n<p class=\"wp-block-paragraph\">Y es que, en este caso, no solo se violan los derechos de contenido, sino hasta el modo de presentar las noticias. No hace mucho, fuimos testigo de la primera presentadora de noticias totalmente rob\u00f3tica; se trataba de un maniqu\u00ed de pl\u00e1stico que le\u00eda noticias sin descansar, hora tras hora, d\u00eda tras d\u00eda, sin siquiera aceitar sus partes o recibir una palmadita en su dura cabeza. Esta mujer robot hablaba como habla una famosa presentadora de noticias; se re\u00eda o sonre\u00eda como otra famosa presentadora de noticias; cerraba un ojo como otra famosa presentadora de noticias, y as\u00ed, poco a poco se fueron identificando docenas de presentadoras de noticias. \u00bfEsto, es una violaci\u00f3n al derecho de autor? Bueno, el primer argumento para ganar un juicio es que la autor\u00eda debe registrarse ante la ley respectiva, de lo contrario cae en el llamado \u201cdominio p\u00fablico\u201d.<\/p>\n\n\n\n<p class=\"wp-block-paragraph\">La demanda, ventilada por Expok, anuncia que podr\u00eda ser la demanda no del siglo sino de toda la humanidad, enmarcada no solo en una multimillonaria danza de miles de millones de d\u00f3lares, sino de ser el parteaguas entre la vida ordinaria y la inteligencia artificial, esto es, limitar o expandir el futuro de la humanidad.<\/p>\n\n\n\n<p class=\"wp-block-paragraph\">En noviembre la creaci\u00f3n de empleos formales inscritos ante el IMSS fue de 911 mil.<\/p>\n\n\n\n<p class=\"wp-block-paragraph\">En noviembre de 2023, y acorde a cifras oficiales, la poblaci\u00f3n econ\u00f3micamente activa (PEA) en M\u00e9xico fue de 59.8 millones de personas de 15 a\u00f1os y m\u00e1s, de las cuales se emplearon 58.2 millones (31.8 millones en la informalidad) y se mantuvieron desocupadas, o que no laboraron cuando menos una hora, 1.6 millones. Respecto a noviembre de 2022 el n\u00famero de personas empleadas creci\u00f3 en 911 mil. Por su parte, las personas subocupadas, es decir aquellas que declararon tener necesidad y disponibilidad para trabajar m\u00e1s horas, fueron 4.8 millones o un 8.2% del total de personas empleadas. Adicionalmente, la tasa de desempleo, medida como la poblaci\u00f3n desocupada entre la PEA, fue de 2.8%, 0.2 puntos porcentuales por debajo de la observada en noviembre de 2022, seg\u00fan cifras ajustadas por estacionalidad. Derivado del hurac\u00e1n Otis se posterg\u00f3 la captaci\u00f3n de informaci\u00f3n a trav\u00e9s de encuestas en hogares, como es el caso de la Encuesta Nacional de Ocupaci\u00f3n y Empleo (ENOE), para el estado de Guerrero. Los datos a noviembre de 2023 no incluyen dicho estado y el comparativo de noviembre de 2022 tampoco los considera para hacer las cifras comparables.<\/p>\n\n\n\n<p class=\"wp-block-paragraph\">loscapitales@yahoo.com.mx<br>www.agendadeinversiones.com.mx<br>Twiter: @Edgar4712<\/p>\n","protected":false},"excerpt":{"rendered":"<p>La demanda de The New York Times contra OpenAI y Microsoft, acus\u00e1ndolos de violaci\u00f3n de derechos de autor debido al uso de millones de art\u00edculos del peri\u00f3dico para entrenar modelos de inteligencia artificial, est\u00e1 causando gran revuelo mundial.<\/p>\n","protected":false},"author":3,"featured_media":75567,"comment_status":"open","ping_status":"open","sticky":false,"template":"","format":"standard","meta":{"_monsterinsights_skip_tracking":false,"footnotes":""},"categories":[82,35],"tags":[],"class_list":["post-75566","post","type-post","status-publish","format-standard","has-post-thumbnail","category-la-opinion","category-opinion"],"_links":{"self":[{"href":"https:\/\/redsemlac.com\/semmexico\/wp-json\/wp\/v2\/posts\/75566","targetHints":{"allow":["GET"]}}],"collection":[{"href":"https:\/\/redsemlac.com\/semmexico\/wp-json\/wp\/v2\/posts"}],"about":[{"href":"https:\/\/redsemlac.com\/semmexico\/wp-json\/wp\/v2\/types\/post"}],"author":[{"embeddable":true,"href":"https:\/\/redsemlac.com\/semmexico\/wp-json\/wp\/v2\/users\/3"}],"replies":[{"embeddable":true,"href":"https:\/\/redsemlac.com\/semmexico\/wp-json\/wp\/v2\/comments?post=75566"}],"version-history":[{"count":0,"href":"https:\/\/redsemlac.com\/semmexico\/wp-json\/wp\/v2\/posts\/75566\/revisions"}],"wp:featuredmedia":[{"embeddable":true,"href":"https:\/\/redsemlac.com\/semmexico\/wp-json\/wp\/v2\/media\/75567"}],"wp:attachment":[{"href":"https:\/\/redsemlac.com\/semmexico\/wp-json\/wp\/v2\/media?parent=75566"}],"wp:term":[{"taxonomy":"category","embeddable":true,"href":"https:\/\/redsemlac.com\/semmexico\/wp-json\/wp\/v2\/categories?post=75566"},{"taxonomy":"post_tag","embeddable":true,"href":"https:\/\/redsemlac.com\/semmexico\/wp-json\/wp\/v2\/tags?post=75566"}],"curies":[{"name":"wp","href":"https:\/\/api.w.org\/{rel}","templated":true}]}}