{"id":75521,"date":"2023-12-29T15:02:45","date_gmt":"2023-12-29T21:02:45","guid":{"rendered":"https:\/\/redsemlac.com\/semmexico\/?p=75521"},"modified":"2023-12-30T01:28:57","modified_gmt":"2023-12-30T07:28:57","slug":"reconoce-oaxaca-ataques-con-acido-como-violencia-fisica-contra-mujeres","status":"publish","type":"post","link":"https:\/\/redsemlac.com\/semmexico\/reconoce-oaxaca-ataques-con-acido-como-violencia-fisica-contra-mujeres\/","title":{"rendered":"Reconoce Oaxaca ataques con \u00e1cido como violencia f\u00edsica contra mujeres"},"content":{"rendered":"\n<p class=\"wp-block-paragraph\"><a href=\"https:\/\/www.binoticias.com\/mexico\"><\/a><a href=\"https:\/\/www.binoticias.com\/mexico\">La reforma aborda consecuencias de los ataques, como ceguera, cicatrices permanentes y repercusiones sociales.<\/a><\/p>\n\n\n\n<p class=\"wp-block-paragraph\">En 2022 se registraron m\u00e1s de 100 casos, seg\u00fan la Fundaci\u00f3n Carmen S\u00e1nchez<\/p>\n\n\n\n<p class=\"wp-block-paragraph\">Sara Lovera *<\/p>\n\n\n\n<p class=\"wp-block-paragraph\">SemM\u00e9xico, Oaxaca de Ju\u00e1rez, 29 de diciembre, 2023.- El&nbsp;Congreso de Oaxaca&nbsp;aprob\u00f3 este 27 de diciembre &nbsp;una reforma que&nbsp;reconoce los ataques con \u00e1cido como forma de violencia f\u00edsica contra las mujeres.<\/p>\n\n\n\n<p class=\"wp-block-paragraph\">Se modific\u00f3 la fracci\u00f3n II del &nbsp;art\u00edculo 7 de la Ley Estatal de Acceso de las Mujeres a una Vida Libre de Violencia de G\u00e9nero&nbsp; y fue respaldada con 31 votos a favor.<\/p>\n\n\n\n<p class=\"wp-block-paragraph\">\u201cQued\u00f3 establecido en el marco jur\u00eddico que la violencia f\u00edsica contra las mujeres es cualquier acto que inflige da\u00f1o no accidental, usando la fuerza f\u00edsica o alg\u00fan tipo de arma, objeto, sustancia \u00e1cida (\u2026) o cualquier otro agente qu\u00edmico que pueda provocar lesiones\u201d, estableci\u00f3 el pleno de la LXV Legislatura del Congreso.<\/p>\n\n\n\n<p class=\"wp-block-paragraph\">El Congreso detall\u00f3 que los tipos de \u00e1cidos m\u00e1s usados para dicha pr\u00e1ctica son el sulf\u00farico, el n\u00edtrico y el hidrocl\u00f3rico. Adem\u00e1s, se\u00f1al\u00f3 que traen consigo consecuencias graves para las v\u00edctimas como la ceguera, cicatrices permanentes en el cuerpo y problemas sociales, psicol\u00f3gicos y econ\u00f3micos.<\/p>\n\n\n\n<p class=\"wp-block-paragraph\">En un comunicado, el \u00f3rgano explic\u00f3 que los ataques con \u00e1cido ocurren mayormente cuando las mujeres tienen entre 20 y 30 a\u00f1os y en la mayor\u00eda de los casos los agresores son sus parejas o exparejas.<\/p>\n\n\n\n<p class=\"wp-block-paragraph\">El Congreso defini\u00f3 el ataque como el lanzamiento intencional de \u00e1cido o sustancias corrosivas con el prop\u00f3sito de&nbsp;desfigurar, mutilar, torturar o asesinar a una mujer.<\/p>\n\n\n\n<p class=\"wp-block-paragraph\">\u201cDebido a este tipo de agresi\u00f3n contra las mujeres, el Congreso de Oaxaca reform\u00f3 la ley a fin de que este tipo de violencia no quede impune\u201c, indic\u00f3.<\/p>\n\n\n\n<p class=\"wp-block-paragraph\">Los \u00e1cidos m\u00e1s com\u00fanmente utilizados en estas agresiones son el sulf\u00farico, n\u00edtrico y clorh\u00eddrico, conocidos por provocar lesiones severas.<\/p>\n\n\n\n<p class=\"wp-block-paragraph\">Las v\u00edctimas de dichos cr\u00edmenes&nbsp;enfrentan un camino complicado hacia la recuperaci\u00f3n, no solo f\u00edsico sino tambi\u00e9n en t\u00e9rminos econ\u00f3micos, psicol\u00f3gicos y sociales, ya que estas agresiones tienden a ser perpetradas por conocidos o parejas sentimentales.<\/p>\n\n\n\n<figure class=\"wp-block-image size-full\"><a href=\"https:\/\/redsemlac.com\/semmexico\/wp-content\/uploads\/2023\/12\/oaxaca-acido-02.jpg\"><img loading=\"lazy\" decoding=\"async\" width=\"300\" height=\"168\" src=\"https:\/\/redsemlac.com\/semmexico\/wp-content\/uploads\/2023\/12\/oaxaca-acido-02.jpg\" alt=\"\" class=\"wp-image-75524\"\/><\/a><\/figure>\n\n\n\n<p class=\"wp-block-paragraph\">Mural en donde se protesta por los ataques con \u00e1cido hacia mujeres. Foto: cortes\u00eda Fundaci\u00f3n Carmen S\u00e1nchez MX<\/p>\n\n\n\n<p class=\"wp-block-paragraph\">La legislatura de Oaxaca demuestra con esta decisi\u00f3n su compromiso con la protecci\u00f3n de las mujeres y su bienestar, estableciendo un marco jur\u00eddico que no solo define y reconoce la gravedad de los ataques con sustancias corrosivas, sino que tambi\u00e9n sienta las bases para una mayor&nbsp;protecci\u00f3n legal y medidas de prevenci\u00f3n m\u00e1s efectivas&nbsp;contra este tipo de violencia.<\/p>\n\n\n\n<p class=\"wp-block-paragraph\">En 2020, Oaxaca marc\u00f3 un precedente al ser el&nbsp;pionero entre las entidades federativas de M\u00e9xico en tipificar un delito espec\u00edfico para combatir la violencia \u00e1cida, conocido como Alteraciones a la Salud por Raz\u00f3n de G\u00e9nero. Para este delito, en Oaxaca la ley establece sanciones que van desde los 20 hasta los 40 a\u00f1os de c\u00e1rcel para los responsables de tales actos.<\/p>\n\n\n\n<p class=\"wp-block-paragraph\">Hasta ahora solamente en &nbsp;Oaxaca se &nbsp;sanciona la violencia \u00e1cida como delito aut\u00f3nomo. Mientras que seis entidades m\u00e1s la incluyen en su C\u00f3digo Penal como agravante del delito de lesiones, estas son: CDMX, Baja California Sur, San Luis Potos\u00ed, Aguascalientes, Hidalgo y el Estado de M\u00e9xico.<\/p>\n\n\n\n<p class=\"wp-block-paragraph\">En Oaxaca, desde hace 3 a\u00f1os fue &nbsp;la primera entidad en sancionar la violencia \u00e1cida por medio del delito Alteraciones a la Salud por Raz\u00f3n de G\u00e9nero, el cual comprende da\u00f1os por medio del uso de un agente f\u00edsico, qu\u00edmico o sustancia corrosiva.<\/p>\n\n\n\n<p class=\"wp-block-paragraph\">En el art\u00edculo 412-A del C\u00f3digo Penal de Oaxaca, se considera que existen razones de g\u00e9nero, cuando se presente indistintamente alguna de las siguientes circunstancias:<\/p>\n\n\n\n<p class=\"wp-block-paragraph\">Que la alteraci\u00f3n o da\u00f1o haya sido cometida por desprecio u odio a la v\u00edctima motivado por discriminaci\u00f3n o misoginia.<\/p>\n\n\n\n<p class=\"wp-block-paragraph\">Que existan indicios o datos de violencia de cualquier tipo y \u00e1mbito en contra de la v\u00edctima por parte del sujeto activo, anterior o posterior a la conducta.<\/p>\n\n\n\n<p class=\"wp-block-paragraph\">Que existan datos de acoso u hostigamiento sexual en contra de la v\u00edctima por parte del sujeto activo, anterior o posterior a la conducta.<\/p>\n\n\n\n<p class=\"wp-block-paragraph\">Que la v\u00edctima haya sido incomunicada o privada de su libertad.<\/p>\n\n\n\n<p class=\"wp-block-paragraph\">Adem\u00e1s, se se\u00f1ala que se impondr\u00e1 de 20 a treinta&nbsp; a\u00f1os de prisi\u00f3n y multa de quinientas a mil veces el valor diario de la unidad de medida y actualizaci\u00f3n, si entre el activo y la v\u00edctima exista o haya existido una relaci\u00f3n de parentesco por consanguinidad, afinidad, civil, matrimonio, concubinato, noviazgo, relaciones de convivencia o una relaci\u00f3n similar, laboral o docente.<\/p>\n\n\n\n<p class=\"wp-block-paragraph\">Te puede interesar: <\/p>\n\n\n\n<figure class=\"wp-block-embed is-type-wp-embed is-provider-semm-xico wp-block-embed-semm-xico\"><div class=\"wp-block-embed__wrapper\">\n<blockquote class=\"wp-embedded-content\" data-secret=\"z0DoZhs048\"><a href=\"https:\/\/redsemlac.com\/semmexico\/violencia-acida-debe-ser-tipificada-como-tentativa-de-feminicidio-pide-maria-elena-rios\/\">Violencia \u00e1cida debe ser tipificada como tentativa de feminicidio, pide Mar\u00eda Elena R\u00edos<\/a><\/blockquote><iframe loading=\"lazy\" class=\"wp-embedded-content\" sandbox=\"allow-scripts\" security=\"restricted\" style=\"position: absolute; visibility: hidden;\" title=\"\u00abViolencia \u00e1cida debe ser tipificada como tentativa de feminicidio, pide Mar\u00eda Elena R\u00edos\u00bb \u2014 SemM\u00e9xico\" src=\"https:\/\/redsemlac.com\/semmexico\/violencia-acida-debe-ser-tipificada-como-tentativa-de-feminicidio-pide-maria-elena-rios\/embed\/#?secret=miLf2R4INB#?secret=z0DoZhs048\" data-secret=\"z0DoZhs048\" width=\"600\" height=\"338\" frameborder=\"0\" marginwidth=\"0\" marginheight=\"0\" scrolling=\"no\"><\/iframe>\n<\/div><\/figure>\n\n\n\n<p class=\"wp-block-paragraph\">La pena prevista podr\u00e1 incrementarse en dos tercios de la m\u00ednima a dos tercios de la m\u00e1xima cuando:<\/p>\n\n\n\n<p class=\"wp-block-paragraph\">La conducta del sujeto activo cause destrucci\u00f3n de cualquier funci\u00f3n org\u00e1nica de la v\u00edctima.<\/p>\n\n\n\n<p class=\"wp-block-paragraph\">Cuando la conducta del sujeto activo cause deformidad o da\u00f1o permanente, p\u00e9rdida parcial o total de la funci\u00f3n anat\u00f3mica de la v\u00edctima.<\/p>\n\n\n\n<p class=\"wp-block-paragraph\">Cuando la conducta el sujeto activo cause deformidad incorregible en el rostro de la v\u00edctima.<\/p>\n\n\n\n<p class=\"wp-block-paragraph\">Es as\u00ed como la entidad tipific\u00f3 el delito luego de la agresi\u00f3n perpetrada en 2019 en contra de Mar\u00eda Elena R\u00edos Ortiz, saxofonista de entonces 26 a\u00f1os de edad.<\/p>\n\n\n\n<p class=\"wp-block-paragraph\">Sin embargo, los C\u00f3digos Penales del resto de las entidades no est\u00e1n adecuados para clasificar y sancionar este tipo de violencia en espec\u00edfico, la cual, de acuerdo con la Fundaci\u00f3n Carmen S\u00e1nchez, ha dejado muchas &nbsp;v\u00edctimas.&nbsp;<\/p>\n\n\n\n<p class=\"wp-block-paragraph\">Te puede interesar: <\/p>\n\n\n\n<figure class=\"wp-block-embed is-type-wp-embed is-provider-semm-xico wp-block-embed-semm-xico\"><div class=\"wp-block-embed__wrapper\">\n<blockquote class=\"wp-embedded-content\" data-secret=\"hPeNvqbSw0\"><a href=\"https:\/\/redsemlac.com\/semmexico\/ley-malena-tipificara-la-violencia-acida-marcela-fuente-y-activistas\/\">Ley Malena tipificar\u00e1 la violencia \u00e1cida, Marcela Fuente y activistas<\/a><\/blockquote><iframe loading=\"lazy\" class=\"wp-embedded-content\" sandbox=\"allow-scripts\" security=\"restricted\" style=\"position: absolute; visibility: hidden;\" title=\"\u00abLey Malena tipificar\u00e1 la violencia \u00e1cida, Marcela Fuente y activistas\u00bb \u2014 SemM\u00e9xico\" src=\"https:\/\/redsemlac.com\/semmexico\/ley-malena-tipificara-la-violencia-acida-marcela-fuente-y-activistas\/embed\/#?secret=e27Fr09KKg#?secret=hPeNvqbSw0\" data-secret=\"hPeNvqbSw0\" width=\"600\" height=\"338\" frameborder=\"0\" marginwidth=\"0\" marginheight=\"0\" scrolling=\"no\"><\/iframe>\n<\/div><\/figure>\n\n\n\n<p class=\"wp-block-paragraph\">Esta nueva &nbsp;reforma sigue a un registro de&nbsp;20 casos reportados&nbsp;de ataques con \u00e1cido a mujeres en M\u00e9xico hasta diciembre de 2020, siendo 2018 el a\u00f1o con el mayor n\u00famero de agresiones, al registrarse siete y en 2019 ocurrieron tres actos de este tipo de violencia. En 2018,&nbsp; se registraron siete ataques.&nbsp;<\/p>\n\n\n\n<p class=\"wp-block-paragraph\">La Fundaci\u00f3n Carmen S\u00e1nchez, que comenz\u00f3 en 2021 a exponer el problema de los ataques con \u00e1cido en M\u00e9xico, dice que los datos de salud del gobierno de 2022 sugieren que&nbsp;m\u00e1s de 100 mujeres fueron atacadas con productos qu\u00edmicos o alg\u00fan tipo de agente corrosivo.<\/p>\n\n\n\n<figure class=\"wp-block-image size-full\"><a href=\"https:\/\/redsemlac.com\/semmexico\/wp-content\/uploads\/2023\/12\/oaxaca-acido-03.jpg\"><img loading=\"lazy\" decoding=\"async\" width=\"768\" height=\"479\" src=\"https:\/\/redsemlac.com\/semmexico\/wp-content\/uploads\/2023\/12\/oaxaca-acido-03.jpg\" alt=\"\" class=\"wp-image-75523\"\/><\/a><\/figure>\n\n\n\n<p class=\"wp-block-paragraph\">La Fundaci\u00f3n Carmen S\u00e1nchez, que comenz\u00f3 en 2021 a exponer el problema de los ataques con \u00e1cido en M\u00e9xico, dice que los datos de salud del gobierno de 2022 sugieren que m\u00e1s de 100 mujeres fueron atacadas. (Foto AP\/Ginnette Riquelme)<\/p>\n\n\n\n<p class=\"wp-block-paragraph\">La&nbsp;Ciudad de M\u00e9xico y Puebla&nbsp;son las entidades con m\u00e1s incidentes reportados, sumando cinco casos cada uno; a estos les siguen el Estado de M\u00e9xico con tres; Aguascalientes, dos; e Hidalgo, Quintana Roo, Oaxaca, Guanajuato, Quer\u00e9taro y Yucat\u00e1n, un caso en cada uno.<\/p>\n\n\n\n<p class=\"wp-block-paragraph\">Te puede interesar <a href=\"https:\/\/redsemlac.com\/semmexico\/presentan-en-el-congreso-de-guerrero-iniciativa-de-ley-malena-contra-la-violencia-acida\/\">https:\/\/redsemlac.com\/semmexico\/presentan-en-el-congreso-de-guerrero-iniciativa-de-ley-malena-contra-la-violencia-acida\/<\/a><\/p>\n\n\n\n<figure class=\"wp-block-image size-full\"><a href=\"https:\/\/redsemlac.com\/semmexico\/wp-content\/uploads\/2023\/12\/oaxaca-acido-04.jpg\"><img loading=\"lazy\" decoding=\"async\" width=\"1024\" height=\"768\" src=\"https:\/\/redsemlac.com\/semmexico\/wp-content\/uploads\/2023\/12\/oaxaca-acido-04.jpg\" alt=\"\" class=\"wp-image-75522\"\/><\/a><\/figure>\n\n\n\n<p class=\"wp-block-paragraph\">*Con informaci\u00f3n del Congreso de Oaxaca y SemM\u00e9xico<\/p>\n","protected":false},"excerpt":{"rendered":"<p>El\u00a0Congreso de Oaxaca\u00a0aprob\u00f3 este 27 de diciembre \u00a0una reforma que\u00a0reconoce los ataques con \u00e1cido como forma de violencia f\u00edsica contra las mujeres.<\/p>\n","protected":false},"author":3,"featured_media":75525,"comment_status":"open","ping_status":"open","sticky":false,"template":"","format":"standard","meta":{"_monsterinsights_skip_tracking":false,"footnotes":""},"categories":[694,48],"tags":[],"class_list":["post-75521","post","type-post","status-publish","format-standard","has-post-thumbnail","category-destacadas","category-no-mas-impunidad-no-mas-impunidad"],"_links":{"self":[{"href":"https:\/\/redsemlac.com\/semmexico\/wp-json\/wp\/v2\/posts\/75521","targetHints":{"allow":["GET"]}}],"collection":[{"href":"https:\/\/redsemlac.com\/semmexico\/wp-json\/wp\/v2\/posts"}],"about":[{"href":"https:\/\/redsemlac.com\/semmexico\/wp-json\/wp\/v2\/types\/post"}],"author":[{"embeddable":true,"href":"https:\/\/redsemlac.com\/semmexico\/wp-json\/wp\/v2\/users\/3"}],"replies":[{"embeddable":true,"href":"https:\/\/redsemlac.com\/semmexico\/wp-json\/wp\/v2\/comments?post=75521"}],"version-history":[{"count":0,"href":"https:\/\/redsemlac.com\/semmexico\/wp-json\/wp\/v2\/posts\/75521\/revisions"}],"wp:featuredmedia":[{"embeddable":true,"href":"https:\/\/redsemlac.com\/semmexico\/wp-json\/wp\/v2\/media\/75525"}],"wp:attachment":[{"href":"https:\/\/redsemlac.com\/semmexico\/wp-json\/wp\/v2\/media?parent=75521"}],"wp:term":[{"taxonomy":"category","embeddable":true,"href":"https:\/\/redsemlac.com\/semmexico\/wp-json\/wp\/v2\/categories?post=75521"},{"taxonomy":"post_tag","embeddable":true,"href":"https:\/\/redsemlac.com\/semmexico\/wp-json\/wp\/v2\/tags?post=75521"}],"curies":[{"name":"wp","href":"https:\/\/api.w.org\/{rel}","templated":true}]}}