{"id":75501,"date":"2023-12-28T14:25:44","date_gmt":"2023-12-28T20:25:44","guid":{"rendered":"https:\/\/redsemlac.com\/semmexico\/?p=75501"},"modified":"2023-12-28T14:25:44","modified_gmt":"2023-12-28T20:25:44","slug":"paridad-no-solo-en-candidaturas","status":"publish","type":"post","link":"https:\/\/redsemlac.com\/semmexico\/paridad-no-solo-en-candidaturas\/","title":{"rendered":"Paridad no solo en candidaturas"},"content":{"rendered":"\n<p class=\"wp-block-paragraph\">Es necesario avanzar para seguir potenciando la paridad a fin de que las mujeres compitan en igualdad de circunstancias.<\/p>\n\n\n\n<p class=\"wp-block-paragraph\">Felipe de la Mata Piza\u00f1a y Karem Rojo Garc\u00eda<\/p>\n\n\n\n<p class=\"wp-block-paragraph\">SemM\u00e9xico\/La Silla Rota, Ciudad de M\u00e9xico, 28 de diciembre, 2023.- En d\u00edas recientes la&nbsp;Sala Superior&nbsp;del&nbsp;TEPJF&nbsp;resolvi\u00f3 un asunto relacionado con la modificaci\u00f3n a los&nbsp;lineamientos&nbsp;para que los&nbsp;partidos pol\u00edticos&nbsp;prevengan, atiendan y erradiquen la&nbsp;violencia pol\u00edtica contra las mujeres por raz\u00f3n de g\u00e9nero; en \u00e9l se estableci\u00f3 aumentar del 40% al 50% el porcentaje de asignaci\u00f3n del financiamiento p\u00fablico y de los tiempos del Estado en radio y televisi\u00f3n a las&nbsp;candidaturas de mujeres.[1]<\/p>\n\n\n\n<p class=\"wp-block-paragraph\">La cuesti\u00f3n planteada se centr\u00f3 en la posible vulneraci\u00f3n a los&nbsp;principios&nbsp;de&nbsp;autoorganizaci\u00f3n&nbsp;y&nbsp;autodeterminaci\u00f3n&nbsp;de los partidos para desarrollar las estrategias de&nbsp;participaci\u00f3n&nbsp;de las&nbsp;candidaturas&nbsp;que postulan en los&nbsp;procesos electorales&nbsp;en curso.[2]<\/p>\n\n\n\n<p class=\"wp-block-paragraph\">La Sala Superior valid\u00f3 el aumento en el porcentaje de&nbsp;participaci\u00f3n&nbsp;de las&nbsp;mujeres&nbsp;en la distribuci\u00f3n de las prerrogativas de los&nbsp;partidos pol\u00edticos, al considerarla como una forma de igualar las condiciones de&nbsp;participaci\u00f3n pol\u00edtica, y contribuir a corregir las desventajas hist\u00f3ricas en las que se ha colocado a las&nbsp;mujeres.<\/p>\n\n\n\n<p class=\"wp-block-paragraph\"><strong><em>Acontecimientos relevantes<\/em><\/strong><\/p>\n\n\n\n<p class=\"wp-block-paragraph\">Debemos tener presente que en 2020, el Consejo General del&nbsp;INE&nbsp;emiti\u00f3 los&nbsp;Lineamientos, en ellos estableci\u00f3 que, para la obtenci\u00f3n del voto de las&nbsp;candidatas, los partidos no podr\u00edan otorgar a las&nbsp;mujeres&nbsp;menos del 40% del financiamiento p\u00fablico y del acceso a los tiempos en radio y televisi\u00f3n; al advertir que la&nbsp;participaci\u00f3n&nbsp;de las&nbsp;mujeres&nbsp;en el financiamiento p\u00fablico es un componente fundamental para una representaci\u00f3n m\u00e1s equitativa en la&nbsp;pol\u00edtica.<\/p>\n\n\n\n<p class=\"wp-block-paragraph\">En los&nbsp;procesos electorales&nbsp;en curso (federal y locales), el&nbsp;INE&nbsp;advirti\u00f3 la necesidad de aumentar el porcentaje de distribuci\u00f3n de tales recursos, para quedar en una proporci\u00f3n de 50% de acceso para las&nbsp;candidaturas&nbsp;de&nbsp;mujeres&nbsp;y 50% para&nbsp;candidaturas&nbsp;de hombres.<\/p>\n\n\n\n<p class=\"wp-block-paragraph\">La implementaci\u00f3n de la medida se bas\u00f3 en el principio de paridad total establecido en la&nbsp;reforma constitucional&nbsp;de&nbsp;2020, y en la obligaci\u00f3n de todas las&nbsp;autoridades&nbsp;de potenciar la&nbsp;participaci\u00f3n pol\u00edtica&nbsp;de las&nbsp;mujeres&nbsp;y respetar los&nbsp;derechos&nbsp;de&nbsp;igualdad&nbsp;y&nbsp;no discriminaci\u00f3n. &nbsp;<\/p>\n\n\n\n<p class=\"wp-block-paragraph\">Inconforme con la modificaci\u00f3n, un&nbsp;partido pol\u00edtico nacional&nbsp;impugn\u00f3, en esencia las tem\u00e1ticas estaban relacionadas con: vulneraci\u00f3n al principio de reserva de ley, porque corresponde al poder legislativo reglamentar en materia de paridad de g\u00e9nero; transgresi\u00f3n al art\u00edculo 105 de la&nbsp;Constituci\u00f3n&nbsp;Federal, al sostener que, la modificaci\u00f3n debi\u00f3 expedirse por lo menos 90 d\u00edas antes del inicio del&nbsp;proceso electoral; y vulneraci\u00f3n a los principios de&nbsp;autoorganizaci\u00f3n&nbsp;y&nbsp;autodeterminaci\u00f3n&nbsp;de los&nbsp;partidos pol\u00edticos.&nbsp;<\/p>\n\n\n\n<p class=\"wp-block-paragraph\"><strong><em>Razones por las que Sala Superior confirm\u00f3<\/em><\/strong><\/p>\n\n\n\n<p class=\"wp-block-paragraph\">El&nbsp;TEPJF&nbsp;resolvi\u00f3 confirmar el aumento en el porcentaje de&nbsp;participaci\u00f3n&nbsp;de las&nbsp;mujeres, al considerar que el&nbsp;INE&nbsp;no excedi\u00f3 las facultades que tiene conferidas, pues el art\u00edculo 44, p\u00e1rrafo 1, inciso j) de la&nbsp;LGIPE&nbsp;lo faculta a emitir&nbsp;Lineamientos&nbsp;para que los&nbsp;partidos pol\u00edticos&nbsp;prevengan, atiendan y erradiquen la VPG. Adem\u00e1s, el Instituto cuenta con atribuciones para vigilar que dichos&nbsp;institutos pol\u00edticos&nbsp;cumplan las obligaciones a que est\u00e1n sujetos.<\/p>\n\n\n\n<p class=\"wp-block-paragraph\">Con base en dichas facultades, el&nbsp;INE&nbsp;modific\u00f3 el umbral de&nbsp;participaci\u00f3n&nbsp;de las&nbsp;mujeres&nbsp;a fin de dar efectividad al&nbsp;principio constitucional&nbsp;de&nbsp;paridad, sin que ello implique un exceso en sus funciones, ni que haya invadido la competencia del legislativo.<\/p>\n\n\n\n<p class=\"wp-block-paragraph\">Adem\u00e1s, sostuvo que no se vulner\u00f3 el&nbsp;art\u00edculo 105 Constitucional, porque el ajuste a los&nbsp;Lineamientos&nbsp;no es una modificaci\u00f3n sustancial a las reglas de los&nbsp;procesos electorales.<\/p>\n\n\n\n<figure class=\"wp-block-image size-full\"><a href=\"https:\/\/redsemlac.com\/semmexico\/wp-content\/uploads\/2023\/12\/paridad-no-solo-candidaturas-02.jpg\"><img loading=\"lazy\" decoding=\"async\" width=\"768\" height=\"485\" src=\"https:\/\/redsemlac.com\/semmexico\/wp-content\/uploads\/2023\/12\/paridad-no-solo-candidaturas-02.jpg\" alt=\"\" class=\"wp-image-75503\"\/><\/a><\/figure>\n\n\n\n<p class=\"wp-block-paragraph\">Al respecto, tom\u00f3 en cuenta los criterios en los que ha se\u00f1alado que se consideran modificaciones fundamentales aquellas que var\u00edan o eliminan alg\u00fan&nbsp;derecho&nbsp;u obligaci\u00f3n de los&nbsp;actores pol\u00edticos&nbsp;o se involucren elementos rectores del&nbsp;proceso electoral. Sin embargo, en el caso, el&nbsp;INE&nbsp;instrument\u00f3 el cumplimiento estricto del principio de paridad de g\u00e9nero, para evitar una pr\u00e1ctica discriminatoria contra las&nbsp;mujeres&nbsp;como es el acceso diferenciado a las prerrogativas de los partidos.<\/p>\n\n\n\n<p class=\"wp-block-paragraph\">Finalmente, desestim\u00f3 los planteamientos relacionados con la transgresi\u00f3n de los principios de&nbsp;autoorganizaci\u00f3n&nbsp;y&nbsp;autodeterminaci\u00f3n&nbsp;en las estrategias de los partidos, al estimar que el impugnante no desarroll\u00f3 c\u00f3mo dichas estrategias se ver\u00edan afectadas.&nbsp;<\/p>\n\n\n\n<p class=\"wp-block-paragraph\"><strong><em>Conclusiones<\/em><\/strong><\/p>\n\n\n\n<p class=\"wp-block-paragraph\">Est\u00e1 claro que cuando la Constituci\u00f3n establece el concepto de paridad en todo, debemos entender justamente \u201cen todo\u201d, y no limitarlo a la participaci\u00f3n igualitaria de las mujeres en los procesos para el acceso a los cargos o en la integraci\u00f3n de los \u00f3rganos de Estado.<\/p>\n\n\n\n<p class=\"wp-block-paragraph\">En esa misma l\u00ednea progresista, es necesario avanzar para seguir potenciando la paridad, sin considerar que es un tema agotado; pues el principio de \u201cparidad en todo\u201d tambi\u00e9n debe permear en las condiciones de&nbsp;participaci\u00f3n&nbsp;de los&nbsp;procesos electorales, a fin de que las&nbsp;mujeres&nbsp;compitan en igualdad de circunstancias.<\/p>\n\n\n\n<p class=\"wp-block-paragraph\">Pues no solo es razonable y deseable, sino necesario, el aumento en la proporci\u00f3n del acceso a las prerrogativas por las&nbsp;candidaturas&nbsp;de&nbsp;mujeres, para lograr un porcentaje igualitario respecto de las&nbsp;candidaturas&nbsp;de hombres, y con ello borrar la brecha de&nbsp;desigualdad.<\/p>\n\n\n\n<p class=\"wp-block-paragraph\">Ello porque si los&nbsp;partidos&nbsp;pol\u00edticos&nbsp;est\u00e1n obligados a postular en la mitad de las&nbsp;candidaturas&nbsp;a&nbsp;mujeres, por qu\u00e9 no creer\u00edamos que las&nbsp;mujeres&nbsp;deben tener acceso igualitario a las prerrogativas de los partidos para el desarrollo de sus&nbsp;candidaturas.<\/p>\n\n\n\n<p class=\"wp-block-paragraph\">Aceptar la postura de igualdad es el primer paso para nivelar el terreno de la contienda y superar las barreras de&nbsp;participaci\u00f3n pol\u00edtica, a fin de corregir las desventajas hist\u00f3ricas en las que se ha colocado a las&nbsp;mujeres.<\/p>\n\n\n\n<p class=\"wp-block-paragraph\">As\u00ed, garantizar el acceso igualitario de las mujeres a los recursos y a los tiempos del Estado en campa\u00f1a es coherente con los principios de igualdad de g\u00e9nero y el pleno ejercicio de los&nbsp;derechos pol\u00edtico-electorales&nbsp;de las&nbsp;mujeres, que las&nbsp;autoridades&nbsp;est\u00e1n obligadas a garantizar. Negar este acceso perpet\u00faa las&nbsp;desigualdades&nbsp;de las&nbsp;mujeres.<\/p>\n\n\n\n<p class=\"wp-block-paragraph\"><a href=\"https:\/\/twitter.com\/fdelamatapizana\" target=\"_blank\" rel=\"noreferrer noopener\">@FdelaMataPizana<\/a><\/p>\n\n\n\n<p class=\"wp-block-paragraph\">[1]&nbsp; Aprobados por el Consejo General del&nbsp;Instituto Nacional Electoral&nbsp;en el Acuerdo INE\/CG591\/2023.<\/p>\n\n\n\n<p class=\"wp-block-paragraph\">[2] SUP-RAP-328\/2023.<\/p>\n","protected":false},"excerpt":{"rendered":"<p>Es necesario avanzar para seguir potenciando la paridad a fin de que las mujeres compitan en igualdad de circunstancias.<\/p>\n","protected":false},"author":3,"featured_media":75502,"comment_status":"open","ping_status":"open","sticky":false,"template":"","format":"standard","meta":{"_monsterinsights_skip_tracking":false,"footnotes":""},"categories":[27,141],"tags":[],"class_list":["post-75501","post","type-post","status-publish","format-standard","has-post-thumbnail","category-cobertura-especial","category-elecciones-2020-2021"],"_links":{"self":[{"href":"https:\/\/redsemlac.com\/semmexico\/wp-json\/wp\/v2\/posts\/75501","targetHints":{"allow":["GET"]}}],"collection":[{"href":"https:\/\/redsemlac.com\/semmexico\/wp-json\/wp\/v2\/posts"}],"about":[{"href":"https:\/\/redsemlac.com\/semmexico\/wp-json\/wp\/v2\/types\/post"}],"author":[{"embeddable":true,"href":"https:\/\/redsemlac.com\/semmexico\/wp-json\/wp\/v2\/users\/3"}],"replies":[{"embeddable":true,"href":"https:\/\/redsemlac.com\/semmexico\/wp-json\/wp\/v2\/comments?post=75501"}],"version-history":[{"count":0,"href":"https:\/\/redsemlac.com\/semmexico\/wp-json\/wp\/v2\/posts\/75501\/revisions"}],"wp:featuredmedia":[{"embeddable":true,"href":"https:\/\/redsemlac.com\/semmexico\/wp-json\/wp\/v2\/media\/75502"}],"wp:attachment":[{"href":"https:\/\/redsemlac.com\/semmexico\/wp-json\/wp\/v2\/media?parent=75501"}],"wp:term":[{"taxonomy":"category","embeddable":true,"href":"https:\/\/redsemlac.com\/semmexico\/wp-json\/wp\/v2\/categories?post=75501"},{"taxonomy":"post_tag","embeddable":true,"href":"https:\/\/redsemlac.com\/semmexico\/wp-json\/wp\/v2\/tags?post=75501"}],"curies":[{"name":"wp","href":"https:\/\/api.w.org\/{rel}","templated":true}]}}