{"id":75397,"date":"2023-12-21T12:41:53","date_gmt":"2023-12-21T18:41:53","guid":{"rendered":"https:\/\/redsemlac.com\/semmexico\/?p=75397"},"modified":"2023-12-21T16:46:06","modified_gmt":"2023-12-21T22:46:06","slug":"discriminatoria-contra-las-mujeres-es-la-cobertura-informativa-de-las-campanas-unam","status":"publish","type":"post","link":"https:\/\/redsemlac.com\/semmexico\/discriminatoria-contra-las-mujeres-es-la-cobertura-informativa-de-las-campanas-unam\/","title":{"rendered":"Discriminatoria contra las mujeres es\u00a0 la cobertura informativa de las campa\u00f1as: UNAM"},"content":{"rendered":"\n<p class=\"wp-block-paragraph\">En radio y televisi\u00f3n promueven estereotipos de g\u00e9nero: informa&nbsp; un monitoreo con perspectiva de g\u00e9nero<\/p>\n\n\n\n<p class=\"wp-block-paragraph\">Mucho m\u00e1s cobertura a Santiago Taboada que a&nbsp; Clara Brugada en los tiempos de radio y televisi\u00f3n, informan &nbsp;en la sesi\u00f3n del IECM<\/p>\n\n\n\n<p class=\"wp-block-paragraph\">Redacci\u00f3n<\/p>\n\n\n\n<p class=\"wp-block-paragraph\">SemM\u00e9xico, Ciudad de M\u00e9xico, 21 de diciembre, 2023.- La cobertura informativa de las campa\u00f1as electorales en la Ciudad de M\u00e9xico mostraron el uso de lenguaje discriminatorio contra de las mujeres que est\u00e1n en campa\u00f1a, y menor atenci\u00f3n para las contendientes que representan la mitad del a poblaci\u00f3n, seg\u00fan&nbsp; cifras de informes presentados por la Universidad Nacional Aut\u00f3noma de M\u00e9xico (UNAM).<\/p>\n\n\n\n<p class=\"wp-block-paragraph\">Los documentos hacen referencia al monitoreo de piezas period\u00edsticas en radio y televisi\u00f3n que se realiza a partir del inicio de la precampa\u00f1a a la jefatura de Gobierno capitalina. &nbsp;Una de las 9 entidades donde habr\u00e1&nbsp; cambio&nbsp; en el ejecutivo, en 2024.<\/p>\n\n\n\n<p class=\"wp-block-paragraph\">El an\u00e1lisis m\u00e1s reciente indica que 65 por ciento de las menciones en medios de comunicaci\u00f3n se enfocan a los hombres, adem\u00e1s de que se identificaron spots, como uno del Partido de la Revoluci\u00f3n Democr\u00e1tica (PRD) y menciones en radio, que promueven estereotipos de g\u00e9nero.<\/p>\n\n\n\n<p class=\"wp-block-paragraph\">De acuerdo con este monitoreo que realizan las autoridades electorales, que dieron a conocer este mi\u00e9rcoles&nbsp; durante la sesi\u00f3n del&nbsp; Consejo General del Instituto Electoral de la Ciudad de M\u00e9xico (IECM), tambi\u00e9n se identificaron declaraciones de conductores de radio, principalmente, que vulneran derechos de las mujeres y promueven estereotipos de g\u00e9nero, como la cosificaci\u00f3n en contra de una alcaldesa al enfatizar sus relaciones personales en lugar de su actividad pol\u00edtica.<\/p>\n\n\n\n<p class=\"wp-block-paragraph\">Se destaca que se observaron &nbsp;rasgos de subordinaci\u00f3n&nbsp;en contra de Clara Brugada, pues varios conductores aseguraron que su designaci\u00f3n como precandidata \u00fanica de Morena fue a partir de una&nbsp; decisi\u00f3n del presidente Andr\u00e9s Manuel L\u00f3pez Obrador, sugiriendo&nbsp; que la participaci\u00f3n de la morenista en la contienda depende del liderazgo de un hombre.<\/p>\n\n\n\n<p class=\"wp-block-paragraph\">Tambi\u00e9n los&nbsp; informes rese\u00f1an que el uso de lenguaje incluyente, no sexista y no discriminatorio es aquel que refleja la pluralidad de la sociedad y que no excluye a ning\u00fan grupo social de la narrativa, siendo&nbsp; que a las mujeres, a personas j\u00f3venes, personas adultas mayores, con discapacidad, de la comunidad LGBT+, migrantes, afrodescendientes, ind\u00edgenas, minor\u00edas religiosas y personas que viven con VIH.<\/p>\n\n\n\n<p class=\"wp-block-paragraph\">Del total de piezas period\u00edsticas monitoreadas, Morena fue el partido que emiti\u00f3 m\u00e1s frases que aluden a alguno de los grupos de atenci\u00f3n prioritaria, especialmente a las mujeres.<\/p>\n\n\n\n<p class=\"wp-block-paragraph\">El informe m\u00e1s reciente indica que la precandidatura con m\u00e1s tiempo de transmisi\u00f3n, tanto en radio como en televisi\u00f3n, fue la de Santiago Taboada \u2013de la alianza opositora integrada por PAN, PRI y PRD\u2013, con una suma de tiempo de una hora con 23 minutos al d\u00eda, y la de menor tiempo fue la de Clara Brugada \u2013de la coalici\u00f3n Morena, Partido del Trabajo y Verde Ecologista\u2013, con apenas 19 minutos.<\/p>\n","protected":false},"excerpt":{"rendered":"<p>La cobertura informativa de las campa\u00f1as electorales en la Ciudad de M\u00e9xico mostraron el uso de lenguaje discriminatorio contra de las mujeres que est\u00e1n en campa\u00f1a, y menor atenci\u00f3n para las contendientes que representan la mitad del a poblaci\u00f3n, seg\u00fan\u00a0 cifras de informes presentados por la Universidad Nacional Aut\u00f3noma de M\u00e9xico (UNAM).<\/p>\n","protected":false},"author":3,"featured_media":75398,"comment_status":"open","ping_status":"open","sticky":false,"template":"","format":"standard","meta":{"_monsterinsights_skip_tracking":false,"footnotes":""},"categories":[27],"tags":[],"class_list":["post-75397","post","type-post","status-publish","format-standard","has-post-thumbnail","category-cobertura-especial"],"_links":{"self":[{"href":"https:\/\/redsemlac.com\/semmexico\/wp-json\/wp\/v2\/posts\/75397","targetHints":{"allow":["GET"]}}],"collection":[{"href":"https:\/\/redsemlac.com\/semmexico\/wp-json\/wp\/v2\/posts"}],"about":[{"href":"https:\/\/redsemlac.com\/semmexico\/wp-json\/wp\/v2\/types\/post"}],"author":[{"embeddable":true,"href":"https:\/\/redsemlac.com\/semmexico\/wp-json\/wp\/v2\/users\/3"}],"replies":[{"embeddable":true,"href":"https:\/\/redsemlac.com\/semmexico\/wp-json\/wp\/v2\/comments?post=75397"}],"version-history":[{"count":0,"href":"https:\/\/redsemlac.com\/semmexico\/wp-json\/wp\/v2\/posts\/75397\/revisions"}],"wp:featuredmedia":[{"embeddable":true,"href":"https:\/\/redsemlac.com\/semmexico\/wp-json\/wp\/v2\/media\/75398"}],"wp:attachment":[{"href":"https:\/\/redsemlac.com\/semmexico\/wp-json\/wp\/v2\/media?parent=75397"}],"wp:term":[{"taxonomy":"category","embeddable":true,"href":"https:\/\/redsemlac.com\/semmexico\/wp-json\/wp\/v2\/categories?post=75397"},{"taxonomy":"post_tag","embeddable":true,"href":"https:\/\/redsemlac.com\/semmexico\/wp-json\/wp\/v2\/tags?post=75397"}],"curies":[{"name":"wp","href":"https:\/\/api.w.org\/{rel}","templated":true}]}}