{"id":75394,"date":"2023-12-21T12:38:19","date_gmt":"2023-12-21T18:38:19","guid":{"rendered":"https:\/\/redsemlac.com\/semmexico\/?p=75394"},"modified":"2023-12-21T12:38:19","modified_gmt":"2023-12-21T18:38:19","slug":"dictan-sentencia-a-sacerdote-de-puebla-por-abuso-sexual","status":"publish","type":"post","link":"https:\/\/redsemlac.com\/semmexico\/dictan-sentencia-a-sacerdote-de-puebla-por-abuso-sexual\/","title":{"rendered":"Dictan sentencia a sacerdote de Puebla por abuso sexual"},"content":{"rendered":"\n<p class=\"wp-block-paragraph\">Sentencia dictada 2 a\u00f1os despu\u00e9s en la capital de Puebla<\/p>\n\n\n\n<p class=\"wp-block-paragraph\">Brigette Reyes Cruz<\/p>\n\n\n\n<p class=\"wp-block-paragraph\">SemM\u00e9xico, Puebla, 21 de diciembre, 2023.- Despu\u00e9s de dos a\u00f1os, dictan sentencia a sacerdote de Puebla por abuso sexual en contra de un menor de edad.<\/p>\n\n\n\n<p class=\"wp-block-paragraph\">El imputado tendr\u00e1 que cumplir una sentencia de 21 a\u00f1os y 8 meses de prisi\u00f3n por el delito de violaci\u00f3n en grado de tentativa.<\/p>\n\n\n\n<p class=\"wp-block-paragraph\">El juez Francisco Javier Orozco Trevi\u00f1o dict\u00f3 la sentencia hacia el agresor identificado como Gerardo \u201cN\u201d.<\/p>\n\n\n\n<p class=\"wp-block-paragraph\">Tras dictar la sentencia a sacerdote de Puebla por abuso sexual, el imputado tendr\u00e1 que pasar m\u00e1s de dos d\u00e9cadas en la C\u00e1rcel Distrital Chignahuapan.<\/p>\n\n\n\n<p class=\"wp-block-paragraph\">Al tomar conocimiento de los elementos probatorios, as\u00ed como la investigaci\u00f3n presentada por la Fiscal\u00eda del estado poblano, el juez Orozco Trevi\u00f1o fall\u00f3 a favor del menor de edad.<\/p>\n\n\n\n<p class=\"wp-block-paragraph\">Es probable que el agresor sexual, quien era sacerdote en el municipio de Aquixtla, Puebla, violentara a 10 v\u00edctimas m\u00e1s, todos menores de edad.<\/p>\n\n\n\n<p class=\"wp-block-paragraph\"><strong><em>Sentencia a sacerdote de Puebla llega despu\u00e9s de dos a\u00f1os, la iglesia lo ayud\u00f3 con abogados y juicios de amparo<\/em><\/strong><em><\/em><\/p>\n\n\n\n<p class=\"wp-block-paragraph\">La justicia lleg\u00f3 dos a\u00f1os despu\u00e9s de que el delito fuera denunciado, debido a que el delito que cometi\u00f3 el sacerdote del municipio de Aquixtla ocurri\u00f3 en 2021.<\/p>\n\n\n\n<p class=\"wp-block-paragraph\">La agresi\u00f3n sexual hacia Abner ocurri\u00f3 el 26 de octubre del 2021 y fue denunciada por su madre Esperanza Gonz\u00e1lez, un d\u00eda despu\u00e9s integrante de la comunidad pretend\u00eda linchar al agresor.<\/p>\n\n\n\n<p class=\"wp-block-paragraph\">Pero la autoridad intervino, por lo que detuvo al sacerdote para presentarlo ante el Ministerio P\u00fablico,<\/p>\n\n\n\n<p class=\"wp-block-paragraph\">No obstante, durante los dos a\u00f1os que tard\u00f3 en llegar la justicia, el sacerdote Gerardo \u201cN\u201d recurri\u00f3 a amparos y abogados con la ayuda de la iglesia cat\u00f3lica.<\/p>\n\n\n\n<p class=\"wp-block-paragraph\">La iglesia cat\u00f3lica fue quien pag\u00f3 los gastos de los abogados, as\u00ed como el juicio de amparo que le dio la libertad en agosto, debido a las irregularidades presentadas al momento de su aprehensi\u00f3n.<\/p>\n","protected":false},"excerpt":{"rendered":"<p>Despu\u00e9s de dos a\u00f1os, dictan sentencia a sacerdote de Puebla por abuso sexual en contra de un menor de edad.<\/p>\n","protected":false},"author":3,"featured_media":75395,"comment_status":"open","ping_status":"open","sticky":false,"template":"","format":"standard","meta":{"_monsterinsights_skip_tracking":false,"footnotes":""},"categories":[48],"tags":[],"class_list":["post-75394","post","type-post","status-publish","format-standard","has-post-thumbnail","category-no-mas-impunidad-no-mas-impunidad"],"_links":{"self":[{"href":"https:\/\/redsemlac.com\/semmexico\/wp-json\/wp\/v2\/posts\/75394","targetHints":{"allow":["GET"]}}],"collection":[{"href":"https:\/\/redsemlac.com\/semmexico\/wp-json\/wp\/v2\/posts"}],"about":[{"href":"https:\/\/redsemlac.com\/semmexico\/wp-json\/wp\/v2\/types\/post"}],"author":[{"embeddable":true,"href":"https:\/\/redsemlac.com\/semmexico\/wp-json\/wp\/v2\/users\/3"}],"replies":[{"embeddable":true,"href":"https:\/\/redsemlac.com\/semmexico\/wp-json\/wp\/v2\/comments?post=75394"}],"version-history":[{"count":0,"href":"https:\/\/redsemlac.com\/semmexico\/wp-json\/wp\/v2\/posts\/75394\/revisions"}],"wp:featuredmedia":[{"embeddable":true,"href":"https:\/\/redsemlac.com\/semmexico\/wp-json\/wp\/v2\/media\/75395"}],"wp:attachment":[{"href":"https:\/\/redsemlac.com\/semmexico\/wp-json\/wp\/v2\/media?parent=75394"}],"wp:term":[{"taxonomy":"category","embeddable":true,"href":"https:\/\/redsemlac.com\/semmexico\/wp-json\/wp\/v2\/categories?post=75394"},{"taxonomy":"post_tag","embeddable":true,"href":"https:\/\/redsemlac.com\/semmexico\/wp-json\/wp\/v2\/tags?post=75394"}],"curies":[{"name":"wp","href":"https:\/\/api.w.org\/{rel}","templated":true}]}}