{"id":75391,"date":"2023-12-21T12:08:27","date_gmt":"2023-12-21T18:08:27","guid":{"rendered":"https:\/\/redsemlac.com\/semmexico\/?p=75391"},"modified":"2023-12-21T12:08:43","modified_gmt":"2023-12-21T18:08:43","slug":"berlin-redada-a-zora-organizacion-feminista-y-de-apoyo-a-migrantes","status":"publish","type":"post","link":"https:\/\/redsemlac.com\/semmexico\/berlin-redada-a-zora-organizacion-feminista-y-de-apoyo-a-migrantes\/","title":{"rendered":"Berl\u00edn: Redada a Zora, organizaci\u00f3n feminista y de apoyo a migrantes"},"content":{"rendered":"\n<p class=\"wp-block-paragraph\">170 agentes policiales irrumpen en 8 locales de ONG solidarias con Palestina<\/p>\n\n\n\n<p class=\"wp-block-paragraph\">Redacci\u00f3n<\/p>\n\n\n\n<p class=\"wp-block-paragraph\">SemM\u00e9xico, Berl\u00edn, 21 de diciembre, 2023. En un creciente ambiente de \u201cantiterrorismo\u201d, ayer en la &nbsp;ma\u00f1ana los medios internacionales reportaron que 170 polic\u00edas entraron a registrar y destruir 8 oficinas de organizaciones y colectivas en la capital alemana, incluyendo la organizaci\u00f3n feminista Zora, Interb\u00fcro, as\u00ed como el Caf\u00e9 Karanfil, todas afiliadas a la izquierda.<\/p>\n\n\n\n<p class=\"wp-block-paragraph\">En un comunicado, la organizaci\u00f3n Interb\u00fcro, una plataforma de grupos de izquierda que abogan por la solidaridad internacional acusa una ola de represi\u00f3n contra los lugares de organizaci\u00f3n de inmigrantes.<\/p>\n\n\n\n<p class=\"wp-block-paragraph\">&nbsp;\u201cCondenamos esta medida infundada de la polic\u00eda de Berl\u00edn contra la organizaci\u00f3n de mujeres ZORA, los ataques al Caf\u00e9 Karanfil en Neuk\u00f6lln y contra nosotros como InterOffice.&nbsp; Esto est\u00e1 en consonancia con la persecuci\u00f3n estatal de las protestas pacifistas pro Palestina de este a\u00f1o\u201d, explica Hussein Jebabli de Interb\u00fcro en la nota de prensa.<\/p>\n\n\n\n<p class=\"wp-block-paragraph\">En pocas horas las redes sociales anunciaban ya marchas y acciones sororales, desde Alemania, Francia o Espa\u00f1a hacia las mujeres de Zora, quienes adem\u00e1s de feministas, en su Instagram se califican como anticapitalistas, internacionalistas y antifascistas.<\/p>\n\n\n\n<p class=\"wp-block-paragraph\">\u201cObviamente, los lugares de autoorganizaci\u00f3n de los inmigrantes est\u00e1n siendo criminalizados de manera selectiva\u201d, contin\u00faa Jebabli, \u201ccon esto se pretende silenciar las voces cr\u00edticas contra el gobierno federal que denuncian el apoyo activo a la pol\u00edtica de guerra de Israel.&nbsp; Apoyamos a nuestros camaradas en plena solidaridad y condenamos este ataque a nuestros derechos democr\u00e1ticos\u201d.<\/p>\n\n\n\n<p class=\"wp-block-paragraph\">&nbsp;\u201cEn las \u00faltimas semanas hemos hecho campa\u00f1a por los derechos democr\u00e1ticos de nuestros vecinos palestinos y por un alto el fuego en Medio Oriente.&nbsp; Continuaremos este compromiso con nuestros vecinos\u201d, a\u00f1ade Hussein Jebabli del Interburo.<\/p>\n\n\n\n<p class=\"wp-block-paragraph\">El Caf\u00e9 Karanfil, ubicado en el tradicional barrio de inmigrantes Neuk\u00f6lln,&nbsp; \u201ces principalmente un lugar para la di\u00e1spora kurda de izquierda, que se defiende contra el EI en el norte de Siria, contra el gobierno de derecha en Turqu\u00eda y apoya la revoluci\u00f3n contra el r\u00e9gimen mul\u00e1 en Ir\u00e1n. Karanfil es tambi\u00e9n un lugar para muchos refugiados y trabaja en estrecha colaboraci\u00f3n con los movimientos de refugiados, explic\u00f3 en X (antes Twitter) el activista Ferat Kocak.<\/p>\n","protected":false},"excerpt":{"rendered":"<p>En un creciente ambiente de \u201cantiterrorismo\u201d, ayer en la \u00a0ma\u00f1ana los medios internacionales reportaron que 170 polic\u00edas entraron a registrar y destruir 8 oficinas de organizaciones y colectivas en la capital alemana, incluyendo la organizaci\u00f3n feminista Zora, Interb\u00fcro, as\u00ed como el Caf\u00e9 Karanfil, todas afiliadas a la izquierda.<\/p>\n","protected":false},"author":3,"featured_media":75392,"comment_status":"open","ping_status":"open","sticky":false,"template":"","format":"standard","meta":{"_monsterinsights_skip_tracking":false,"footnotes":""},"categories":[53],"tags":[],"class_list":["post-75391","post","type-post","status-publish","format-standard","has-post-thumbnail","category-internacional"],"_links":{"self":[{"href":"https:\/\/redsemlac.com\/semmexico\/wp-json\/wp\/v2\/posts\/75391","targetHints":{"allow":["GET"]}}],"collection":[{"href":"https:\/\/redsemlac.com\/semmexico\/wp-json\/wp\/v2\/posts"}],"about":[{"href":"https:\/\/redsemlac.com\/semmexico\/wp-json\/wp\/v2\/types\/post"}],"author":[{"embeddable":true,"href":"https:\/\/redsemlac.com\/semmexico\/wp-json\/wp\/v2\/users\/3"}],"replies":[{"embeddable":true,"href":"https:\/\/redsemlac.com\/semmexico\/wp-json\/wp\/v2\/comments?post=75391"}],"version-history":[{"count":0,"href":"https:\/\/redsemlac.com\/semmexico\/wp-json\/wp\/v2\/posts\/75391\/revisions"}],"wp:featuredmedia":[{"embeddable":true,"href":"https:\/\/redsemlac.com\/semmexico\/wp-json\/wp\/v2\/media\/75392"}],"wp:attachment":[{"href":"https:\/\/redsemlac.com\/semmexico\/wp-json\/wp\/v2\/media?parent=75391"}],"wp:term":[{"taxonomy":"category","embeddable":true,"href":"https:\/\/redsemlac.com\/semmexico\/wp-json\/wp\/v2\/categories?post=75391"},{"taxonomy":"post_tag","embeddable":true,"href":"https:\/\/redsemlac.com\/semmexico\/wp-json\/wp\/v2\/tags?post=75391"}],"curies":[{"name":"wp","href":"https:\/\/api.w.org\/{rel}","templated":true}]}}