{"id":7539,"date":"2018-02-25T03:35:01","date_gmt":"2018-02-25T03:35:01","guid":{"rendered":"https:\/\/redsemlac.com\/semmexico\/?p=7539"},"modified":"2023-07-21T14:30:47","modified_gmt":"2023-07-21T19:30:47","slug":"la-imagen-de-las-mujeres-en-la-campana-electoral-2018","status":"publish","type":"post","link":"https:\/\/redsemlac.com\/semmexico\/la-imagen-de-las-mujeres-en-la-campana-electoral-2018\/","title":{"rendered":"La imagen de las mujeres en la campa\u00f1a electoral 2018"},"content":{"rendered":"\n<p class=\"wp-block-paragraph\">\u2022 Los retrocesos que vienen: las mujeres como madres y esposas<\/p>\n\n\n\n<h5 class=\"wp-block-heading\"> \u2022 En las campa\u00f1as, las mujeres im\u00e1genes conservadoras y estereotipadas<\/h5>\n\n\n\n<p class=\"wp-block-paragraph\"><a href=\"https:\/\/semmexico.com\/gallery-post.php?id=4086#\">Rita Imelda Fern\u00e1ndez<\/a><\/p>\n\n\n\n<p class=\"wp-block-paragraph\">SemM\u00e9xico, 25 febrero 2018.- El 17 de octubre de 1953, despu\u00e9s de d\u00e9cadas de insistencia del movimiento feminista y de mujeres, se public\u00f3 en el Diario Oficial el nuevo texto del Art\u00edculo 34 Constitucional que reconoc\u00eda a las mujeres como ciudadanas. A partir de esa fecha todas las mexicanas podr\u00edamos votar, pero tambi\u00e9n ser votadas. En este 2018 por primera vez en la historia se elegir\u00e1n m\u00e1s de tres mil cargos de representaci\u00f3n popular bajo el principio de paridad.&nbsp;<br><br>Pero la inclusi\u00f3n de las mujeres a los espacios de poder no se trata solo de n\u00fameros 50 % y 50 % y es que no solo para M\u00e9xico es un reto la incorporaci\u00f3n de mujeres a espacio de poder. En el mundo las mujeres son subrepresentadas y su incorporaci\u00f3n a la toma de decisiones tiene en los pa\u00edses m\u00e1s adelantados 150 a\u00f1os, contra los milenios de dominaci\u00f3n masculina en todos los rincones del mundo.&nbsp;<br><br>Por ello no sorprende que las campa\u00f1as pol\u00edticas de mujeres en M\u00e9xico 2018 sean abordadas de manera conservadora y estereotipada. Este fen\u00f3meno es lo que conocemos como sociedades formalmente igualitarias sin igualdad real, como escrib\u00eda una chica en Twitter refiri\u00e9ndose al futbol: \u201cAntes no nos dejaban jugar, ahora jugamos, pero no nos pasan el bal\u00f3n\u201d y justo eso es lo que ahora pasa en la pol\u00edtica y si no me creen vean las im\u00e1genes donde los ungidos presidenciables se encuentran rodeados principalmente por hombres y entre ellos unas cuantas mujeres salen en la foto.&nbsp;<br><br>En las siguientes semanas las campa\u00f1as pol\u00edticas ser\u00e1n m\u00e1s fuertes y visibles y podremos ver m\u00e1s sesgos de g\u00e9nero en la puesta en marcha de las campa\u00f1as. Hoy ya es notorio que la campa\u00f1a de Alejandra Barrales candidata a la Jefatura de Gobierno de la Ciudad de M\u00e9xico es apostar por exaltar su maternidad, elemento que no tiene nada que ver con la pol\u00edtica, pero que para sus consultores en marketing es un rasgo que debe ser llevado a la arenga. Un error en una ciudad donde las mujeres ya no quieren seguir siendo vistas solo en el rol estereotipado de madres.&nbsp;<br><br>Otro juego que se hace desde las campa\u00f1as pol\u00edticas es usar a las esposas de los presidenciables para conectar con la gente, pero nuevamente se hace esto desde el estereotipo de buenas esposas como es el caso de Juana Cuevas (pareja del aspirante por el PRI) quien es tan sencilla que va ella misma al super o la pareja de Obrador \u2013Beatriz Guti\u00e9rrez M\u00fcller- que es tan inteligente que ser\u00e1 la primera dama que tendr\u00e1 doctorado pero que nunca ha sido una sombra para su esposo.&nbsp;<br><br>En las siguientes semanas compartir\u00e9 m\u00e1s reflexiones sobre las campa\u00f1as pol\u00edticas y la imagen de las mujeres en ellas, porque es claro que para el marketing las mujeres somos objetos al servicio de otros, pero este modelo no podr\u00e1 ser sostenido la sociedad ya ha evolucionado y lo mismo tendr\u00e1 que hacer el marketing pol\u00edtico para proyectar la fuerza de las mujeres y su llegada a la pol\u00edtica.&nbsp;<br><br>SEM\/rf\/sje<br><br>@RitaIFdz<\/p>\n","protected":false},"excerpt":{"rendered":"<p>\u2022 Los retrocesos que vienen: las mujeres como madres y esposas \u2022 En las campa\u00f1as, las mujeres im\u00e1genes conservadoras y estereotipadas Rita Imelda Fern\u00e1ndez SemM\u00e9xico, 25 febrero 2018.- El 17 de octubre de 1953, despu\u00e9s de d\u00e9cadas de insistencia del movimiento feminista y de mujeres, se public\u00f3 en el Diario Oficial el nuevo texto del [&hellip;]<\/p>\n","protected":false},"author":3,"featured_media":7540,"comment_status":"open","ping_status":"open","sticky":false,"template":"","format":"standard","meta":{"_monsterinsights_skip_tracking":false,"footnotes":""},"categories":[689,88],"tags":[],"class_list":["post-7539","post","type-post","status-publish","format-standard","has-post-thumbnail","category-689","category-rita-imelda-fernandez-gonzalez"],"_links":{"self":[{"href":"https:\/\/redsemlac.com\/semmexico\/wp-json\/wp\/v2\/posts\/7539","targetHints":{"allow":["GET"]}}],"collection":[{"href":"https:\/\/redsemlac.com\/semmexico\/wp-json\/wp\/v2\/posts"}],"about":[{"href":"https:\/\/redsemlac.com\/semmexico\/wp-json\/wp\/v2\/types\/post"}],"author":[{"embeddable":true,"href":"https:\/\/redsemlac.com\/semmexico\/wp-json\/wp\/v2\/users\/3"}],"replies":[{"embeddable":true,"href":"https:\/\/redsemlac.com\/semmexico\/wp-json\/wp\/v2\/comments?post=7539"}],"version-history":[{"count":0,"href":"https:\/\/redsemlac.com\/semmexico\/wp-json\/wp\/v2\/posts\/7539\/revisions"}],"wp:featuredmedia":[{"embeddable":true,"href":"https:\/\/redsemlac.com\/semmexico\/wp-json\/wp\/v2\/media\/7540"}],"wp:attachment":[{"href":"https:\/\/redsemlac.com\/semmexico\/wp-json\/wp\/v2\/media?parent=7539"}],"wp:term":[{"taxonomy":"category","embeddable":true,"href":"https:\/\/redsemlac.com\/semmexico\/wp-json\/wp\/v2\/categories?post=7539"},{"taxonomy":"post_tag","embeddable":true,"href":"https:\/\/redsemlac.com\/semmexico\/wp-json\/wp\/v2\/tags?post=7539"}],"curies":[{"name":"wp","href":"https:\/\/api.w.org\/{rel}","templated":true}]}}