{"id":75387,"date":"2023-12-21T11:50:49","date_gmt":"2023-12-21T17:50:49","guid":{"rendered":"https:\/\/redsemlac.com\/semmexico\/?p=75387"},"modified":"2023-12-21T12:04:48","modified_gmt":"2023-12-21T18:04:48","slug":"a-30-anos-del-levantamiento-armado-en-chiapas-sigue-pendiente-el-reconocimiento-juridico-de-los-pueblos-originarios-cocopa","status":"publish","type":"post","link":"https:\/\/redsemlac.com\/semmexico\/a-30-anos-del-levantamiento-armado-en-chiapas-sigue-pendiente-el-reconocimiento-juridico-de-los-pueblos-originarios-cocopa\/","title":{"rendered":"A 30 a\u00f1os del levantamiento armado en Chiapas sigue pendiente el reconocimiento jur\u00eddico de los pueblos originarios: Cocopa\u00a0"},"content":{"rendered":"\n<p class=\"wp-block-paragraph\"><strong>Actualmente se les reconoce como entidades de inter\u00e9s p\u00fablico<\/strong><\/p>\n\n\n\n<p class=\"wp-block-paragraph\"><strong>Pidi\u00f3 voz y voto la representaci\u00f3n del Congreso de Chiapas<\/strong><\/p>\n\n\n\n<p class=\"wp-block-paragraph\">Elda Montiel<\/p>\n\n\n\n<p class=\"wp-block-paragraph\">SemM\u00e9xico, Ciudad de M\u00e9xico, 21 de diciembre, 2023.- &nbsp;A 30 a\u00f1os del levantamiento armado en Chiapas sigue pendiente reconocer la personalidad jur\u00eddica como sujetos de derechos a los pueblos originarios reconoci\u00f3 el presidente de la Comisi\u00f3n Bicamaral de Concordia y Pacificaci\u00f3n (Cocopa), diputado morenista Alfredo V\u00e1zquez V\u00e1zquez.<\/p>\n\n\n\n<p class=\"wp-block-paragraph\">En la und\u00e9cima reuni\u00f3n ordinaria de la Comisi\u00f3n Bicameral se expuso la necesidad de que los pueblos ind\u00edgenas y afromexicanos requieren una reforma legislativa en materia de justicia y derechos humanos no s\u00f3lo para reconocerlos como sujetos de derechos humanos, ya que actualmente solo se les reconoce como entidades de inter\u00e9s p\u00fablico, cuando deben ser titulares de derechos y obligaciones con personalidad jur\u00eddica.<\/p>\n\n\n\n<p class=\"wp-block-paragraph\">Al reconocer la deuda hist\u00f3rica que desde hace 30 a\u00f1os se tiene con los pueblos originarios de Chiapas, los diputados Eduardo Zarzosa S\u00e1nchez del PRI, y el diputado Marcelino Casta\u00f1eda Navarrete del PRD expresaron que la actual Legislatura no puede terminar sin aprobar, determinar y resolver que se garanticen los derechos de los pueblos originarios.<\/p>\n\n\n\n<p class=\"wp-block-paragraph\">En representaci\u00f3n del Congreso de Chiapas, el diputado morenista Ra\u00fal Eduardo Bonifaz Moedano estim\u00f3 que se deben impulsar propuestas en beneficio de los pueblos ind\u00edgenas de la entidad y dijo que es necesario que el representante del Congreso de Chiapas tenga voz y voto al interior de la Comisi\u00f3n de Concordia.<\/p>\n\n\n\n<p class=\"wp-block-paragraph\">El diputado V\u00e1zquez V\u00e1zquez expres\u00f3 que se debe fortalecer y garantizar la representaci\u00f3n pol\u00edtica plena para que sean part\u00edcipes de las decisiones pol\u00edticas fundamentales del pa\u00eds, por lo que coincidi\u00f3 con el diputado perredista Marcelino Casta\u00f1eda Navarrete de que el&nbsp; gobierno y el Congreso de Chiapas deben tener representaci\u00f3n en la Comisi\u00f3n Bicamaral.<\/p>\n\n\n\n<p class=\"wp-block-paragraph\">Las legisladoras y legisladores coincidieron que continua la deuda hist\u00f3rica con los pueblos originarios, como la senadora Mar\u00eda Graciela Gait\u00e1n D\u00edaz del Partido Verde Ecologista de M\u00e9xico por lo que estuvieron de acuerdo en que se debe realizar una reforma legislativa al respecto.<\/p>\n\n\n\n<p class=\"wp-block-paragraph\">El diputado de Morena, Javier Huerta Jurado, expres\u00f3 que a 30 a\u00f1os del levantamiento del EZLN se debe reflexionar que es un resurgimiento de la lucha de los pueblos ind\u00edgenas por ser reconocidos en la Constituci\u00f3n mexicana, por lo que se debe garantizar que todas las comunidades sean acreedoras de sus derecho pol\u00edticos, sociales y culturales.&nbsp;<\/p>\n\n\n\n<p class=\"wp-block-paragraph\">Por otra parte, se consider\u00f3 el diputado V\u00e1zquez V\u00e1zquez que se debe atender el tema de los desplazados internos y docentes comunitarios que integran el Proyecto Educador Comunitario Ind\u00edgena. Dijo que esta situaci\u00f3n la enfrentan como consecuencia del levantamiento armado que los obligo a abandonar sus regiones. &nbsp;<\/p>\n\n\n\n<p class=\"wp-block-paragraph\">La Cocopa tambi\u00e9n aprob\u00f3 su plan de trabajo para el tercer a\u00f1o de la LXV Legislatura, cuyo objetivo es reactivarla para que coadyuve a generar las condiciones y crear los instrumentos legislativos que permitan dar respuesta a las consecuencias del levantamiento armado del EZLN de 1994.&nbsp;<\/p>\n\n\n\n<p class=\"wp-block-paragraph\">A esto se suma una de las demandas centrales de los pueblos ind\u00edgenas que motiv\u00f3 la irrupci\u00f3n del Ej\u00e9rcito Zapatista de Liberaci\u00f3n Nacional en Chiapas en 1994: el reconocimiento de los pueblos ind\u00edgenas como sujetos de derecho p\u00fablico, lo que implica contar con personalidad jur\u00eddica.<\/p>\n\n\n\n<p class=\"wp-block-paragraph\">Tambi\u00e9n se aval\u00f3 el informe semestral de actividades correspondiente al segundo periodo del segundo a\u00f1o de la LXV Legislatura, que comprende de marzo de 2023 a agosto de 2023.<\/p>\n\n\n\n<p class=\"wp-block-paragraph\">La&nbsp;Comisi\u00f3n de Concordia y Pacificaci\u00f3n&nbsp;(COCOPA), es una comisi\u00f3n legislativa bicameral conformada desde marzo de&nbsp;<a href=\"https:\/\/es.wikipedia.org\/wiki\/1995\">1995<\/a>&nbsp;por la&nbsp;<a href=\"https:\/\/es.wikipedia.org\/wiki\/C%C3%A1mara_de_Diputados_de_M%C3%A9xico\">C\u00e1mara de Diputados de M\u00e9xico<\/a>&nbsp;y&nbsp;<a href=\"https:\/\/es.wikipedia.org\/wiki\/Senado_de_M%C3%A9xico\">de Senadores<\/a>&nbsp;y sus miembros son diputados y Senadores de los diferentes partidos pol\u00edticos en&nbsp;<a href=\"https:\/\/es.wikipedia.org\/wiki\/M%C3%A9xico\">M\u00e9xico<\/a>&nbsp;y encargada de ayudar en el proceso de di\u00e1logo en el contexto del&nbsp;<a href=\"https:\/\/es.wikipedia.org\/wiki\/Levantamiento_zapatista\">levantamiento zapatista<\/a>.<\/p>\n\n\n\n<p class=\"wp-block-paragraph\">La Comisi\u00f3n Bicamaral fue la encargada de retomar el contenido de los Acuerdos de San Andr\u00e9s Larr\u00e1inzar, Chiapas en 1996, y convertirla en una propuesta de reforma constitucional en materia de derechos y cultura ind\u00edgena (conocida como \u201cIniciativa de la Cocopa\u201d o \u201cLey Cocopa\u201d), sin embargo, la propuesta legislativa se aprob\u00f3 con modificaciones por las C\u00e1maras del Poder Legislativo federal en 2001.<\/p>\n\n\n\n<p class=\"wp-block-paragraph\">Desde el 26 de noviembre del 2021 la preside el diputado por Morena Alfredo V\u00e1zquez V\u00e1zquez, quien llam\u00f3 a las y los legisladores a trabajar comprometidamente en la reconstrucci\u00f3n del tejido social, a fin de que haya \u201cpaz duradera en los pueblos y comunidades ind\u00edgenas de la zona de conflicto en Chiapas\u201d, mediante un di\u00e1logo abierto, honesto, incluyente e igualitario.<\/p>\n\n\n\n<p class=\"wp-block-paragraph\">Las comunidades originarias contin\u00faan siendo las mas vulneradas ante la situaci\u00f3n de desigualdad.<\/p>\n\n\n\n<p class=\"wp-block-paragraph\">En 2020, con base en los resultados de la medici\u00f3n de pobreza del CONEVAL, alrededor de 8 de 10 personas hablantes de lengua ind\u00edgena se encontraban en situaci\u00f3n de pobreza (76.8 por ciento).&nbsp;<\/p>\n\n\n\n<p class=\"wp-block-paragraph\">De acuerdo con el Consejo Nacional de Evaluaci\u00f3n Pol\u00edtica de Desarrollo Social (CONEVAL) el 69.5 por ciento de la poblaci\u00f3n ind\u00edgena, es decir 8.4 millones de personas experimenta una situaci\u00f3n de pobreza, y el 27.9 por ciento , 3.4 millones de personas de pobreza extrema. Adem\u00e1s el 43 por ciento de los hablantes de alguna lengua ind\u00edgena no concluyeron la educaci\u00f3n primaria, mientras el 55.2&nbsp; por ciento&nbsp; se desempe\u00f1a en trabajos manuales de baja calificaci\u00f3n. &nbsp;&nbsp;&nbsp;<\/p>\n\n\n\n<p class=\"wp-block-paragraph\">El 1 de enero del 2019 el Ejercito Zapatista de Liberaci\u00f3n Nacional (EZLN) cumpli\u00f3 25 a\u00f1os del inicio de su levantamiento. Manifest\u00f3 su oposici\u00f3n a los proyectos de infraestructura de la administraci\u00f3n federal como el Tren Maya o el corredor Trans\u00edstmico.<\/p>\n","protected":false},"excerpt":{"rendered":"<p>A 30 a\u00f1os del levantamiento armado en Chiapas sigue pendiente reconocer la personalidad jur\u00eddica como sujetos de derechos a los pueblos originarios reconoci\u00f3 el presidente de la Comisi\u00f3n Bicamaral de Concordia y Pacificaci\u00f3n (Cocopa), diputado morenista Alfredo V\u00e1zquez V\u00e1zquez.<\/p>\n","protected":false},"author":3,"featured_media":75388,"comment_status":"open","ping_status":"open","sticky":false,"template":"","format":"standard","meta":{"_monsterinsights_skip_tracking":false,"footnotes":""},"categories":[50,694],"tags":[],"class_list":["post-75387","post","type-post","status-publish","format-standard","has-post-thumbnail","category-congreso","category-destacadas"],"_links":{"self":[{"href":"https:\/\/redsemlac.com\/semmexico\/wp-json\/wp\/v2\/posts\/75387","targetHints":{"allow":["GET"]}}],"collection":[{"href":"https:\/\/redsemlac.com\/semmexico\/wp-json\/wp\/v2\/posts"}],"about":[{"href":"https:\/\/redsemlac.com\/semmexico\/wp-json\/wp\/v2\/types\/post"}],"author":[{"embeddable":true,"href":"https:\/\/redsemlac.com\/semmexico\/wp-json\/wp\/v2\/users\/3"}],"replies":[{"embeddable":true,"href":"https:\/\/redsemlac.com\/semmexico\/wp-json\/wp\/v2\/comments?post=75387"}],"version-history":[{"count":0,"href":"https:\/\/redsemlac.com\/semmexico\/wp-json\/wp\/v2\/posts\/75387\/revisions"}],"wp:featuredmedia":[{"embeddable":true,"href":"https:\/\/redsemlac.com\/semmexico\/wp-json\/wp\/v2\/media\/75388"}],"wp:attachment":[{"href":"https:\/\/redsemlac.com\/semmexico\/wp-json\/wp\/v2\/media?parent=75387"}],"wp:term":[{"taxonomy":"category","embeddable":true,"href":"https:\/\/redsemlac.com\/semmexico\/wp-json\/wp\/v2\/categories?post=75387"},{"taxonomy":"post_tag","embeddable":true,"href":"https:\/\/redsemlac.com\/semmexico\/wp-json\/wp\/v2\/tags?post=75387"}],"curies":[{"name":"wp","href":"https:\/\/api.w.org\/{rel}","templated":true}]}}