{"id":75384,"date":"2023-12-21T11:32:29","date_gmt":"2023-12-21T17:32:29","guid":{"rendered":"https:\/\/redsemlac.com\/semmexico\/?p=75384"},"modified":"2023-12-21T11:32:29","modified_gmt":"2023-12-21T17:32:29","slug":"en-enero-reinician-clases-en-escuelas-de-acapulco-y-coyuca-de-benitez-leticia-ramirez-amaya","status":"publish","type":"post","link":"https:\/\/redsemlac.com\/semmexico\/en-enero-reinician-clases-en-escuelas-de-acapulco-y-coyuca-de-benitez-leticia-ramirez-amaya\/","title":{"rendered":"En enero reinician clases en escuelas de Acapulco y Coyuca de Ben\u00edtez: Leticia Ram\u00edrez Amaya"},"content":{"rendered":"\n<p class=\"wp-block-paragraph\"><strong>Antes de las vacaciones de invierno, 597 escuelas se encontraban ya trabajando, inform\u00f3<\/strong><\/p>\n\n\n\n<p class=\"wp-block-paragraph\">&nbsp;<strong>Entregadas, m\u00e1s de 40 mil becas a familias con estudiantes de Educaci\u00f3n B\u00e1sica en ambos municipios<\/strong><\/p>\n\n\n\n<p class=\"wp-block-paragraph\">SemM\u00e9xico, Acapulco, Guerrero, 21 de diciembre, 2023.- La secretaria de Educaci\u00f3n P\u00fablica (SEP), Leticia Ram\u00edrez Amaya, inform\u00f3 que, luego de la limpieza y el restablecimiento del servicio el\u00e9ctrico en los planteles educativos de los municipios de Acapulco y Coyuca de Ben\u00edtez, hay posibilidades de reiniciar clases el pr\u00f3ximo mes de enero.<\/p>\n\n\n\n<p class=\"wp-block-paragraph\">Durante su participaci\u00f3n en la conferencia matutina del presidente Andr\u00e9s Manuel L\u00f3pez Obrador, report\u00f3 que, previo al t\u00e9rmino de las actividades escolares por el periodo vacacional de invierno, 597 escuelas ya se encontraban trabajando.<\/p>\n\n\n\n<p class=\"wp-block-paragraph\">\u201cFue realmente muy gratificante poder acompa\u00f1ar a los alumnos, a las maestras y maestros a la hora de las actividades para fin del ciclo.\u201d<\/p>\n\n\n\n<p class=\"wp-block-paragraph\">Expuso que, derivado de los efectos del hurac\u00e1n Otis, ya se entregaron 41 mil 101 becas para ayudar a familias de estudiantes de Educaci\u00f3n B\u00e1sica en ambos municipios.<\/p>\n\n\n\n<p class=\"wp-block-paragraph\">Adem\u00e1s, dijo, durante los d\u00edas 14 y 15 de diciembre se conformaron 173 Comit\u00e9s Escolares de Administraci\u00f3n Participativa, a trav\u00e9s de los cuales se entregar\u00e1n recursos del programa La Escuela es Nuestra para la rehabilitaci\u00f3n de planteles.<\/p>\n\n\n\n<p class=\"wp-block-paragraph\">Record\u00f3 que el trabajo se realiza de manera coordinada con la Secretar\u00eda de Desarrollo Agrario, Territorial y Urbano (Sedatu) del gobierno federal para lo relativo al apoyo t\u00e9cnico, con la Secretar\u00eda de Bienestar a trav\u00e9s de los servidores de la naci\u00f3n, y con la Secretar\u00eda de Educaci\u00f3n del estado de Guerrero.<\/p>\n\n\n\n<p class=\"wp-block-paragraph\">Subray\u00f3 que se mantienen los trabajos para restablecer las actividades escolares de la manera m\u00e1s r\u00e1pida y segura.&nbsp;&nbsp;&nbsp; &nbsp;<\/p>\n","protected":false},"excerpt":{"rendered":"<p>La secretaria de Educaci\u00f3n P\u00fablica (SEP), Leticia Ram\u00edrez Amaya, inform\u00f3 que, luego de la limpieza y el restablecimiento del servicio el\u00e9ctrico en los planteles educativos de los municipios de Acapulco y Coyuca de Ben\u00edtez, hay posibilidades de reiniciar clases el pr\u00f3ximo mes de enero.<\/p>\n","protected":false},"author":3,"featured_media":75385,"comment_status":"open","ping_status":"open","sticky":false,"template":"","format":"standard","meta":{"_monsterinsights_skip_tracking":false,"footnotes":""},"categories":[27],"tags":[],"class_list":["post-75384","post","type-post","status-publish","format-standard","has-post-thumbnail","category-cobertura-especial"],"_links":{"self":[{"href":"https:\/\/redsemlac.com\/semmexico\/wp-json\/wp\/v2\/posts\/75384","targetHints":{"allow":["GET"]}}],"collection":[{"href":"https:\/\/redsemlac.com\/semmexico\/wp-json\/wp\/v2\/posts"}],"about":[{"href":"https:\/\/redsemlac.com\/semmexico\/wp-json\/wp\/v2\/types\/post"}],"author":[{"embeddable":true,"href":"https:\/\/redsemlac.com\/semmexico\/wp-json\/wp\/v2\/users\/3"}],"replies":[{"embeddable":true,"href":"https:\/\/redsemlac.com\/semmexico\/wp-json\/wp\/v2\/comments?post=75384"}],"version-history":[{"count":0,"href":"https:\/\/redsemlac.com\/semmexico\/wp-json\/wp\/v2\/posts\/75384\/revisions"}],"wp:featuredmedia":[{"embeddable":true,"href":"https:\/\/redsemlac.com\/semmexico\/wp-json\/wp\/v2\/media\/75385"}],"wp:attachment":[{"href":"https:\/\/redsemlac.com\/semmexico\/wp-json\/wp\/v2\/media?parent=75384"}],"wp:term":[{"taxonomy":"category","embeddable":true,"href":"https:\/\/redsemlac.com\/semmexico\/wp-json\/wp\/v2\/categories?post=75384"},{"taxonomy":"post_tag","embeddable":true,"href":"https:\/\/redsemlac.com\/semmexico\/wp-json\/wp\/v2\/tags?post=75384"}],"curies":[{"name":"wp","href":"https:\/\/api.w.org\/{rel}","templated":true}]}}