{"id":7520,"date":"2017-11-07T03:24:43","date_gmt":"2017-11-07T03:24:43","guid":{"rendered":"https:\/\/redsemlac.com\/semmexico\/?p=7520"},"modified":"2023-07-21T14:27:37","modified_gmt":"2023-07-21T19:27:37","slug":"peru-la-reforma-electoral-inconclusa","status":"publish","type":"post","link":"https:\/\/redsemlac.com\/semmexico\/peru-la-reforma-electoral-inconclusa\/","title":{"rendered":"Per\u00fa: la Reforma Electoral inconclusa"},"content":{"rendered":"\n<p class=\"wp-block-paragraph\">Propuestas feministas<\/p>\n\n\n\n<h5 class=\"wp-block-heading\"> Seguiremos impulsando la campa\u00f1a Somos la Mitad, queremos Paridad sin acoso pol\u00edtico<\/h5>\n\n\n\n<p class=\"wp-block-paragraph\"><a href=\"https:\/\/semmexico.com\/gallery-post.php?id=3346#\">Diana Miloslavich<\/a><\/p>\n\n\n\n<p class=\"wp-block-paragraph\">SemM\u00e9xico, Lima, Per\u00fa, 7 noviembre 2017.- Necesitamos un nuevo C\u00f3digo Electoral y en ese camino parec\u00edamos caminar hasta que dej\u00f3 de ser una prioridad fortalecer nuestro sistema pol\u00edtico electoral. Por ello, organizaciones feministas como Flora Trist\u00e1n, Manuela Ramos y Calandria seguiremos impulsando nuestras propuestas desde la campa\u00f1a Somos la Mitad queremos Paridad sin acoso pol\u00edtico, alcanzadas al JNE, al Congreso, con consultas a la sociedad civil, y diversas organizaciones. Insistiremos en que el horizonte de la Paridad y la lucha por la igualdad pasan por una reforma inclusiva. Por ello, estos art\u00edculos sobre la reforma electoral y las mujeres.<br><br>Nuevos enfoques y nuevos principios: Necesitamos propuestas de la reforma en el marco de nuevos enfoques, espec\u00edficamente, el de g\u00e9nero, que reconozca la existencia de circunstancias asim\u00e9tricas en la relaci\u00f3n entre hombres y mujeres; construidas sobre la base de las diferencias que se constituyen en una de las causas principales de las brechas y barreras de la participaci\u00f3n pol\u00edtica de las mujeres. El enfoque de interculturalidad que no admite aceptar pr\u00e1cticas culturales discriminatorias, y por supuesto, el enfoque de derechos.<br><br>Los principios que deben orientar los cambios son los de igualdad y no discriminaci\u00f3n: Los organismos electorales y las organizaciones pol\u00edticas deben garantizalos. El principio de Paridad: La participaci\u00f3n pol\u00edtica de mujeres y hombres es un derecho humano reconocido en una sociedad democr\u00e1tica, representativa, participativa e inclusiva, al amparo de estos principios. No estamos en los espacios de decisi\u00f3n de las pol\u00edticas y los recursos p\u00fablicos.<br><br>Paridad en los procesos electorales, pero tambi\u00e9n en los organismos electorales: necesitamos un Pleno del Jurado Nacional de Elecciones donde se aplique el principio de paridad y en todos sus niveles. Cualquier normatividad debe respetar el uso de un lenguaje inclusivo, en cumplimiento de la Ley de Igualdad de Oportunidades (Ley N\u00b0 28983) y la Resoluci\u00f3n Ministerial N\u00b0 015-2015- MIMP y otras pol\u00edticas, y dejar de asumir que una instituci\u00f3n de la colonia como la Academia de la Lengua tenga mandato de ley.<br><br>Flora Trist\u00e1n, Manuela Ramos y Calandria plantearon \u201c&#8230; que los partidos pol\u00edticos, movimientos regionales y organizaciones locales, deben llevar a una mujer como cabeza de lista por cada tres listas que postulen a las municipalidades provinciales y distritales del respectivo departamento o provincia. Las listas de candidaturas para elegir regidores\/as debe ser paritaria, estar compuestas por un 50% de mujeres y de hombres, 20% de j\u00f3venes de hasta 29 a\u00f1os (&#8230;) y un m\u00ednimo de 15% de representantes de comunidades campesinas, nativas y pueblos originarios de cada provincia, donde existan, conforme lo determine el JNE\u201d.<br><br>En la actualidad tenemos 18 alcaldesas distritales en los 1,656 distritos, y 6 alcaldesas provinciales en las 196 provincias. Salvo que apliquemos una cuota horizontal que obligue a que un m\u00ednimo del 30% de candidaturas de mujeres a las alcald\u00edas provinciales y distritales la encabecen mujeres, no se revertir\u00e1 la tendencia. Las cuotas solo se aplicaron a los consejos locales.<br><br>Por ello tenemos 449 regidoras provinciales de 1,756, que son el 25.5%, y 2,567 regidoras distritales de 8,824, el 29%. Es aqu\u00ed donde est\u00e1 el 96% de la representaci\u00f3n femenina, que ha hecho enormes esfuerzos para desarrollar propuestas y articularse con las organizaciones de mujeres. Es necesario hacer un inventario de lo que las mujeres autoridades modificaron en todo el Per\u00fa en esta d\u00e9cada de permanencia en los consejos locales, y por supuesto, las resistencias machistas por su presencia, las que hay que revertir, am\u00e9n de tener una ley de acoso pol\u00edtico que garantice la permanencia de las mujeres en la pol\u00edtica.<br><br>Por ello, alternancia sin paridad es una salida corta para las mujeres. Vox Populi en su encuesta del 22 julio al 6 de agosto, destaca que el 72% de la poblaci\u00f3n considera que las listas deben ser ampliadas al 50% de mujeres. Ganamos en la opini\u00f3n p\u00fablica, pero sigue habiendo conservadurismo a la hora de tratar los derechos de las mujeres en el Congreso.<br><br><\/p>\n","protected":false},"excerpt":{"rendered":"<p>Propuestas feministas Seguiremos impulsando la campa\u00f1a Somos la Mitad, queremos Paridad sin acoso pol\u00edtico Diana Miloslavich SemM\u00e9xico, Lima, Per\u00fa, 7 noviembre 2017.- Necesitamos un nuevo C\u00f3digo Electoral y en ese camino parec\u00edamos caminar hasta que dej\u00f3 de ser una prioridad fortalecer nuestro sistema pol\u00edtico electoral. Por ello, organizaciones feministas como Flora Trist\u00e1n, Manuela Ramos y [&hellip;]<\/p>\n","protected":false},"author":3,"featured_media":7521,"comment_status":"open","ping_status":"open","sticky":false,"template":"","format":"standard","meta":{"_monsterinsights_skip_tracking":false,"footnotes":""},"categories":[687,89],"tags":[],"class_list":["post-7520","post","type-post","status-publish","format-standard","has-post-thumbnail","category-687","category-diana-miloslavich-tupac"],"_links":{"self":[{"href":"https:\/\/redsemlac.com\/semmexico\/wp-json\/wp\/v2\/posts\/7520","targetHints":{"allow":["GET"]}}],"collection":[{"href":"https:\/\/redsemlac.com\/semmexico\/wp-json\/wp\/v2\/posts"}],"about":[{"href":"https:\/\/redsemlac.com\/semmexico\/wp-json\/wp\/v2\/types\/post"}],"author":[{"embeddable":true,"href":"https:\/\/redsemlac.com\/semmexico\/wp-json\/wp\/v2\/users\/3"}],"replies":[{"embeddable":true,"href":"https:\/\/redsemlac.com\/semmexico\/wp-json\/wp\/v2\/comments?post=7520"}],"version-history":[{"count":0,"href":"https:\/\/redsemlac.com\/semmexico\/wp-json\/wp\/v2\/posts\/7520\/revisions"}],"wp:featuredmedia":[{"embeddable":true,"href":"https:\/\/redsemlac.com\/semmexico\/wp-json\/wp\/v2\/media\/7521"}],"wp:attachment":[{"href":"https:\/\/redsemlac.com\/semmexico\/wp-json\/wp\/v2\/media?parent=7520"}],"wp:term":[{"taxonomy":"category","embeddable":true,"href":"https:\/\/redsemlac.com\/semmexico\/wp-json\/wp\/v2\/categories?post=7520"},{"taxonomy":"post_tag","embeddable":true,"href":"https:\/\/redsemlac.com\/semmexico\/wp-json\/wp\/v2\/tags?post=7520"}],"curies":[{"name":"wp","href":"https:\/\/api.w.org\/{rel}","templated":true}]}}