{"id":75175,"date":"2023-12-13T15:47:09","date_gmt":"2023-12-13T21:47:09","guid":{"rendered":"https:\/\/redsemlac.com\/semmexico\/?p=75175"},"modified":"2023-12-13T15:47:09","modified_gmt":"2023-12-13T21:47:09","slug":"permiso-de-paternidad-ayudara-a-equilibrar-responsabilidades-entre-hombres-y-mujeres-afirman-diputadas-y-diputados","status":"publish","type":"post","link":"https:\/\/redsemlac.com\/semmexico\/permiso-de-paternidad-ayudara-a-equilibrar-responsabilidades-entre-hombres-y-mujeres-afirman-diputadas-y-diputados\/","title":{"rendered":"Permiso de paternidad ayudara a equilibrar responsabilidades entre hombres y mujeres, afirman diputadas y diputados"},"content":{"rendered":"\n<ul class=\"wp-block-list\">\n<li>Los cambios fueron enviado al Senado, para su ratificaci\u00f3n y posterior promulgaci\u00f3n<\/li>\n\n\n\n<li>Ser\u00e1n 12 d\u00edas con goce de salario a partir del nacimiento de sus hijos o hijas<\/li>\n<\/ul>\n\n\n\n<p class=\"wp-block-paragraph\">Elda Montiel<br>SemM\u00e9xico, Ciudad de M\u00e9xico, 13 de diciembre, 2023.- Son obligaciones de los patrones, otorgar permiso de paternidad de 20 d\u00edas laborables con goce de sueldo, a los hombres trabajadores, contados a partir del nacimiento de sus hijos o hijas y de igual manera en el caso de la adopci\u00f3n de un infante en la reforma aprobada en la Ley Federal del Trabajo en la C\u00e1mara de Diputados.<\/p>\n\n\n\n<p class=\"wp-block-paragraph\"><br>La reforma abarca tambi\u00e9n a los trabajadores al servicio del Estado y precisa que si hay complicaciones posteriores al parto que perjudiquen a la madre o al reci\u00e9n nacido, el permiso podr\u00e1 ser de hasta 30 d\u00edas, previa presentaci\u00f3n del certificado m\u00e9dico correspondiente.<\/p>\n\n\n\n<p class=\"wp-block-paragraph\"><br>Actualmente el permiso de paternidad es de cinco d\u00edas, al respecto la diputada Claudia Alejandra Hern\u00e1ndez como el diputado Manuel de Jes\u00fas Baldenero Arredondo, ambos de Morena, consideraron que con dicha reforma que favorece a los trabajadores del Apartado A y B se avanz\u00f3 en la igualdad sustantiva lo que abonar\u00e1 para erradicar la discriminaci\u00f3n laboral de las mujeres al reconocer la responsabilidad 50 y 50 de hombres y mujeres en el hogar.<\/p>\n\n\n\n<p class=\"wp-block-paragraph\"><br>Hern\u00e1ndez S\u00e1enz precis\u00f3: \u201cSe ha pasado de un modelo de pareja, basado de la autoridad de los varones y la dependencia de las mujeres, a una relaci\u00f3n de igualad de derechos de ambos miembros de la pareja\u201d.<\/p>\n\n\n\n<p class=\"wp-block-paragraph\"><br>La diputada del Partido Verde Mar\u00eda del Roc\u00edo Corona Nakamura expres\u00f3 que votaran a favor de modificar los roles tradicionales entre mujeres y hombres, lo que es necesario para equilibrar las responsabilidades familiares. El permiso de paternidad propicia una participaci\u00f3n del padre en el \u00e1mbito domestico y una distribuci\u00f3n equilibrada de las responsabilidades familiares.<\/p>\n\n\n\n<p class=\"wp-block-paragraph\"><br>La diputada panista Berenice Montes Estrada hizo el se\u00f1alamiento de que M\u00e9xico se encuentra rezagado en el tema de acuerdo a la OCDE porque nuestro pa\u00eds promedia 4.8 semanas con paternidad con goce de sueldo, y que est\u00e1 por debajo de Colombia, Ecuador, Per\u00fa, Uruguay, Paraguay y Venezuela.<\/p>\n\n\n\n<p class=\"wp-block-paragraph\"><br>Consider\u00f3 necesario equilibrar la responsabilidad de crianza, ya que el permiso por paternidad en M\u00e9xico no es obligatorio para todos los padres trabajadores, pero para las madres trabajadoras s\u00ed es una obligaci\u00f3n. \u201cOtorgar m\u00e1s d\u00edas ayuda a que el trabajador se sienta m\u00e1s tranquilo y pueda apoyar en las tareas de crianza\u201d.<\/p>\n\n\n\n<p class=\"wp-block-paragraph\"><br>Para el diputado de Movimiento Ciudadano, Jorge \u00c1lvarez M\u00e1ynez es una reforma con perspectiva de g\u00e9nero porque es un primer paso, porque se ha construido una sociedad cuidadora dependiente del trabajo no remunerado de millones de mujeres que ejercen esa labor, aunado a que no hay un registro de cu\u00e1ntas personas pueden acceder a ese permiso de paternidad.<\/p>\n\n\n\n<p class=\"wp-block-paragraph\"><br>Los cambios fueron enviados a su colegisladora, la C\u00e1mara de Senadores, para su an\u00e1lisis, discusi\u00f3n y posible aprobaci\u00f3n, previo a su oficializaci\u00f3n<\/p>\n","protected":false},"excerpt":{"rendered":"<p>Los cambios fueron enviado al Senado, para su ratificaci\u00f3n y posterior promulgaci\u00f3n<\/p>\n","protected":false},"author":3,"featured_media":75176,"comment_status":"open","ping_status":"open","sticky":false,"template":"","format":"standard","meta":{"_monsterinsights_skip_tracking":false,"footnotes":""},"categories":[50],"tags":[],"class_list":["post-75175","post","type-post","status-publish","format-standard","has-post-thumbnail","category-congreso"],"_links":{"self":[{"href":"https:\/\/redsemlac.com\/semmexico\/wp-json\/wp\/v2\/posts\/75175","targetHints":{"allow":["GET"]}}],"collection":[{"href":"https:\/\/redsemlac.com\/semmexico\/wp-json\/wp\/v2\/posts"}],"about":[{"href":"https:\/\/redsemlac.com\/semmexico\/wp-json\/wp\/v2\/types\/post"}],"author":[{"embeddable":true,"href":"https:\/\/redsemlac.com\/semmexico\/wp-json\/wp\/v2\/users\/3"}],"replies":[{"embeddable":true,"href":"https:\/\/redsemlac.com\/semmexico\/wp-json\/wp\/v2\/comments?post=75175"}],"version-history":[{"count":0,"href":"https:\/\/redsemlac.com\/semmexico\/wp-json\/wp\/v2\/posts\/75175\/revisions"}],"wp:featuredmedia":[{"embeddable":true,"href":"https:\/\/redsemlac.com\/semmexico\/wp-json\/wp\/v2\/media\/75176"}],"wp:attachment":[{"href":"https:\/\/redsemlac.com\/semmexico\/wp-json\/wp\/v2\/media?parent=75175"}],"wp:term":[{"taxonomy":"category","embeddable":true,"href":"https:\/\/redsemlac.com\/semmexico\/wp-json\/wp\/v2\/categories?post=75175"},{"taxonomy":"post_tag","embeddable":true,"href":"https:\/\/redsemlac.com\/semmexico\/wp-json\/wp\/v2\/tags?post=75175"}],"curies":[{"name":"wp","href":"https:\/\/api.w.org\/{rel}","templated":true}]}}