{"id":75123,"date":"2023-12-11T17:40:11","date_gmt":"2023-12-11T23:40:11","guid":{"rendered":"https:\/\/redsemlac.com\/semmexico\/?p=75123"},"modified":"2023-12-11T17:40:11","modified_gmt":"2023-12-11T23:40:11","slug":"palabra-de-antigona-senoras-candidatas-escuchen","status":"publish","type":"post","link":"https:\/\/redsemlac.com\/semmexico\/palabra-de-antigona-senoras-candidatas-escuchen\/","title":{"rendered":"Palabra de Ant\u00edgona| \u00a1Se\u00f1oras candidatas! Escuchen"},"content":{"rendered":"\n<p class=\"wp-block-paragraph\"><strong>Sara Lovera*<\/strong><\/p>\n\n\n\n<p class=\"wp-block-paragraph\">SemM\u00e9xico, Ciudad de M\u00e9xico, 11 de diciembre, 2023.- Al t\u00e9rmino &nbsp;de la campa\u00f1a de &nbsp;los 16 d\u00edas de activismo contra las violencia de g\u00e9nero, &nbsp;me qued\u00f3&nbsp; una sensaci\u00f3n de vac\u00edo. Creada por el Instituto para el Liderazgo Global de las Mujeres en 1991, en Washington, hace m\u00e1s de tres d\u00e9cadas, ten\u00eda el objetivo de &nbsp;exigir a los gobiernos del mundo la prevenci\u00f3n y eliminaci\u00f3n de la violencia contra las mujeres y las ni\u00f1as.<\/p>\n\n\n\n<p class=\"wp-block-paragraph\">Uni\u00f3 al 25 de noviembre, D\u00eda Internacional de la Eliminaci\u00f3n de la Violencia contra la Mujer&nbsp; al 10 de diciembre, D\u00eda Mundial de los Derechos Humanos, para generar &nbsp;reflexiones y acciones desde la sociedad civil y &nbsp;presionar a&nbsp; gobiernos y sociedad &nbsp;a actuar.<\/p>\n\n\n\n<p class=\"wp-block-paragraph\">Una vez reconocida por la Organizaci\u00f3n de las Naciones Unidas, &nbsp;los gobiernos se apoderaron de su sentido y profundidad. La usaron. En M\u00e9xico, desnaturalizada est\u00e1 convertida en una campa\u00f1a de &nbsp;propaganda gubernamental.<\/p>\n\n\n\n<p class=\"wp-block-paragraph\">Este es el mejor ejemplo: el 28 de noviembre,&nbsp; el Instituto Nacional de las Mujeres, inform\u00f3 &nbsp;que en cinco a\u00f1os el gobierno de la Rep\u00fablica destin\u00f3 &nbsp;\u201crecursos sin precedentes\u201d de m\u00e1s de cuatro mil 200 millones de pesos para atender la violencia contra las mujeres.<\/p>\n\n\n\n<p class=\"wp-block-paragraph\">La &nbsp;informaci\u00f3n oficialista contrasta con la &nbsp;realidad. Todas las personas enteradas sabemos que desapareci\u00f3 en esta administraci\u00f3n&nbsp; la prevenci\u00f3n de la violencia contra las mujeres. Se prefiri\u00f3 entregar &nbsp;dinero para los programas de bienestar, mientras los &nbsp;programas de capacitaci\u00f3n y la formaci\u00f3n de hombres y mujeres, para comprender el fondo de la problem\u00e1tica de la violencia espec\u00edfica contra las mujeres, se nulificaron.<\/p>\n\n\n\n<p class=\"wp-block-paragraph\">A la &nbsp;sensaci\u00f3n de vac\u00edo, tengo &nbsp;un sentimiento de congoja, por &nbsp;la superficialidad c\u00f3mo se conduce el funcionariado p\u00fablico &nbsp;ante esta tragedia cotidiana. Pienso en la vida diaria, en esos lugares, llamados hogares, donde deb\u00eda aprenderse &nbsp;el afecto y los valores.<\/p>\n\n\n\n<p class=\"wp-block-paragraph\">La realidad es otra. La primera semana de diciembre &nbsp;se conoci\u00f3 el Estudio Mundial sobre el Homicidio 2023 de la Oficina de las Naciones Unidas contra la Droga y el Delito (UNODC), cuya revelaci\u00f3n m\u00e1s contundente es que cada hora en el mundo son asesinadas 52 personas, de las cuales 10 son mujeres, y de ellas, el 66 por ciento resultan de homicidios cometidos por la pareja. Las asesinadas, adem\u00e1s, &nbsp;significan el 54 por ciento de todos los homicidios sucedidos en el hogar.<\/p>\n\n\n\n<p class=\"wp-block-paragraph\">Las &nbsp;revelaciones de Naciones Unidas muestran el fracaso global de la b\u00fasqueda de la paz y la disminuci\u00f3n de la violencia dentro de los hogares. Da certidumbre de&nbsp; la &nbsp;vigencia del sistema fundado en el ejercicio del poder patriarcal. Muestra que el &nbsp;homicidio en casa, contra hombres, mujeres, ni\u00f1os y ni\u00f1as &nbsp;cobra mucho m\u00e1s vidas que las que se pierden en conflictos armados y el terrorismo.<\/p>\n\n\n\n<p class=\"wp-block-paragraph\">\u00bfQu\u00e9 es lo que ello nos dice? Que estamos en una crisis&nbsp; de relaciones interpersonales, que el discurso familista&nbsp; se hace pedazos; que est\u00e1 al descubierto que al interior de los&nbsp; hogares, con &nbsp;matrimonios simulados, &nbsp;de &nbsp;felices y formales &nbsp;familias, lo que se anida es &nbsp;rencor y violencia. Ah\u00ed est\u00e1n perdidos los valores de solidaridad, &nbsp;ciudadan\u00eda, generosidad, &nbsp;compromiso comunitario y el amor como una aspiraci\u00f3n humana.<\/p>\n\n\n\n<p class=\"wp-block-paragraph\">El estudio dice &nbsp;que la guerra, esa terrible que nos acosa en Medio Oriente, es menos letal que lo que viven millones de personas en su &nbsp;propia casa.<\/p>\n\n\n\n<p class=\"wp-block-paragraph\">Pienso que ello les tendr\u00eda que decir algo a las mujeres en la pol\u00edtica, a sus proyectos de gobierno, d\u00f3nde poner el dinero y la mirada para construir y empujar el cambio cultural, la revoluci\u00f3n \u2013 esa si- de las conciencias&nbsp; y la b\u00fasqueda de una mejor convivencia, y no el odio y la divisi\u00f3n. Pero eso es ut\u00f3pico, porque mexicanos y mexicanas, est\u00e1n s\u00f3lo en eso, en la lucha por el poder. Es una desgracia. Veremos.<\/p>\n\n\n\n<p class=\"wp-block-paragraph\">*Periodista. Directora del portal informativo&nbsp; http: <a href=\"https:\/\/redsemlac.com\/semmexico\">www.semmexico.mx<\/a><\/p>\n","protected":false},"excerpt":{"rendered":"<p>Una vez reconocida por la Organizaci\u00f3n de las Naciones Unidas, \u00a0los gobiernos se apoderaron de su sentido y profundidad. La usaron. <\/p>\n","protected":false},"author":3,"featured_media":71398,"comment_status":"open","ping_status":"open","sticky":false,"template":"","format":"standard","meta":{"_monsterinsights_skip_tracking":false,"footnotes":""},"categories":[35,95,69],"tags":[149,459],"class_list":["post-75123","post","type-post","status-publish","format-standard","has-post-thumbnail","category-opinion","category-palabra-de-antigona","category-sara-lovera","tag-mujeres","tag-opinion"],"_links":{"self":[{"href":"https:\/\/redsemlac.com\/semmexico\/wp-json\/wp\/v2\/posts\/75123","targetHints":{"allow":["GET"]}}],"collection":[{"href":"https:\/\/redsemlac.com\/semmexico\/wp-json\/wp\/v2\/posts"}],"about":[{"href":"https:\/\/redsemlac.com\/semmexico\/wp-json\/wp\/v2\/types\/post"}],"author":[{"embeddable":true,"href":"https:\/\/redsemlac.com\/semmexico\/wp-json\/wp\/v2\/users\/3"}],"replies":[{"embeddable":true,"href":"https:\/\/redsemlac.com\/semmexico\/wp-json\/wp\/v2\/comments?post=75123"}],"version-history":[{"count":0,"href":"https:\/\/redsemlac.com\/semmexico\/wp-json\/wp\/v2\/posts\/75123\/revisions"}],"wp:featuredmedia":[{"embeddable":true,"href":"https:\/\/redsemlac.com\/semmexico\/wp-json\/wp\/v2\/media\/71398"}],"wp:attachment":[{"href":"https:\/\/redsemlac.com\/semmexico\/wp-json\/wp\/v2\/media?parent=75123"}],"wp:term":[{"taxonomy":"category","embeddable":true,"href":"https:\/\/redsemlac.com\/semmexico\/wp-json\/wp\/v2\/categories?post=75123"},{"taxonomy":"post_tag","embeddable":true,"href":"https:\/\/redsemlac.com\/semmexico\/wp-json\/wp\/v2\/tags?post=75123"}],"curies":[{"name":"wp","href":"https:\/\/api.w.org\/{rel}","templated":true}]}}