{"id":75110,"date":"2023-12-11T16:43:33","date_gmt":"2023-12-11T22:43:33","guid":{"rendered":"https:\/\/redsemlac.com\/semmexico\/?p=75110"},"modified":"2023-12-11T16:43:33","modified_gmt":"2023-12-11T22:43:33","slug":"la-violencia-en-el-hogar-el-principal-motivo-para-que-menores-migran-de-su-lugar-de-origen","status":"publish","type":"post","link":"https:\/\/redsemlac.com\/semmexico\/la-violencia-en-el-hogar-el-principal-motivo-para-que-menores-migran-de-su-lugar-de-origen\/","title":{"rendered":"La violencia en el hogar, el principal motivo para que menores migran de su lugar de origen"},"content":{"rendered":"\n<ul class=\"wp-block-list\">\n<li><strong>\u201cEstamos hablando de personas con incertidumbre, miedos, mucha ira\u201d, indic\u00f3 Valeria Ruiz Griego<\/strong><\/li>\n<\/ul>\n\n\n\n<p class=\"wp-block-paragraph\"><strong>Adelina Dayebi Pazos<\/strong><strong><\/strong><\/p>\n\n\n\n<p class=\"wp-block-paragraph\">SemM\u00e9xico\/ El Sol de Tijuana, Tijuana, B.C., 11 de diciembre, 2023.-La violencia familiar es uno de los principales motivos por el cual el n\u00famero de ni\u00f1as y adolescentes que ha comenzado a migrar va en aumento, mencion\u00f3 Valeria Ruiz Griego, coordinadora general de Casa YMCA, para ni\u00f1os, ni\u00f1as y adolescentes en movilidad.<\/p>\n\n\n\n<p class=\"wp-block-paragraph\">\u201cTenemos mucho ni\u00f1a y adolescente que est\u00e1 viajando por violencia en el hogar, que han estado viviendo con personas distintas a su familia y la persona o comunidad con la que viven se han presentado situaciones de violencia de distintos tipos\u201d, explic\u00f3<\/p>\n\n\n\n<p class=\"wp-block-paragraph\">Casa YMCA trabaja con infancias de 12 a 17 a\u00f1os de edad y alrededor del 78% son hombres, el resto son mujeres.<\/p>\n\n\n\n<p class=\"wp-block-paragraph\">La proporci\u00f3n de hombres y mujeres que han habitado este espacio ha ido variando en los \u00faltimos a\u00f1os, Ruiz Griego explica que antes de la pandemia, la poblaci\u00f3n de hombres representaba un 90 % de la migraci\u00f3n.<\/p>\n\n\n\n<p class=\"wp-block-paragraph\">La coordinadora de Casa YMCA, mencion\u00f3 que el incremento de mujeres en contexto de movilidad es porque el resto de su familia sali\u00f3 de su lugar de origen.<\/p>\n\n\n\n<p class=\"wp-block-paragraph\">\u201cLa mayor\u00eda de los hombres han salido de su comunidad en los \u00faltimos a\u00f1os y la mayor\u00eda que se quedan son mujeres, pensando en los contextos de violencia e inseguridad que se han presentado, la \u00faltima que queda por migrar son las mujeres\u201d, detall\u00f3.<\/p>\n\n\n\n<p class=\"wp-block-paragraph\">Agreg\u00f3 que la mayor\u00eda de los menores de edad que han atendido en el \u00faltimo a\u00f1o son de comunidades rurales de Guerrero, Chiapas, Veracruz, Jalisco y Puebla. Adem\u00e1s de atender a adolescentes de otras nacionalidades, principalmente centroamericanos, como Guatemala.<\/p>\n\n\n\n<p class=\"wp-block-paragraph\">Las edades de quienes llegan a Casa YMCA, tienen principalmente entre 15 y 17 a\u00f1os, quienes participan en procesos de mantenimiento de familias, laborales y que est\u00e1n pr\u00f3ximos a transicionar a la vida adulta.<\/p>\n\n\n\n<p class=\"wp-block-paragraph\">Ruiz Griego mencion\u00f3 que en ocasiones los menores se averg\u00fcenzan de la situaci\u00f3n migratoria que enfrentan, raz\u00f3n por la cual la asociaci\u00f3n cuenta con un programa para tratar problemas de salud mental y darles herramientas para crear un plan de vida.<\/p>\n\n\n\n<p class=\"wp-block-paragraph\">\u201cCuando un adolescente llega a Casa YMCA, estamos hablando de personas con incertidumbre, miedos, mucha ira porque no han logrado el objetivo y la gran decepci\u00f3n que tienen de s\u00ed mismos\u201d, dijo la coordinadora general.<\/p>\n","protected":false},"excerpt":{"rendered":"<p>\u201cEstamos hablando de personas con incertidumbre, miedos, mucha ira\u201d, indic\u00f3 Valeria Ruiz Griego<\/p>\n","protected":false},"author":3,"featured_media":75111,"comment_status":"open","ping_status":"open","sticky":false,"template":"","format":"standard","meta":{"_monsterinsights_skip_tracking":false,"footnotes":""},"categories":[48],"tags":[142],"class_list":["post-75110","post","type-post","status-publish","format-standard","has-post-thumbnail","category-no-mas-impunidad-no-mas-impunidad","tag-violencia"],"_links":{"self":[{"href":"https:\/\/redsemlac.com\/semmexico\/wp-json\/wp\/v2\/posts\/75110","targetHints":{"allow":["GET"]}}],"collection":[{"href":"https:\/\/redsemlac.com\/semmexico\/wp-json\/wp\/v2\/posts"}],"about":[{"href":"https:\/\/redsemlac.com\/semmexico\/wp-json\/wp\/v2\/types\/post"}],"author":[{"embeddable":true,"href":"https:\/\/redsemlac.com\/semmexico\/wp-json\/wp\/v2\/users\/3"}],"replies":[{"embeddable":true,"href":"https:\/\/redsemlac.com\/semmexico\/wp-json\/wp\/v2\/comments?post=75110"}],"version-history":[{"count":0,"href":"https:\/\/redsemlac.com\/semmexico\/wp-json\/wp\/v2\/posts\/75110\/revisions"}],"wp:featuredmedia":[{"embeddable":true,"href":"https:\/\/redsemlac.com\/semmexico\/wp-json\/wp\/v2\/media\/75111"}],"wp:attachment":[{"href":"https:\/\/redsemlac.com\/semmexico\/wp-json\/wp\/v2\/media?parent=75110"}],"wp:term":[{"taxonomy":"category","embeddable":true,"href":"https:\/\/redsemlac.com\/semmexico\/wp-json\/wp\/v2\/categories?post=75110"},{"taxonomy":"post_tag","embeddable":true,"href":"https:\/\/redsemlac.com\/semmexico\/wp-json\/wp\/v2\/tags?post=75110"}],"curies":[{"name":"wp","href":"https:\/\/api.w.org\/{rel}","templated":true}]}}