{"id":75093,"date":"2023-12-11T10:33:24","date_gmt":"2023-12-11T16:33:24","guid":{"rendered":"https:\/\/redsemlac.com\/semmexico\/?p=75093"},"modified":"2023-12-11T10:33:25","modified_gmt":"2023-12-11T16:33:25","slug":"violeta-del-anahuac-mujeres-derechos-humanos","status":"publish","type":"post","link":"https:\/\/redsemlac.com\/semmexico\/violeta-del-anahuac-mujeres-derechos-humanos\/","title":{"rendered":"Violeta del An\u00e1huac| \u201cMujeres \u00bfderechos humanos?\u201d"},"content":{"rendered":"\n<p class=\"wp-block-paragraph\"><strong>Isabel Ortega Morales<\/strong><\/p>\n\n\n\n<p class=\"wp-block-paragraph\">SemM\u00e9xico, Tlapa, Guerrero, 11 de diciembre, 2023.- De acuerdo a un informe del Estudio Mundial sobre el Homicidio 2023 de la Oficina de las Naciones Unidas contra la Droga y el Delito, UNODC, que presenta la agencia de noticias de la MUJER, SemM\u00e9xico \u201cdel 54 por ciento de los homicidios en el hogar en el mundo, 66 por ciento la perdieron a manos de su pareja; 52 personas, hombres y mujeres asesinadas cada hora en el mundo; de todos los asesinatos el 9 por ciento son de periodistas y defensoras de derechos humanos\u201d.<\/p>\n\n\n\n<p class=\"wp-block-paragraph\">Si estos datos son duros, no lo es menos que saber que no se salvan tampoco las ni\u00f1as ni las adolescentes de sufrir este tipo de atentados, seg\u00fan refiere&nbsp; el Secretariado Ejecutivo del Sistema Nacional de Seguridad P\u00fablica, \u201clos feminicidios de ni\u00f1as y adolescentes en M\u00e9xico aumentaron a 7 de enero de 2023 un incremento de 16.7%\u201d.<\/p>\n\n\n\n<p class=\"wp-block-paragraph\">Con esta referencia los datos indican que mientras en enero del 2022 el reporte de feminicidios de mujeres en el rango de edad entre 0 y 17 a\u00f1os era de cada 5 d\u00edas en nuestro pa\u00eds, en enero de 2023 el registro fue de cada 4 d\u00edas.<\/p>\n\n\n\n<p class=\"wp-block-paragraph\">Incluso el uso de armas de fuego no se detuvo para cercenar la vida a mujeres en este rango de edad. La violencia feminicida reporta que en enero de enero de 2022 y en enero de 2023 fue de 1 feminicidio con uso de armas de fuego. En tanto el incremento de feminicidios en ese mismo rango de edad en enero de 2022 fue de 6, en enero de 2023 el n\u00famero de ni\u00f1as y mujeres de 0 a 17 a\u00f1os contra las que se cometieron feminicidios fue de 7.<\/p>\n\n\n\n<p class=\"wp-block-paragraph\">Esta misma fuente, el Secretariado Ejecutivo del Sistema Nacional de Seguridad P\u00fablica da a conocer que las mujeres v\u00edctimas de homicidio doloso pasaron en el primer trimestre de 2022 a 674 en ese mismo tiempo en el 2023 y que el uso de armas de fuego entre los casos reportados entre enero y marzo es del 71.2% y que en Guanajuato con 103 v\u00edctimas se coloca en primer lugar de estos casos seguido del Estado de M\u00e9xico con 91 y Chihuahua con 59.<\/p>\n\n\n\n<p class=\"wp-block-paragraph\">Pero porqu\u00e9 las mujeres han sido v\u00edctimas de feminicidio? De acuerdo a investigadoras como Andrea Ch\u00e1vez Trevi\u00f1o, asesora parlamentaria en el Senado de la Rep\u00fablica, el feminicidio fue un fen\u00f3meno que en Ciudad Ju\u00e1rez, Chihuahua, \u201cfue un referente internacional porque evidencia elementos constitutivos del feminicidio como son la impunidad y la ausencia del Estado\u201d; en tanto la doctora, Sandra Serrano Garc\u00eda, investigadora de la Facultad de Ciencias Sociales Latinoamericanas, FLACSO, las mujeres son ultimadas \u201cpor escuchar\u201d, y Adriana Ortiz-Ortega, Subdirectora de G\u00e9nero, Diversidad e Inclusi\u00f3n del ITAM, Instituto Tecnol\u00f3gico Aut\u00f3nomo de M\u00e9xico, la mayor circulaci\u00f3n de armas en el pa\u00eds es uno de los factores de la violencia en el que el patr\u00f3n de feminicidios se recrudece por el desprecio, desd\u00e9n hacia la mujer, violencia sexual, y hasta la b\u00fasqueda de las mujeres por recobrar territorios.<\/p>\n\n\n\n<p class=\"wp-block-paragraph\">Con ese patr\u00f3n de escalada de violencia hacia las mujeres, y la ausencia de pol\u00edticas p\u00fablicas que cambien tambi\u00e9n la impunidad, que se activen protocolos inmediatos de b\u00fasqueda, as\u00ed como homologar criterios de investigaci\u00f3n y hasta de sentencia, entre otros, no estaremos, hablando de derechos humanos plenos de las mujeres.<\/p>\n","protected":false},"excerpt":{"rendered":"<p>Con ese patr\u00f3n de escalada de violencia hacia las mujeres, y la ausencia de pol\u00edticas p\u00fablicas que cambien tambi\u00e9n la impunidad, que se activen protocolos inmediatos de b\u00fasqueda<\/p>\n","protected":false},"author":3,"featured_media":38368,"comment_status":"open","ping_status":"open","sticky":false,"template":"","format":"standard","meta":{"_monsterinsights_skip_tracking":false,"footnotes":""},"categories":[198,35,197],"tags":[149,459],"class_list":["post-75093","post","type-post","status-publish","format-standard","has-post-thumbnail","category-isabel-ortega-morales","category-opinion","category-violeta-del-anahuac","tag-mujeres","tag-opinion"],"_links":{"self":[{"href":"https:\/\/redsemlac.com\/semmexico\/wp-json\/wp\/v2\/posts\/75093","targetHints":{"allow":["GET"]}}],"collection":[{"href":"https:\/\/redsemlac.com\/semmexico\/wp-json\/wp\/v2\/posts"}],"about":[{"href":"https:\/\/redsemlac.com\/semmexico\/wp-json\/wp\/v2\/types\/post"}],"author":[{"embeddable":true,"href":"https:\/\/redsemlac.com\/semmexico\/wp-json\/wp\/v2\/users\/3"}],"replies":[{"embeddable":true,"href":"https:\/\/redsemlac.com\/semmexico\/wp-json\/wp\/v2\/comments?post=75093"}],"version-history":[{"count":0,"href":"https:\/\/redsemlac.com\/semmexico\/wp-json\/wp\/v2\/posts\/75093\/revisions"}],"wp:featuredmedia":[{"embeddable":true,"href":"https:\/\/redsemlac.com\/semmexico\/wp-json\/wp\/v2\/media\/38368"}],"wp:attachment":[{"href":"https:\/\/redsemlac.com\/semmexico\/wp-json\/wp\/v2\/media?parent=75093"}],"wp:term":[{"taxonomy":"category","embeddable":true,"href":"https:\/\/redsemlac.com\/semmexico\/wp-json\/wp\/v2\/categories?post=75093"},{"taxonomy":"post_tag","embeddable":true,"href":"https:\/\/redsemlac.com\/semmexico\/wp-json\/wp\/v2\/tags?post=75093"}],"curies":[{"name":"wp","href":"https:\/\/api.w.org\/{rel}","templated":true}]}}