{"id":7509,"date":"2018-04-25T03:17:53","date_gmt":"2018-04-25T03:17:53","guid":{"rendered":"https:\/\/redsemlac.com\/semmexico\/?p=7509"},"modified":"2023-07-21T14:31:08","modified_gmt":"2023-07-21T19:31:08","slug":"debates-electorales-atrapados-entre-la-inequidad-y-la-modernidad-liquida","status":"publish","type":"post","link":"https:\/\/redsemlac.com\/semmexico\/debates-electorales-atrapados-entre-la-inequidad-y-la-modernidad-liquida\/","title":{"rendered":"Debates electorales, atrapados entre la inequidad y la modernidad liquida"},"content":{"rendered":"\n<p class=\"wp-block-paragraph\">En ambos debates vimos un formato acotado porque los marcos legislativos.<\/p>\n\n\n\n<h5 class=\"wp-block-heading\"> A lo m\u00e1s hay di\u00e1logos bilaterales, pero no un debate.<\/h5>\n\n\n\n<p class=\"wp-block-paragraph\"><a href=\"https:\/\/semmexico.com\/gallery-post.php?id=4631#\">Rita Imelda Fern\u00e1ndez<\/a><\/p>\n\n\n\n<p class=\"wp-block-paragraph\">SemM\u00e9xico, Cd. de M\u00e9xico, 25 de abril de 2018. El d\u00eda mi\u00e9rcoles se desarroll\u00f3 el debate chilango y el domingo el debate presidencial y en ambos casos vimos el cinismo de la derecha y de quienes defienden la violencia como lenguaje social pararse en un estrado y decir s\u00ed, aqu\u00ed sigue la barbarie y no solo eso, adem\u00e1s convocan a la regresi\u00f3n social a la exclusi\u00f3n de derechos yendo abiertamente contra la diversidad gen\u00e9rica y de familias, a limitar y en ese sentido, a criminalizar el derecho a decidir sobre nuestros propios cuerpos.&nbsp;<br><br>Vimos un debate que le qued\u00f3 mucho a deber a la ciudadan\u00eda que con agobio transita y vive un pa\u00eds sumido en violencia y corrupci\u00f3n. Vimos candidatas y candidatos desconectados de la sociedad mexicana profundamente lastimada por la violencia, de la tragedia que significa haber vivido o visto muy de cerca la violencia en grandes escalas como los asesinatos, feminicidios, secuestros, desaparici\u00f3n de personas, expulsi\u00f3n de sus lugares de residencia por violencia sistem\u00e1tica en sus lugares de origen.&nbsp;<br><br>En ambos debates vimos un formato acotado porque los marcos legislativos, las reglas no dichas y las normas escritas presentan a candidatos y candidatas en mon\u00f3logos. Qui\u00e9n es puntero no se baja a debatir y qui\u00e9n va en segundo o tercer lugar golpea al puntero para robar simpatizantes. A lo m\u00e1s hay di\u00e1logos bilaterales, pero no un debate.&nbsp;<br><br>Este formato r\u00edgido que promueve el INE y sus hom\u00f3logos locales est\u00e1n enfocados en dar a todos exactamente lo mismo, se olvidan que igualdad significa dar a cada quien lo que merece, no dar exactamente lo mismo. Acaso ustedes creen que merecen el mismo tiempo quienes ocupan su tiempo para descalificaciones personales que quienes hablan de propuestas espec\u00edficas con diagn\u00f3sticos y tratamientos razonables apoyados en una buena l\u00f3gica del gasto de recursos materiales o humanos. Creen que merece el mismo tiempo aquellas personas que hablan desde la sinraz\u00f3n y proponen mochar manos. Merece lo mismo qui\u00e9n llama a la discusi\u00f3n que quien pretende defenderse de 5 provocaciones diversas. Yo creo quienes moderan un debate entre 5 o m\u00e1s candidatos y candidatas podr\u00edan bajo un esquema m\u00e1s flexible dar a cada cual el tiempo que merece.&nbsp;<br><br>Eso fue lo que vimos el domingo los m\u00e1s 11.4 millones de personas mayores de 18 a\u00f1os, 40% de las personas que tuvieron prendida la televisi\u00f3n m\u00e1s las personas que vieron a trav\u00e9s de redes sociales el debate, espec\u00edficamente 2.3 millones de usuarios en Facebook, 850 mil en twitter y en Periscope y YouTube m\u00e1s de 188 mil personas. Eso fue lo que vimos en un momento hist\u00f3rico donde la violencia estructural nos ha rebasado, donde las soluciones se requer\u00edan para hace una d\u00e9cada, donde las juventudes se involucran y pueden verificar casi en tiempo real los dichos por quienes se postulan a candidatos de elecci\u00f3n popular, donde ya no queda m\u00e1s tiempo para actuar, vimos candidaturas tibias, candidaturas que se apegan al gui\u00f3n escrito por consultor\u00edas en marketing e imagen y se olvidan que se est\u00e1n postulando para conectar con las personas y resolver las problem\u00e1ticas que miles enfrentamos d\u00eda con d\u00eda en nuestro pa\u00eds.&nbsp;<br><br>SEM\/Rf<br><br>Rita Imelda Fern\u00e1ndez<br>Twitter @RitaIFdz<\/p>\n","protected":false},"excerpt":{"rendered":"<p>En ambos debates vimos un formato acotado porque los marcos legislativos. A lo m\u00e1s hay di\u00e1logos bilaterales, pero no un debate. Rita Imelda Fern\u00e1ndez SemM\u00e9xico, Cd. de M\u00e9xico, 25 de abril de 2018. El d\u00eda mi\u00e9rcoles se desarroll\u00f3 el debate chilango y el domingo el debate presidencial y en ambos casos vimos el cinismo de [&hellip;]<\/p>\n","protected":false},"author":3,"featured_media":7452,"comment_status":"open","ping_status":"open","sticky":false,"template":"","format":"standard","meta":{"_monsterinsights_skip_tracking":false,"footnotes":""},"categories":[689,88],"tags":[],"class_list":["post-7509","post","type-post","status-publish","format-standard","has-post-thumbnail","category-689","category-rita-imelda-fernandez-gonzalez"],"_links":{"self":[{"href":"https:\/\/redsemlac.com\/semmexico\/wp-json\/wp\/v2\/posts\/7509","targetHints":{"allow":["GET"]}}],"collection":[{"href":"https:\/\/redsemlac.com\/semmexico\/wp-json\/wp\/v2\/posts"}],"about":[{"href":"https:\/\/redsemlac.com\/semmexico\/wp-json\/wp\/v2\/types\/post"}],"author":[{"embeddable":true,"href":"https:\/\/redsemlac.com\/semmexico\/wp-json\/wp\/v2\/users\/3"}],"replies":[{"embeddable":true,"href":"https:\/\/redsemlac.com\/semmexico\/wp-json\/wp\/v2\/comments?post=7509"}],"version-history":[{"count":0,"href":"https:\/\/redsemlac.com\/semmexico\/wp-json\/wp\/v2\/posts\/7509\/revisions"}],"wp:featuredmedia":[{"embeddable":true,"href":"https:\/\/redsemlac.com\/semmexico\/wp-json\/wp\/v2\/media\/7452"}],"wp:attachment":[{"href":"https:\/\/redsemlac.com\/semmexico\/wp-json\/wp\/v2\/media?parent=7509"}],"wp:term":[{"taxonomy":"category","embeddable":true,"href":"https:\/\/redsemlac.com\/semmexico\/wp-json\/wp\/v2\/categories?post=7509"},{"taxonomy":"post_tag","embeddable":true,"href":"https:\/\/redsemlac.com\/semmexico\/wp-json\/wp\/v2\/tags?post=7509"}],"curies":[{"name":"wp","href":"https:\/\/api.w.org\/{rel}","templated":true}]}}