{"id":75053,"date":"2023-12-09T08:38:28","date_gmt":"2023-12-09T14:38:28","guid":{"rendered":"https:\/\/redsemlac.com\/semmexico\/?p=75053"},"modified":"2023-12-09T08:38:29","modified_gmt":"2023-12-09T14:38:29","slug":"argentina-la-amenaza-de-la-libertad-individualista-sobre-las-conquistas-del-feminismo","status":"publish","type":"post","link":"https:\/\/redsemlac.com\/semmexico\/argentina-la-amenaza-de-la-libertad-individualista-sobre-las-conquistas-del-feminismo\/","title":{"rendered":"Argentina: la amenaza de la libertad individualista sobre las conquistas del feminismo"},"content":{"rendered":"\n<p class=\"wp-block-paragraph\">&nbsp;<a href=\"https:\/\/ladiaria.com.uy\/periodista\/romina-lema\/\">Romina Lema<\/a><\/p>\n\n\n\n<p class=\"wp-block-paragraph\">SemM\u00e9xico, <a href=\"https:\/\/ladiaria.com.uy\/seccion\/movimientos-feministas\/\">Movimientos feministas<\/a>, Buenos Aires, 9 de diciembre, 2023 .- A d\u00edas de la asunci\u00f3n presidencial de Javier Milei, un an\u00e1lisis sobre la viabilidad de las propuestas que eliminan derechos conquistados por el feminismo.<\/p>\n\n\n\n<p class=\"wp-block-paragraph\">El economista Javier Milei llega al gobierno tras su triunfo contra el oficialista Sergio Massa, de Uni\u00f3n por la Patria, en el&nbsp;<a href=\"https:\/\/ladiaria.com.uy\/mundo\/articulo\/2023\/11\/javier-milei-sera-el-proximo-presidente-argentino\/\">balotaje del pasado 19 de noviembre<\/a>.<\/p>\n\n\n\n<p class=\"wp-block-paragraph\">Con un discurso liberal contra los privilegios de la clase pol\u00edtica, con propuestas de privatizaci\u00f3n y achicamiento del Estado y una l\u00ednea fuertemente antifeminista, La Libertad Avanza, su partido, logr\u00f3 obtener el apoyo del 55,65% del electorado.<\/p>\n\n\n\n<p class=\"wp-block-paragraph\">En la previa de la asunci\u00f3n del nuevo gobierno, que ser\u00e1 este domingo,&nbsp;<em>la diaria<\/em>&nbsp;habl\u00f3 con activistas feministas argentinas sobre la viabilidad de las propuestas que van contra los derechos conquistados.<\/p>\n\n\n\n<p class=\"wp-block-paragraph\"><strong><em>El ataque al aborto como s\u00edmbolo del feminismo<\/em><\/strong><\/p>\n\n\n\n<p class=\"wp-block-paragraph\">\u201cSiempre dijimos que el neoliberalismo tiene un programa para nuestros cuerpos y no solamente programas econ\u00f3micos. Y eso es lo que se est\u00e1 viendo ac\u00e1\u201d, analiza Marta Dillon, periodista y militante lesbiana feminista, que integra la Red Transfeminista Antifascista. \u201cNo podemos ver a los y las votantes de Milei en un solo plano, sino que se combinan muchas razones. Se mezcl\u00f3 el voto antiperonista, el odio de g\u00e9nero; realmente hay muchas autocr\u00edticas que hacer. No supimos leer el peso que ten\u00eda la alt\u00edsima polarizaci\u00f3n que se estuvo dando sobre todo desde 2018, en donde influyen los derechos conquistados y la movilizaci\u00f3n feminista, que, as\u00ed como levant\u00f3 una marea gigantesca, tambi\u00e9n tuvo muchos detractores que sintieron que [el hecho de que] gan\u00e1ramos derechos significaba que les restaran derechos a ellos\u201d, agrega.<\/p>\n\n\n\n<p class=\"wp-block-paragraph\">En los d\u00edas posteriores a los comicios, el diputado nacional de La Libertad Avanza Alberto Benegas Lynch afirm\u00f3 que su partido promover\u00e1 en forma prioritaria la derogaci\u00f3n de la Ley de Interrupci\u00f3n Voluntaria del Embarazo (IVE),&nbsp;<a href=\"https:\/\/ladiaria.com.uy\/feminismos\/articulo\/2020\/12\/es-ley-argentina-aprobo-la-legalizacion-del-aborto\/\">aprobada en 2020<\/a>, y agreg\u00f3: \u201cNo s\u00e9 cu\u00e1ndo se pueda tratar [la ley]. La vida es el derecho primario. Que tengamos una ley del aborto me parece la salvajada m\u00e1s espantosa\u201d. Ya Milei, durante su campa\u00f1a electoral, hab\u00eda expresado su posicionamiento contra el aborto y hab\u00eda anticipado su intenci\u00f3n de realizar un plebiscito para evaluar la continuidad de la ley, por considerar que \u201cno es un derecho ganado\u201d.<\/p>\n\n\n\n<p class=\"wp-block-paragraph\">Pero no es tan simple. En Argentina, la sanci\u00f3n y la modificaci\u00f3n de leyes son competencia del Poder Legislativo a trav\u00e9s del Congreso Nacional. Si bien las leyes existentes se pueden derogar (de forma expresa o de forma t\u00e1cita cuando una nueva ley colisiona con una anterior), la Constituci\u00f3n argentina incluye el principio de no regresividad. Tal como explica Patricia Bustamante, abogada de la Campa\u00f1a Nacional por el Derecho al Aborto Legal, Seguro y Gratuito: \u201cNuestra Constituci\u00f3n, en el art\u00edculo 75, inciso 22, incorpora una serie de tratados de derechos humanos entre los que se encuentra el Pacto Nacional de Derechos Econ\u00f3micos y Culturales, que establece que el Estado argentino se compromete a respetar el principio de no regresividad, que complementa el principio de progresividad.<\/p>\n\n\n\n<p class=\"wp-block-paragraph\">Es decir, el Estado se compromete al respeto, protecci\u00f3n y garant\u00eda de determinados derechos y que, una vez logrado un avance, no es posible regresar a un estad\u00edo anterior. Por ende, en caso de derogarse leyes que regulan derechos humanos, derechos econ\u00f3micos, sociales o culturales, como lo son la salud y la educaci\u00f3n, tendr\u00edan que respetarse estos tratados y ser reemplazadas estas leyes por otras que respeten, protejan y garanticen a\u00fan m\u00e1s dichos derechos\u201d.<\/p>\n\n\n\n<p class=\"wp-block-paragraph\">En cuanto a la posibilidad de que desde el nuevo gobierno quisieran derogar leyes mediante un decreto, Bustamante explica que \u201cla Constituci\u00f3n en su art\u00edculo 76 proh\u00edbe la delegaci\u00f3n legislativa en el Poder Ejecutivo, limitando que este se inmiscuya en las esferas del Poder Legislativo\u201d. Seg\u00fan se\u00f1ala, las excepciones a esto son los Decretos Delegados y los Decretos de Necesidad y Urgencia (DNU).<\/p>\n\n\n\n<p class=\"wp-block-paragraph\">\u201cEn el primer caso, el Congreso delega en el Ejecutivo la posibilidad de inmiscuirse en materia legislativa, pero s\u00f3lo en temas de administraci\u00f3n o emergencia p\u00fablica. Por ejemplo, en el caso de la pandemia. Por otro lado, los DNU son herramientas de uso excepcional ante una necesidad y urgencia. Es decir, deber\u00eda acreditarse que se utiliza ese tipo de decreto por una necesidad tan urgente que no puede esperar el normal tratamiento de una ley por el Congreso nacional. Pero su uso est\u00e1 prohibido en materia penal, tributaria, electoral y del r\u00e9gimen de los partidos pol\u00edticos, por lo que mediante un DNU no podr\u00eda modificar la ley IVE ni el C\u00f3digo Penal que contempla la interrupci\u00f3n legal del embarazo [ILE] por causales\u201d, se\u00f1ala la profesional.<\/p>\n\n\n\n<p class=\"wp-block-paragraph\"><strong><em>Sin escucha ni acompa\u00f1amiento<\/em><\/strong><\/p>\n\n\n\n<p class=\"wp-block-paragraph\">Daniela Garc\u00eda es trabajadora social de la l\u00ednea 144, el servicio telef\u00f3nico gratuito de Argentina que atiende situaciones de violencia de g\u00e9nero en todo el pa\u00eds. Ella cuenta que \u201clas agresiones antes pasaban de manera muy aislada\u201d, pero que, \u201ca partir de las elecciones empezaron a aumentar hasta llegar a lo que fueron las amenazas de bomba\u201d del pasado 24 de noviembre, que implicaron \u201cevacuar el edificio y dejar a personas sin atender\u201d. \u201cNos vimos en la situaci\u00f3n de tener que dejar a personas sin asesoramiento, sin ser escuchadas\u201d, asegura Garc\u00eda.<\/p>\n\n\n\n<p class=\"wp-block-paragraph\">\u201cEs muy dif\u00edcil la situaci\u00f3n actual porque nosotras trabajamos con violencia continuamente, y encontrarte siendo objeto de violencia en tu lugar de trabajo mientras vos est\u00e1s asesorando a otras personas en situaci\u00f3n de violencia es muy duro\u201d, dice la trabajadora social.<\/p>\n\n\n\n<p class=\"wp-block-paragraph\">Seg\u00fan estad\u00edsticas oficiales, la l\u00ednea 144 recibi\u00f3 1.221.538 comunicaciones en los \u00faltimos cuatro a\u00f1os, de las cuales 93.783 requirieron una intervenci\u00f3n.<\/p>\n\n\n\n<p class=\"wp-block-paragraph\">Ese espacio, en el que trabajan 140 personas y actualmente depende del Ministerio de la Mujeres, G\u00e9neros y Diversidad \u2013que&nbsp;<a href=\"https:\/\/ladiaria.com.uy\/feminismos\/articulo\/2023\/8\/el-avance-de-las-derechas-en-argentina-un-analisis-con-perspectiva-de-genero\/\">Milei prometi\u00f3 eliminar<\/a>\u2013, funciona desde 2013 y es el \u00fanico con atenci\u00f3n las 24 horas todos los d\u00edas del a\u00f1o. Si bien el art\u00edculo 9 de la Ley 26.485 da creaci\u00f3n a la l\u00ednea, Garc\u00eda explica que \u201cla realidad es que esto tampoco garantiza nada, porque pueden recortar el presupuesto, nos pueden echar a las que estamos y cambiar la perspectiva de abordaje. Hay muchos escenarios posibles\u201d.<\/p>\n\n\n\n<p class=\"wp-block-paragraph\">Al d\u00eda de hoy, y siendo el \u00faltimo d\u00eda h\u00e1bil antes de la asunci\u00f3n del nuevo gobierno, no han recibido notificaci\u00f3n de c\u00f3mo continuar\u00e1 su labor. No tuvieron comunicaci\u00f3n con el gobierno entrante y tampoco hubo un proyecto de transici\u00f3n, por lo que las trabajadoras no saben si a partir del 10 de diciembre estar\u00e1n desempleadas. \u201cTodav\u00eda no sabemos en qu\u00e9 van a quedar nuestros puestos ni en qu\u00e9 instancia dentro del nuevo organigrama quedamos; es decir, qu\u00e9 es lo que va a pasar con el Ministerio de la Mujer y con todos los programas\u201d, se\u00f1ala Garc\u00eda.<\/p>\n\n\n\n<p class=\"wp-block-paragraph\">La Libertad Avanza tambi\u00e9n prometi\u00f3 desterrar la educaci\u00f3n sexual integral (ESI), contemplada como derecho en la Ley 26.150 promulgada en 2006. Carolina Pastorella, docente y capacitadora de la Direcci\u00f3n de Educaci\u00f3n Sexual Integral en la Provincia de Buenos Aires, cuenta que, si bien no recibieron comunicaci\u00f3n oficial del gobierno entrante, \u201cya se estuvo anunciando de alguna manera internamente el cierre de los programas, ya que se va a reducir el presupuesto\u201d. Agrega que \u201cmuchas mujeres que se incorporaron en los \u00faltimos a\u00f1os a los programas, logrando acceder a cargos donde revalorizaron su carrera en el feminismo, se encuentran con la incertidumbre y el temor de perder el puesto y el recorrido ganado\u201d.<\/p>\n\n\n\n<p class=\"wp-block-paragraph\">Situaciones que generan miedo, silencio, quietud y fragmentaci\u00f3n. Por eso, desde la docencia vienen construyendo distintas instancias ante este panorama, como detalla Pastorella: \u201cSe conform\u00f3 una red de docentes en emergencia, integrada por egresadas del post\u00edtulo de Educaci\u00f3n Sexual Integral, para hacer frente al desamparo, y a nivel m\u00e1s federal se conform\u00f3 el grupo M\u00e1s ESI\u201d.<\/p>\n\n\n\n<p class=\"wp-block-paragraph\">Tambi\u00e9n desde los sindicatos est\u00e1n planificando c\u00f3mo hacer frente no s\u00f3lo a los posibles despidos sino para sostener las pol\u00edticas y programas que fortalecen la ESI, como por ejemplo dentro del Sindicato Unificado de Trabajadores de la Educaci\u00f3n de Buenos Aires, donde habr\u00e1 espacios para repensar las masculinidades y programas de salud reproductiva.<\/p>\n\n\n\n<p class=\"wp-block-paragraph\"><strong><em>Balances y proyecciones<\/em><\/strong><\/p>\n\n\n\n<p class=\"wp-block-paragraph\">\u201cHay mucha gente que se contacta preocupada porque necesita de las pol\u00edticas p\u00fablicas del ministerio [de las mujeres], y queremos transmitir que estamos peleando mucho para resguardar los puestos de trabajo y que todos estos dispositivos sigan existiendo. El lema actual de la l\u00ednea 144 es: \u2018Estamos. Y estamos luchando para seguir estando\u2019\u201d, cuenta Garc\u00eda.<\/p>\n\n\n\n<p class=\"wp-block-paragraph\">Cuando la derecha avanza, lo hace rompiendo el tejido social y generando temor y desesperanza. Ante esto, Bustamante sostiene que \u201cla gran herramienta que ha hecho tan fuertes a los feminismos en Argentina es el tejido de redes porque se ha podido formar un movimiento plurinacional con un sentido muy federal y un respeto a las miradas locales\u201d. \u201cLa evoluci\u00f3n del movimiento a lo largo de los a\u00f1os ha ido incluyendo siempre m\u00e1s miradas. El tejido de redes hoy m\u00e1s que nunca se ha transformado en una necesidad urgente. A trav\u00e9s de esa fuerza, nos vamos a organizar para poder defender nuestros derechos en un contexto que a primera vista se ve hostil\u201d, afirma.<\/p>\n\n\n\n<p class=\"wp-block-paragraph\">En momentos en que urgen los lazos para el sostenimiento de la vida, tambi\u00e9n hacen falta miradas cr\u00edticas de aprendizajes r\u00e1pidos y respuestas concretas. Para Dillon, \u201cestos son momentos de poder elaborar respuestas m\u00e1s concretas a c\u00f3mo llegamos hasta ac\u00e1, y para eso se necesitan conversaciones profundas y amplias. Necesitamos profundizar los lazos feministas que venimos construyendo y que est\u00e1n vivos, es el momento de fortalecer los v\u00ednculos militantes, la amistad y la imaginaci\u00f3n pol\u00edtica, y empezar a pensar estrategias nuevas para resistir, pero tambi\u00e9n para reconstruir la alegr\u00eda de tener un movimiento con vocaci\u00f3n, deseo y voluntad de cambiarlo todo\u201d.<\/p>\n","protected":false},"excerpt":{"rendered":"<p>A d\u00edas de la asunci\u00f3n presidencial de Javier Milei, un an\u00e1lisis sobre la viabilidad de las propuestas que eliminan derechos conquistados por el feminismo.<\/p>\n","protected":false},"author":3,"featured_media":75054,"comment_status":"open","ping_status":"open","sticky":false,"template":"","format":"standard","meta":{"_monsterinsights_skip_tracking":false,"footnotes":""},"categories":[694,53],"tags":[],"class_list":["post-75053","post","type-post","status-publish","format-standard","has-post-thumbnail","category-destacadas","category-internacional"],"_links":{"self":[{"href":"https:\/\/redsemlac.com\/semmexico\/wp-json\/wp\/v2\/posts\/75053","targetHints":{"allow":["GET"]}}],"collection":[{"href":"https:\/\/redsemlac.com\/semmexico\/wp-json\/wp\/v2\/posts"}],"about":[{"href":"https:\/\/redsemlac.com\/semmexico\/wp-json\/wp\/v2\/types\/post"}],"author":[{"embeddable":true,"href":"https:\/\/redsemlac.com\/semmexico\/wp-json\/wp\/v2\/users\/3"}],"replies":[{"embeddable":true,"href":"https:\/\/redsemlac.com\/semmexico\/wp-json\/wp\/v2\/comments?post=75053"}],"version-history":[{"count":0,"href":"https:\/\/redsemlac.com\/semmexico\/wp-json\/wp\/v2\/posts\/75053\/revisions"}],"wp:featuredmedia":[{"embeddable":true,"href":"https:\/\/redsemlac.com\/semmexico\/wp-json\/wp\/v2\/media\/75054"}],"wp:attachment":[{"href":"https:\/\/redsemlac.com\/semmexico\/wp-json\/wp\/v2\/media?parent=75053"}],"wp:term":[{"taxonomy":"category","embeddable":true,"href":"https:\/\/redsemlac.com\/semmexico\/wp-json\/wp\/v2\/categories?post=75053"},{"taxonomy":"post_tag","embeddable":true,"href":"https:\/\/redsemlac.com\/semmexico\/wp-json\/wp\/v2\/tags?post=75053"}],"curies":[{"name":"wp","href":"https:\/\/api.w.org\/{rel}","templated":true}]}}