{"id":75013,"date":"2023-12-08T15:00:37","date_gmt":"2023-12-08T21:00:37","guid":{"rendered":"https:\/\/redsemlac.com\/semmexico\/?p=75013"},"modified":"2023-12-08T15:00:37","modified_gmt":"2023-12-08T21:00:37","slug":"semujer-conmemoro-el-aniversario-de-la-creacion-del-centro-de-justicia-para-mujeres-de-la-region-montana","status":"publish","type":"post","link":"https:\/\/redsemlac.com\/semmexico\/semujer-conmemoro-el-aniversario-de-la-creacion-del-centro-de-justicia-para-mujeres-de-la-region-montana\/","title":{"rendered":"SEMUJER conmemor\u00f3 el Aniversario de la Creaci\u00f3n del Centro de Justicia para Mujeres de la regi\u00f3n Monta\u00f1a"},"content":{"rendered":"\n<p class=\"wp-block-paragraph\"><strong>Redacci\u00f3n<\/strong><strong><\/strong><\/p>\n\n\n\n<p class=\"wp-block-paragraph\">SemM\u00e9xico\/Ceprovysa, Chilpancingo, Gro., 8 de diciembre, 2023.- La Secretar\u00eda de la Mujer conmemor\u00f3 el D\u00e9cimo Aniversario de la Creaci\u00f3n del Centro de Justicia para Mujeres de la regi\u00f3n Monta\u00f1a y entreg\u00f3 el \u201cPremio Estatal Ocotequila\u201d, a las mujeres que se han destacado por su contribuci\u00f3n al avance de los Derechos Pol\u00edticos Electorales.<\/p>\n\n\n\n<p class=\"wp-block-paragraph\">La titular de la SEMUJER, Violeta Pino Gir\u00f3n, quien destac\u00f3 que est\u00e1s acciones tienen como objetivo fortalecer esfuerzos para la Erradicaci\u00f3n de la Violencia en Contra de las Mujeres, Ni\u00f1as y Adolescentes, en el marco de los diecis\u00e9is d\u00edas de activismo.<\/p>\n\n\n\n<p class=\"wp-block-paragraph\">As\u00ed tambi\u00e9n, se llev\u00f3 a cabo la firma de Convenio con el Instituto Tecnol\u00f3gico Superior de la Monta\u00f1a, a cargo del Director General; Jos\u00e9 \u00c1ngel Mart\u00ednez Garc\u00eda y Entrega de reconocimientos a las ciudadanas que han colaborado de manera invaluable con el Centro de Justicia.<\/p>\n\n\n\n<p class=\"wp-block-paragraph\">El evento estuvo a cargo de la directora del Centro de Justicia para las Mujeres de Tlapa, Yuridia Victoria Le\u00f3n.<\/p>\n\n\n\n<p class=\"wp-block-paragraph\">Asistieron la presidenta de la Mesa Directiva del Congreso del Estado, Diputada. Leticia Mosso Hern\u00e1ndez y representantes del Municipio de Tlapa, Tribunal Superior de Justicia, Tribunal Electoral del Estado y de diversas dependencias estatales.<\/p>\n","protected":false},"excerpt":{"rendered":"<p>La Secretar\u00eda de la Mujer conmemor\u00f3 el D\u00e9cimo Aniversario de la Creaci\u00f3n del Centro de Justicia para Mujeres de la regi\u00f3n Monta\u00f1a y entreg\u00f3 el \u201cPremio Estatal Ocotequila\u201d, a las mujeres que se han destacado por su contribuci\u00f3n al avance de los Derechos Pol\u00edticos Electorales.<\/p>\n","protected":false},"author":3,"featured_media":75014,"comment_status":"open","ping_status":"open","sticky":false,"template":"","format":"standard","meta":{"_monsterinsights_skip_tracking":false,"footnotes":""},"categories":[700],"tags":[144],"class_list":["post-75013","post","type-post","status-publish","format-standard","has-post-thumbnail","category-estados","tag-guerrero"],"_links":{"self":[{"href":"https:\/\/redsemlac.com\/semmexico\/wp-json\/wp\/v2\/posts\/75013","targetHints":{"allow":["GET"]}}],"collection":[{"href":"https:\/\/redsemlac.com\/semmexico\/wp-json\/wp\/v2\/posts"}],"about":[{"href":"https:\/\/redsemlac.com\/semmexico\/wp-json\/wp\/v2\/types\/post"}],"author":[{"embeddable":true,"href":"https:\/\/redsemlac.com\/semmexico\/wp-json\/wp\/v2\/users\/3"}],"replies":[{"embeddable":true,"href":"https:\/\/redsemlac.com\/semmexico\/wp-json\/wp\/v2\/comments?post=75013"}],"version-history":[{"count":0,"href":"https:\/\/redsemlac.com\/semmexico\/wp-json\/wp\/v2\/posts\/75013\/revisions"}],"wp:featuredmedia":[{"embeddable":true,"href":"https:\/\/redsemlac.com\/semmexico\/wp-json\/wp\/v2\/media\/75014"}],"wp:attachment":[{"href":"https:\/\/redsemlac.com\/semmexico\/wp-json\/wp\/v2\/media?parent=75013"}],"wp:term":[{"taxonomy":"category","embeddable":true,"href":"https:\/\/redsemlac.com\/semmexico\/wp-json\/wp\/v2\/categories?post=75013"},{"taxonomy":"post_tag","embeddable":true,"href":"https:\/\/redsemlac.com\/semmexico\/wp-json\/wp\/v2\/tags?post=75013"}],"curies":[{"name":"wp","href":"https:\/\/api.w.org\/{rel}","templated":true}]}}