{"id":74992,"date":"2023-12-07T17:27:19","date_gmt":"2023-12-07T23:27:19","guid":{"rendered":"https:\/\/redsemlac.com\/semmexico\/?p=74992"},"modified":"2023-12-07T17:37:57","modified_gmt":"2023-12-07T23:37:57","slug":"opinion-concentracion-del-ingreso-y-de-la-riqueza-en-mexico","status":"publish","type":"post","link":"https:\/\/redsemlac.com\/semmexico\/opinion-concentracion-del-ingreso-y-de-la-riqueza-en-mexico\/","title":{"rendered":"Opini\u00f3n| Concentraci\u00f3n del ingreso y de la riqueza en M\u00e9xico"},"content":{"rendered":"\n<p class=\"wp-block-paragraph\">Sa\u00fal Escobar Toledo<\/p>\n\n\n\n<p class=\"wp-block-paragraph\">SemM\u00e9xico, Ciudad de M\u00e9xico, M\u00e9xico, 7 de diciembre, 2023. El \u201cPanorama Social de Am\u00e9rica Latina y el Caribe 2023\u201d, un estudio de la CEPAL publicado recientemente (www.cepal.org\/es\/publicaciones\/ps) da cuenta de los graves problema de desigualdad que sufre la regi\u00f3n. En primer lugar, se\u00f1ala que \u201ca fines de 2023 se cumple en la regi\u00f3n una d\u00e9cada que se inici\u00f3 en 2014 en que el crecimiento promedio ha sido extremadamente bajo, de solo un 0,8%, menos de la mitad del crecimiento promedio durante la denominada d\u00e9cada perdida de los a\u00f1os ochenta\u201d. Lo anterior, advierte, ha propiciado altos niveles de desigualdad.<\/p>\n\n\n\n<p class=\"wp-block-paragraph\">Sin embargo, agrega el informe, a partir del a\u00f1o pasado se pueden advertir algunas tendencias positivas: una ca\u00edda en la incidencia de la pobreza y la pobreza extrema, una reducci\u00f3n de la desigualdad de ingresos medida por el \u00edndice de Gini, un incremento en las tasas de participaci\u00f3n laboral y el empleo y una ca\u00edda de la desocupaci\u00f3n en 2022.<\/p>\n\n\n\n<p class=\"wp-block-paragraph\">Esta mejor\u00eda relativa no debe ocultarnos otro problema de enorme importancia: la distribuci\u00f3n personal de la riqueza, la cual alcanza niveles de concentraci\u00f3n mucho mayores que el ingreso. Algunos estudios muestran que en 2021 \u201cel decil superior concentraba bastante m\u00e1s riqueza que ingreso, y que la diferencia en cuanto a la participaci\u00f3n en cada uno de ellos oscilaba entre 15 y 21 puntos porcentuales\u201d.<\/p>\n\n\n\n<p class=\"wp-block-paragraph\">Por ello dice el estudio de la CEPAL, \u201cla extrema concentraci\u00f3n del patrimonio es una de las expresiones m\u00e1s evidentes de la desigualdad\u2026 A diferencia del ingreso, la riqueza\u2026 tiende a perdurar de una manera m\u00e1s s\u00f3lida a lo largo del tiempo\u201d, debido a que \u201csuele transmitirse entre generaciones (sobre todo por medio de las herencias y los negocios controlados por las mismas familias). De esta manera, se puede afirmar , con base en evidencias, que hay una correlaci\u00f3n negativa entre la desigualdad de la riqueza y la movilidad social intergeneracional y que esa concentraci\u00f3n de riqueza persiste sobre todo en los sectores m\u00e1s ricos.<\/p>\n\n\n\n<p class=\"wp-block-paragraph\">La concentraci\u00f3n de la riqueza, agrega el estudio de la CEPAL, tiene efectos negativos en el desarrollo econ\u00f3mico pero tambi\u00e9n en la pol\u00edtica ya que puede aumentar la desconfianza de la ciudadan\u00eda hacia las \u00e9lites y las instituciones, particularmente cuando \u201cel origen o el aumento de la riqueza de los multimillonarios se explica por sus conexiones pol\u00edticas o por sus v\u00ednculos con el aparato estatal, lo que puede llevar a cuestionar la legitimidad de su patrimonio y fomentar las tensiones sociales\u201d<\/p>\n\n\n\n<p class=\"wp-block-paragraph\">Ahora bien, la CEPAL advierte que no hay fuentes oficiales para medir la extrema riqueza en los pa\u00edses de Am\u00e9rica Latina y el Caribe por lo que el estudio decidi\u00f3 recurrir a la informaci\u00f3n recopilada en la lista anual de multimillonarios de Forbes. En esa lista figuran todas las personas del mundo cuyo patrimonio personal neto es igual o superior a 1, 000 millones de d\u00f3lares (excluyendo a las personas que obtuvieron ingresos en actividades ilegales). Ese patrimonio es la suma de activos financiero y no financieros menos las deudas.<\/p>\n\n\n\n<p class=\"wp-block-paragraph\">En 2022 el patrimonio de ese pu\u00f1ado de \u201cmilmillonarios\u201d de la regi\u00f3n lleg\u00f3 a 453 mil millones de d\u00f3lares corrientes lo que signific\u00f3 un aumento de 4, 600 millones respecto a 2021. Sin embargo, descontando la inflaci\u00f3n (particularmente aguda en 2021 y 2022) , la riqueza real de esos milmillonarios cay\u00f3 6.6%, a un nivel casi igual a la que detentaban un a\u00f1o antes de la pandemia.<\/p>\n\n\n\n<p class=\"wp-block-paragraph\">El estudio se\u00f1ala que \u201cel mayor nivel de concentraci\u00f3n de la riqueza extrema en 2021 tuvo lugar en el Brasil, donde los milmillonarios pose\u00edan el 6,4% de la riqueza nacional, seguido por Chile (5,4%) y la Argentina (4,7%)\u2026 En el caso de M\u00e9xico se observ\u00f3 que en los \u00faltimos tres a\u00f1os la concentraci\u00f3n de la extrema riqueza cay\u00f3 en comparaci\u00f3n con los a\u00f1os previos a 2019, lo que se explica porque entre 2012 y 2021 el patrimonio de los milmillonarios creci\u00f3 a un ritmo menor que la riqueza de la poblaci\u00f3n general. En 2018 representaba un 4.5% de la riqueza de la poblaci\u00f3n total y cay\u00f3 al 2.7% en 2020 aunque volvi\u00f3 a elevarse en 2021 a 3.3%. As\u00ed, en este \u00faltimo a\u00f1o, la riqueza de los mil millonarios aument\u00f3 alrededor de 3 veces m\u00e1s que el patrimonio del resto de la poblaci\u00f3n.<\/p>\n\n\n\n<p class=\"wp-block-paragraph\">Los sectores de actividad en los cuales se concentr\u00f3 el patrimonio real de los milmillonarios latinoamericanos fueron los siguientes: finanzas e inversiones, telecomunicaciones, alimentos y bebidas, y miner\u00eda y metales, en ese orden.&nbsp;<\/p>\n\n\n\n<p class=\"wp-block-paragraph\">El estudio de la CEPAL, como se advierte, no da cuenta de la estructura de la distribuci\u00f3n de la riqueza en la regi\u00f3n. Tan s\u00f3lo la que existe en unos cuantos milmillonarios. Sin embargo, hay razones para considerar que la concentraci\u00f3n de la riqueza en M\u00e9xico, a pesar de la mejor\u00eda den la distribuci\u00f3n del ingreso, se acentu\u00f3 en los \u00faltimos a\u00f1os en los niveles m\u00e1s acomodados de la poblaci\u00f3n.<\/p>\n\n\n\n<p class=\"wp-block-paragraph\">Seg\u00fan el portal Wealth Inequality (Wid.World) que ofrece datos acerca de la concentraci\u00f3n de la riqueza en diversos pa\u00edses del mundo, en el caso de M\u00e9xico,&nbsp; el 50 por ciento de la poblaci\u00f3n m\u00e1s pobre ten\u00eda una cifra negativa (-0.4%), es decir sus deudas eran mayores a los bienes que pose\u00eda; el 10 por ciento m\u00e1s acomodado acumulaba el 78.8 por ciento y (como parte de este segmento) el 1 por ciento m\u00e1s rico, el 47.1 por ciento de la riqueza nacional.<\/p>\n\n\n\n<p class=\"wp-block-paragraph\">Por otro lado, con base en la Encuesta de Inclusi\u00f3n Financiera 2021 (www.gob.mx\/cnbv)&nbsp; que llev\u00f3 a cabo la Comisi\u00f3n Nacional de Bolsa y Valores y el INEGI, se advierte que \u201cel 56% de la poblaci\u00f3n adulta del pa\u00eds report\u00f3 haber sufrido afectaciones econ\u00f3micas derivadas de la pandemia de la COVID-19\u201d. Y que las afectaciones fueron m\u00e1s graves en las regiones Sur (58%) y Centro Oriente (67%). La encuesta tambi\u00e9n se\u00f1ala que \u201cla poblaci\u00f3n afectada se vio obligada a recurrir a diversas medidas para enfrentar el choque econ\u00f3mico. Casi la totalidad de la poblaci\u00f3n que sufri\u00f3 alguna clase de afectaci\u00f3n econ\u00f3mica report\u00f3 haber reducido sus gastos para enfrentarla (el 95%)\u201d Y agrega que \u201calrededor de 8 de cada 10 personas afectadas recurri\u00f3 a sus ahorros\u201d. Adem\u00e1s, el 18% declar\u00f3 haber empe\u00f1ado o vendido bienes . Por lo que, se\u00f1alan, \u201cparte importante de la poblaci\u00f3n vio reducido su nivel de bienestar al tener que limitarse en su consumo y reducir sus ahorros, adem\u00e1s, de que posiblemente sus redes familiares de soporte se vieron tambi\u00e9n afectadas, lo que pudo haber generado una situaci\u00f3n de mayor vulnerabilidad financiera\u201d.<\/p>\n\n\n\n<p class=\"wp-block-paragraph\">Es decir, la mayor\u00eda de la poblaci\u00f3n tuvo una p\u00e9rdida de su patrimonio que fue resultado tanto de la disminuci\u00f3n del ahorro personal y de los bienes que pose\u00edan (y que tuvieron que vender o empe\u00f1ar). Ello, independientemente de que, al reducir su consumo se privaron de la compra de inmuebles u otros enseres que hubieran formado parte de su patrimonio futuro.<\/p>\n\n\n\n<p class=\"wp-block-paragraph\">La encuesta se\u00f1ala, adicionalmente, &nbsp;que apenas un 21% de la poblaci\u00f3n ten\u00eda un seguro en 2021, el cual pudo haber utilizado para remediar sus p\u00e9rdidas. Y acusa de una notable desigualdad entre g\u00e9nero, pues apenas el 16% de las mujeres contaba con un seguro mientras que el 26% de los hombres lo ten\u00eda. Asimismo, encontr\u00f3 que un 40% de la poblaci\u00f3n adulta carec\u00eda de cualquier instrumento de ahorro y que aquellos que ten\u00edan alguno o algunos, \u00e9stos consist\u00edan en cuentas de ahorro,&nbsp; de cheques o de n\u00f3mina, instrumentos que proporcionan una muy baja o nula tasa de rendimiento. En cambio, apenas el 2% de la poblaci\u00f3n adulta en M\u00e9xico ten\u00eda una cuenta en inversiones y dep\u00f3sitos a plazo, las cuales ofrecen tasas mucho m\u00e1s altas. Finalmente hay que advertir que s\u00f3lo el 33% de la poblaci\u00f3n adulta ten\u00eda un cr\u00e9dito, principalmente una tarjeta de una tienda departamental (20%) o de una tarjeta de cr\u00e9dito bancaria (11%).<\/p>\n\n\n\n<p class=\"wp-block-paragraph\">Lo anterior da cuenta de que una gran parte de la poblaci\u00f3n no puede ahorrar y quienes lo hacen, en su enorme mayor\u00eda, no reciben beneficios o son muy exiguos. En cambio, aquellos que se endeudaron han tenido que pagar intereses muy elevados.<\/p>\n\n\n\n<p class=\"wp-block-paragraph\">Esta situaci\u00f3n seguramente se agrav\u00f3 para la gran mayor\u00eda de los mexicanos cuando el Banco de M\u00e9xico decidi\u00f3 aumentar las tasas de inter\u00e9s. Recordemos que esos aumentos escalaron r\u00e1pidamente del 4% en junio de 2021 al 11.25% en mayo de 2023.<\/p>\n\n\n\n<p class=\"wp-block-paragraph\">En resumen, hay razones y evidencias para suponer que la tendencia en la concentraci\u00f3n de la riqueza no fue la misma que en el caso de los ingresos. En un primer momento debido a los da\u00f1os ocasionados por la pandemia (p\u00e9rdida de ahorros y bienes) y luego por la subida de las tasas de inter\u00e9s que afectaron los cr\u00e9ditos contratados, particularmente en tarjetas departamentales y de cr\u00e9dito (aunque tambi\u00e9n los hipotecarios), todo lo cual afect\u00f3 seguramente a la mayor\u00eda de las familias mexicanas. En cambio, la elevaci\u00f3n de las tasas, en los \u00faltimos dos a\u00f1os, ha rendido ganancias por encima de la inflaci\u00f3n a aquellas personas que poseen cuentas de inversi\u00f3n y a plazo, las cuales forman minor\u00eda muy reducida.<\/p>\n\n\n\n<p class=\"wp-block-paragraph\">La concentraci\u00f3n de la riqueza, como dice la CEPAL, afecta la econom\u00eda y acent\u00faa el malestar social y pol\u00edtico. Sin embargo, al mismo tiempo, podr\u00eda verse como una \u201coportunidad\u201d para \u201cobtener ingresos fiscales permanentes y progresivos que se pueden usar para aplicar pol\u00edticas p\u00fablicas que permitan garantizar los derechos sociales\u201d. Es decir,&nbsp; pone sobre la mesa, con car\u00e1cter prioritario, la necesidad de una reforma fiscal que grave m\u00e1s, de manera proporcional, el ingreso y el patrimonio de los m\u00e1s acomodados, quiz\u00e1s menos del 10% de la poblaci\u00f3n. Un asunto que tendr\u00e1 que ser tomado en cuenta por el pr\u00f3ximo gobierno.<\/p>\n\n\n\n<p class=\"wp-block-paragraph\">saulescobar.blogspot.com<\/p>\n","protected":false},"excerpt":{"rendered":"<p>El \u201cPanorama Social de Am\u00e9rica Latina y el Caribe 2023\u201d, un estudio de la CEPAL publicado recientemente (www.cepal.org\/es\/publicaciones\/ps) da cuenta de los graves problema de desigualdad que sufre la regi\u00f3n.<\/p>\n","protected":false},"author":3,"featured_media":53790,"comment_status":"open","ping_status":"open","sticky":false,"template":"","format":"standard","meta":{"_monsterinsights_skip_tracking":false,"footnotes":""},"categories":[82,110,35],"tags":[],"class_list":["post-74992","post","type-post","status-publish","format-standard","has-post-thumbnail","category-la-opinion","category-la-opinion-columnas","category-opinion"],"_links":{"self":[{"href":"https:\/\/redsemlac.com\/semmexico\/wp-json\/wp\/v2\/posts\/74992","targetHints":{"allow":["GET"]}}],"collection":[{"href":"https:\/\/redsemlac.com\/semmexico\/wp-json\/wp\/v2\/posts"}],"about":[{"href":"https:\/\/redsemlac.com\/semmexico\/wp-json\/wp\/v2\/types\/post"}],"author":[{"embeddable":true,"href":"https:\/\/redsemlac.com\/semmexico\/wp-json\/wp\/v2\/users\/3"}],"replies":[{"embeddable":true,"href":"https:\/\/redsemlac.com\/semmexico\/wp-json\/wp\/v2\/comments?post=74992"}],"version-history":[{"count":0,"href":"https:\/\/redsemlac.com\/semmexico\/wp-json\/wp\/v2\/posts\/74992\/revisions"}],"wp:featuredmedia":[{"embeddable":true,"href":"https:\/\/redsemlac.com\/semmexico\/wp-json\/wp\/v2\/media\/53790"}],"wp:attachment":[{"href":"https:\/\/redsemlac.com\/semmexico\/wp-json\/wp\/v2\/media?parent=74992"}],"wp:term":[{"taxonomy":"category","embeddable":true,"href":"https:\/\/redsemlac.com\/semmexico\/wp-json\/wp\/v2\/categories?post=74992"},{"taxonomy":"post_tag","embeddable":true,"href":"https:\/\/redsemlac.com\/semmexico\/wp-json\/wp\/v2\/tags?post=74992"}],"curies":[{"name":"wp","href":"https:\/\/api.w.org\/{rel}","templated":true}]}}