{"id":74989,"date":"2023-12-07T17:18:29","date_gmt":"2023-12-07T23:18:29","guid":{"rendered":"https:\/\/redsemlac.com\/semmexico\/?p=74989"},"modified":"2023-12-07T17:18:29","modified_gmt":"2023-12-07T23:18:29","slug":"el-fin-de-una-era-cristina-pacheco-anuncia-su-retiro","status":"publish","type":"post","link":"https:\/\/redsemlac.com\/semmexico\/el-fin-de-una-era-cristina-pacheco-anuncia-su-retiro\/","title":{"rendered":"El fin de una era: Cristina Pacheco anuncia su retiro"},"content":{"rendered":"\n<p class=\"wp-block-paragraph\">Cristina Pacheco. Foto: Paulina Negrete | Cuartoscuro<\/p>\n\n\n\n<p class=\"wp-block-paragraph\">Conductora de \u00abAqu\u00ed nos toc\u00f3 vivir\u00bb, la periodista deja la pantalla de Canal Once tras m\u00e1s de 50 a\u00f1os de trayectoria<\/p>\n\n\n\n<p class=\"wp-block-paragraph\"><strong>\u00darsula Medina<\/strong><\/p>\n\n\n\n<p class=\"wp-block-paragraph\">SemM\u00e9xico\/El Sol de M\u00e9xico, Ciudad de M\u00e9xico, 7 de diciembre, 2023.-<strong> \u00abAqu\u00ed nos toc\u00f3 vivir\u00bb<\/strong>&nbsp;es mucho m\u00e1s que una frase para los habitantes de la&nbsp;<strong>Ciudad de M\u00e9xico<\/strong>. Representa el&nbsp;<strong>testimonio<\/strong>&nbsp;de miles de personas que durante casi&nbsp;<strong>medio siglo compartieron sus experiencias<\/strong>&nbsp;con la&nbsp;<strong>periodista Cristina Pacheco<\/strong>&nbsp;en su programa de entrevistas con gente de a pie.<\/p>\n\n\n\n<p class=\"wp-block-paragraph\">Este viernes,&nbsp;<strong>Canal Once<\/strong>&nbsp;comparti\u00f3 en sus redes sociales el&nbsp;<strong>anuncio que la misma periodista hizo acerca de su retiro \u00abpor graves problemas de salud\u00bb.<\/strong><\/p>\n\n\n\n<p class=\"wp-block-paragraph\">Conductora tambi\u00e9n del<strong>&nbsp;programa \u00abConversando con Cristina Pacheco\u00bb<\/strong>, en el que recib\u00eda a personalidades y artistas de diversos \u00e1mbitos, la&nbsp;<strong>ganadora del Premio Bellas Artes de Literatura \u00abIn\u00e9s Arredondo\u00bb 2022,<\/strong>&nbsp;quien<strong>&nbsp;fue esposa del poeta Jos\u00e9 Emilio Pacheco<\/strong>, deja una escuela en la televisi\u00f3n, cuyo estilo informal,&nbsp;<strong>acerc\u00f3 la cultura a un p\u00fablico masivo.<\/strong><\/p>\n\n\n\n<p class=\"wp-block-paragraph\">\u00abEs duro lo que voy a hacer, pero debo hacerlo\u00bb<\/p>\n\n\n\n<p class=\"wp-block-paragraph\">Al t\u00e9rmino de la emisi\u00f3n de \u00abConversando&#8230;\u00bb este viernes,&nbsp;<strong>Cristina Pacheco se dirigi\u00f3 a su p\u00fablic<\/strong>o, pidiendo su comprensi\u00f3n, \u00absi de pronto se me van las palabras \u00ab.<\/p>\n\n\n\n<p class=\"wp-block-paragraph\">En una emotiva despedida, precis\u00f3: \u00abAntes que nada, con mucha emoci\u00f3n,&nbsp;<strong>quiero agradecerles su apoyo<\/strong>, su constancia, su solidaridad en este programa a lo largo de tantos a\u00f1os.<\/p>\n\n\n\n<p class=\"wp-block-paragraph\">\u00abHan sido para m\u00ed presencias vivas m\u00e1gicas, son para m\u00ed seres querid\u00edsimos que forman parte de una familia. Lo mismo que mis compa\u00f1eros a quienes quiero agradecer su apoyo\u00bb, continu\u00f3 rodeada de los miembros de producci\u00f3n de su programa.<\/p>\n\n\n\n<p class=\"wp-block-paragraph\">\u00bfPor qu\u00e9 se retira?<\/p>\n\n\n\n<p class=\"wp-block-paragraph\">La periodista dijo que dec\u00eda adi\u00f3s temporalmente por razones de salud, asegur\u00f3 que era importante atenderse y que por ahora tendr\u00e1 que dejar su programa.<\/p>\n\n\n\n<p class=\"wp-block-paragraph\">\u00abGracias a ustedes&nbsp;<strong>he soportado p\u00e9rdidas muy graves<\/strong>&nbsp;y hoy tengo que aprender a soportar algo a lo que me est\u00e1 enfrentando la vida.&nbsp;<strong>No exagero. Es duro lo que voy a hacer, pero debo hacerlo. Por razones de salud, graves razones de salud, tengo que suspender&nbsp;<\/strong>al menos moment\u00e1neamente&nbsp;<strong>Conversando con Cristina<\/strong>\u00ab, a\u00f1adi\u00f3 con la voz entrecortada y entre muestras de apoyo de sus compa\u00f1eros de trabajo.<\/p>\n\n\n\n<p class=\"wp-block-paragraph\">No estaba listo para ver a Cristina Pacheco despedirse as\u00ed (moment\u00e1neamente) de su programa.<br><br><\/p>\n","protected":false},"excerpt":{"rendered":"<p>Conductora de \u00abAqu\u00ed nos toc\u00f3 vivir\u00bb, la periodista deja la pantalla de Canal Once tras m\u00e1s de 50 a\u00f1os de trayectoria<\/p>\n","protected":false},"author":3,"featured_media":74990,"comment_status":"open","ping_status":"open","sticky":false,"template":"","format":"standard","meta":{"_monsterinsights_skip_tracking":false,"footnotes":""},"categories":[748],"tags":[],"class_list":["post-74989","post","type-post","status-publish","format-standard","has-post-thumbnail","category-cultura-feminista"],"_links":{"self":[{"href":"https:\/\/redsemlac.com\/semmexico\/wp-json\/wp\/v2\/posts\/74989","targetHints":{"allow":["GET"]}}],"collection":[{"href":"https:\/\/redsemlac.com\/semmexico\/wp-json\/wp\/v2\/posts"}],"about":[{"href":"https:\/\/redsemlac.com\/semmexico\/wp-json\/wp\/v2\/types\/post"}],"author":[{"embeddable":true,"href":"https:\/\/redsemlac.com\/semmexico\/wp-json\/wp\/v2\/users\/3"}],"replies":[{"embeddable":true,"href":"https:\/\/redsemlac.com\/semmexico\/wp-json\/wp\/v2\/comments?post=74989"}],"version-history":[{"count":0,"href":"https:\/\/redsemlac.com\/semmexico\/wp-json\/wp\/v2\/posts\/74989\/revisions"}],"wp:featuredmedia":[{"embeddable":true,"href":"https:\/\/redsemlac.com\/semmexico\/wp-json\/wp\/v2\/media\/74990"}],"wp:attachment":[{"href":"https:\/\/redsemlac.com\/semmexico\/wp-json\/wp\/v2\/media?parent=74989"}],"wp:term":[{"taxonomy":"category","embeddable":true,"href":"https:\/\/redsemlac.com\/semmexico\/wp-json\/wp\/v2\/categories?post=74989"},{"taxonomy":"post_tag","embeddable":true,"href":"https:\/\/redsemlac.com\/semmexico\/wp-json\/wp\/v2\/tags?post=74989"}],"curies":[{"name":"wp","href":"https:\/\/api.w.org\/{rel}","templated":true}]}}