{"id":74975,"date":"2023-12-07T13:26:08","date_gmt":"2023-12-07T19:26:08","guid":{"rendered":"https:\/\/redsemlac.com\/semmexico\/?p=74975"},"modified":"2023-12-07T13:26:08","modified_gmt":"2023-12-07T19:26:08","slug":"dia-13-de-accion-violencias-machistas-aun-echan-raices-en-entornos-campesinos-y-rurales","status":"publish","type":"post","link":"https:\/\/redsemlac.com\/semmexico\/dia-13-de-accion-violencias-machistas-aun-echan-raices-en-entornos-campesinos-y-rurales\/","title":{"rendered":"D\u00cdA 13 de Acci\u00f3n: Violencias machistas a\u00fan echan ra\u00edces en entornos campesinos y rurales"},"content":{"rendered":"\n<p class=\"wp-block-paragraph\">&nbsp;Lirians Gordillo Pi\u00f1a<\/p>\n\n\n\n<p class=\"wp-block-paragraph\">SemM\u00e9xico\/Semlac, La Habana, Cuba, 7 de diciembre, 2023.- Dayani Alonso Molina tiene 33 a\u00f1os y desde los 19 trabaja en el sector cooperativo y campesino cubano. Su experiencia confirma que el empoderamiento de las mujeres es un paso imprescindible para el desarrollo de las comunidades. Sin embargo, persisten brechas de g\u00e9nero y violencias machistas que frenan la equidad.<\/p>\n\n\n\n<p class=\"wp-block-paragraph\">Licenciada en contabilidad y finanzas, Alonso Molina ha ocupado diferentes responsabilidades dentro del sector: primero como contable y luego como presidenta de una organizaci\u00f3n de base de la Asociaci\u00f3n Nacional de Agricultores Peque\u00f1os (ANAP).<\/p>\n\n\n\n<p class=\"wp-block-paragraph\">Actualmente coordina el proyecto \u201cApoyo a un proceso de creaci\u00f3n de capacidades y condiciones para alanzar a mediano plazo formas superiores de gesti\u00f3n cooperativa en el sector agropecuario&nbsp; en Cuba\u201d,(Apocoop) &nbsp;en los municipios Alqu\u00edzar, G\u00fcira de Melena y San Antonio de los Ba\u00f1os, en la provincia de Artemisa, a 60 km de La Habana.<\/p>\n\n\n\n<p class=\"wp-block-paragraph\">\u201cHay m\u00e1s mujeres dirigiendo cooperativas y tambi\u00e9n en la ANAP. Pero este sigue siendo un sector machista\u201d, comenta a SEMlac.<\/p>\n\n\n\n<p class=\"wp-block-paragraph\"><strong>\u00bfQu\u00e9 violencias afectan a las que defienden el trabajo y la cultura agr\u00edcola?<\/strong><\/p>\n\n\n\n<p class=\"wp-block-paragraph\">Existen violencias de diverso tipo contra las mujeres rurales. Sobre todo, esos estereotipos que humillan y cuestionamientos como: \u201c\u00bft\u00fa manejas la tierra, t\u00fa crees que puedas con un saco al hombro?\u201d, \u201c\u00bfpor qu\u00e9 la tierra es tuya y no de tu marido?\u201d. O cuando las ponen de propietarias, pero el marido es quien trabaja la tierra y decide sobre ella.<\/p>\n\n\n\n<p class=\"wp-block-paragraph\">Hay campesinas y productoras que desde que se levantan est\u00e1n trabajando la tierra, que s\u00ed saben manejar su entorno, que trabajan agachadas en el campo recogiendo viandas, hortalizas, tub\u00e9rculos, ra\u00edces, frutas, lo que sea. Pero viven con esa humillaci\u00f3n de que no se les reconozca y s\u00ed se cuestione su trabajo.<\/p>\n\n\n\n<p class=\"wp-block-paragraph\">Est\u00e1n las dudas sobre si son suficientemente femeninas. He escuchado afirmaciones como \u201ca fulana t\u00fa nunca la ves con un vestido ni con tacones\u201d, \u201cella se pasa el d\u00eda a caballo y va a buscar el ganado a no s\u00e9 d\u00f3nde\u201d, incluso se llega a cuestionar su orientaci\u00f3n sexual, asumiendo que es homosexual.<\/p>\n\n\n\n<p class=\"wp-block-paragraph\">Existe la violencia econ\u00f3mica contra aquellas que no trabajan directamente la tierra, pero s\u00ed son trabajadoras del hogar y viven violentadas econ\u00f3micamente porque no tienen una remuneraci\u00f3n: no disponen de dinero para su autocuidado, esparcimiento o para aportar al hogar. Sin embargo, ellas viven haciendo comida para un batall\u00f3n de personas, obreros agr\u00edcolas que por temporada llegan a las fincas, seg\u00fan la cosecha.<\/p>\n\n\n\n<p class=\"wp-block-paragraph\">Tambi\u00e9n son v\u00edctimas de violencia f\u00edsica y psicol\u00f3gica. El hecho de vivir aisladas, en muchos casos solas, las pone en situaciones de riesgo. Y no solo pueden ser maltratadas por el esposo, puede ser por el padre u otro familiar.<\/p>\n\n\n\n<p class=\"wp-block-paragraph\">La cultura machista arraigada las limita mucho desde j\u00f3venes, por esas falsas creencias que todav\u00eda se mantienen. En algunos casos se les presiona para que no contin\u00faen los estudios, con frases como \u201cpara qu\u00e9 vas a estudiar, si t\u00fa no vas a hacer nadie\u201d, \u201csi t\u00fa tienes que venir a cocinar para la casa\u201d, etc. Estas ideas las considero una forma de violencia.<\/p>\n\n\n\n<p class=\"wp-block-paragraph\">A algunas no las dejan asistir a un taller de capacitaci\u00f3n, o no logran ocupar un puesto como directiva. Hace poco conoc\u00ed a una muchacha que ven\u00eda de San Crist\u00f3bal, otro pueblo, a pasar un curso de superaci\u00f3n, y su pareja le dijo: \u201csi te vas para la escuela de cuadros se acababa la relaci\u00f3n\u201d. Todav\u00eda estas situaciones persisten.<\/p>\n\n\n\n<p class=\"wp-block-paragraph\"><strong>\u00bfQu\u00e9 acciones pueden impulsarse para apoyar, reconocer, proteger y promover el quehacer de las mujeres que defienden la tierra, la cultura agr\u00edcola y rural?<\/strong><\/p>\n\n\n\n<p class=\"wp-block-paragraph\">Trabajar la tierra y brindar sus frutos es una forma de defender la cultura agr\u00edcola desde las buenas pr\u00e1cticas de las mujeres. Por eso pienso en la importancia de implementar la Estrategia de G\u00e9nero de la ANAP, es cierto que no todo el mundo la pone en pr\u00e1ctica de la misma manera y hay cooperativas que todav\u00eda no la priorizan, por suerte no son todos los casos.<\/p>\n\n\n\n<p class=\"wp-block-paragraph\">Est\u00e1n las brigadas de la Federaci\u00f3n de Mujeres Cubanas (FMC) y la ANAP. Cuando el trabajo conjunto de estas organizaciones funciona, se hace notar el empuje de las mujeres en el sector.<\/p>\n\n\n\n<p class=\"wp-block-paragraph\">Una posibilidad es incorporar m\u00e1s compa\u00f1eras a las cooperativas como asociadas de la ANAP. Hoy existen presidentas de cooperativas, en cargos directivos con voz y poder de decisi\u00f3n. Otras lideran iniciativas econ\u00f3micas, como las plantas de beneficio, la minindustria, las casas de postura y la cr\u00eda de ganado menor.<\/p>\n\n\n\n<p class=\"wp-block-paragraph\">&nbsp;Est\u00e1n las mujeres creadoras, que tienen muchas experiencias en manualidades, en la costura y la cultura culinaria.<\/p>\n\n\n\n<p class=\"wp-block-paragraph\">La superaci\u00f3n y las oportunidades de intercambio han sido importantes para ellas. Las que han podido acceder a esos espacios transitan por un proceso de transformaci\u00f3n largo, pero camino al empoderamiento, a la autoestima, a gozar de libertades y derechos. Ellas inspiran a otras.<\/p>\n\n\n\n<p class=\"wp-block-paragraph\">Quedan pendientes muchas acciones para proteger a las mujeres frente a las violencias de g\u00e9nero, las crisis econ\u00f3micas, el cambio clim\u00e1tico y eventos climatol\u00f3gicos. Debemos impulsar m\u00e1s actividades en las comunidades, en las escuelas y c\u00edrculos infantiles para que, desde edades tempranas, las ni\u00f1as se identifiquen con las mujeres rurales, les reconozcan su rol y aporte.<\/p>\n\n\n\n<p class=\"wp-block-paragraph\">Faltan acciones desde los medios de comunicaci\u00f3n y en las redes sociales para visibilizar el trabajo y los emprendimientos; para eso, debemos posicionar sus historias en los medios de prensa locales.<\/p>\n\n\n\n<p class=\"wp-block-paragraph\">Precisamos fortalecer las alianzas con organizaciones e instituciones como la FMC y el Ministerio de Ciencia, Tecnolog\u00eda y Medio Ambiente (CITMA). Por ejemplo, desde los Centros Universitarios Municipales podr\u00eda investigarse cu\u00e1ntas hijas de campesinas est\u00e1n cursando carreras e incentivar a las que no est\u00e1n vinculadas al estudio para que se superen.<\/p>\n\n\n\n<p class=\"wp-block-paragraph\">Hay que continuar la sensibilizaci\u00f3n de las personas que est\u00e1n en puestos de direcci\u00f3n, para que cuando se pidan cr\u00e9ditos bancarios no medien estereotipos que limiten su acceso a estos y otros recursos, como los locales y el financiamiento.<\/p>\n\n\n\n<p class=\"wp-block-paragraph\">Todas estas son acciones que considero necesarias para ir eliminando las brechas de g\u00e9nero y las violencias.<\/p>\n\n\n\n<p class=\"wp-block-paragraph\"><strong>\u00bfC\u00f3mo imaginas tu comunidad si no existieran las violencias machistas?<\/strong><\/p>\n\n\n\n<p class=\"wp-block-paragraph\">Feliz, llena de colores y vida, con m\u00e1s desarrollo; donde todas las mujeres tengan derecho a opinar, a tomar decisiones sin necesidad de limitarse por miedo a ser humilladas o violentadas, que puedan tener la posibilidad de expresarse libremente.<\/p>\n\n\n\n<p class=\"wp-block-paragraph\">La satisfacci\u00f3n ser\u00e1 mucha porque se trabajar\u00e1 en armon\u00eda, con mayor desarrollo en las zonas rurales y m\u00e1s oportunidades de empleo. Familias enteras con m\u00e1s posibilidades econ\u00f3micas.<\/p>\n\n\n\n<p class=\"wp-block-paragraph\">Me la imagino con m\u00e1s soluciones, en una relaci\u00f3n sostenible con el medio ambiente. M\u00e1s libre, sin tantos tab\u00faes patriarcales ni la idiosincrasia machista que perjudica, limita y golpea a las que hoy quieren ser mujeres de su tiempo, con derecho a vivir y relacionarse, trabajar, capacitarse y estudiar; hacer lo que les gusta, vivir a su manera, empoderadas, con derechos, con servicios de cuidado que les permitan acceder a mejores oportunidades de empleo. Lo que m\u00e1s deseo en este momento es que esa pregunta se hiciera realidad.<\/p>\n","protected":false},"excerpt":{"rendered":"<p>\u201cHay m\u00e1s mujeres dirigiendo cooperativas y tambi\u00e9n en la ANAP. Pero este sigue siendo un sector machista\u201d, comenta a SEMlac.<\/p>\n","protected":false},"author":3,"featured_media":74976,"comment_status":"open","ping_status":"open","sticky":false,"template":"","format":"standard","meta":{"_monsterinsights_skip_tracking":false,"footnotes":""},"categories":[28,27,53],"tags":[],"class_list":["post-74975","post","type-post","status-publish","format-standard","has-post-thumbnail","category-16-dias-de-activismo","category-cobertura-especial","category-internacional"],"_links":{"self":[{"href":"https:\/\/redsemlac.com\/semmexico\/wp-json\/wp\/v2\/posts\/74975","targetHints":{"allow":["GET"]}}],"collection":[{"href":"https:\/\/redsemlac.com\/semmexico\/wp-json\/wp\/v2\/posts"}],"about":[{"href":"https:\/\/redsemlac.com\/semmexico\/wp-json\/wp\/v2\/types\/post"}],"author":[{"embeddable":true,"href":"https:\/\/redsemlac.com\/semmexico\/wp-json\/wp\/v2\/users\/3"}],"replies":[{"embeddable":true,"href":"https:\/\/redsemlac.com\/semmexico\/wp-json\/wp\/v2\/comments?post=74975"}],"version-history":[{"count":0,"href":"https:\/\/redsemlac.com\/semmexico\/wp-json\/wp\/v2\/posts\/74975\/revisions"}],"wp:featuredmedia":[{"embeddable":true,"href":"https:\/\/redsemlac.com\/semmexico\/wp-json\/wp\/v2\/media\/74976"}],"wp:attachment":[{"href":"https:\/\/redsemlac.com\/semmexico\/wp-json\/wp\/v2\/media?parent=74975"}],"wp:term":[{"taxonomy":"category","embeddable":true,"href":"https:\/\/redsemlac.com\/semmexico\/wp-json\/wp\/v2\/categories?post=74975"},{"taxonomy":"post_tag","embeddable":true,"href":"https:\/\/redsemlac.com\/semmexico\/wp-json\/wp\/v2\/tags?post=74975"}],"curies":[{"name":"wp","href":"https:\/\/api.w.org\/{rel}","templated":true}]}}