{"id":74962,"date":"2023-12-07T17:24:11","date_gmt":"2023-12-07T23:24:11","guid":{"rendered":"https:\/\/redsemlac.com\/semmexico\/?p=74962"},"modified":"2023-12-07T17:25:21","modified_gmt":"2023-12-07T23:25:21","slug":"carta-abierta-a-jose-ines-figueroa","status":"publish","type":"post","link":"https:\/\/redsemlac.com\/semmexico\/carta-abierta-a-jose-ines-figueroa\/","title":{"rendered":"Carta\u00a0abierta a JOSE INES FIGUEROA"},"content":{"rendered":"\n<p class=\"wp-block-paragraph\">Cd. Victoria, Tamaulipas, 6 de diciembre 2023<\/p>\n\n\n\n<p class=\"wp-block-paragraph\">DR. AMERICO VILLARREAL ANAYA<\/p>\n\n\n\n<p class=\"wp-block-paragraph\">GOBERNADOS<\/p>\n\n\n\n<p class=\"wp-block-paragraph\">DIPUTADA URSULA PATRICIA SALAZAR MOJICA<\/p>\n\n\n\n<p class=\"wp-block-paragraph\">Con m\u00e1s de 38 a\u00f1os de ejercicio period\u00edstico, jam\u00e1s he pedido concesiones ni por ser mujer ni por ser periodista; como trabajadora de la informaci\u00f3n mi compromiso es ejercer un periodismo con sentido social y de g\u00e9nero\u2026el silencio nunca ha sido mi fuerte, soy una convencida del poder de las palabras.<\/p>\n\n\n\n<p class=\"wp-block-paragraph\">Este diciembre la vida me ha sorprendido, he sido lastimada por el DIRECTOR DE COMUNICACI\u00d3N SOCIAL DEL CONGRESO DEL ESTADO, JOSE INES FIGUEROA VITELA, compa\u00f1ero de oficio de la vida entera, amigo durante d\u00e9cadas.<\/p>\n\n\n\n<p class=\"wp-block-paragraph\">Mi desempe\u00f1o period\u00edstico se ha fortalecido desde siempre con el monitoreo cotidiano tanto del sentir ciudadano como de fuentes informativas como lo es el Poder Legislativo de Tamaulipas en donde adem\u00e1s de las Diputadas y Diputados, rica fuente de informaci\u00f3n son las iniciativas y la informaci\u00f3n que se difunde a trav\u00e9s del Grupo de whatsApp que maneja y dirige el DIRECTOR DE COMUNICACI\u00d3N SOCIAL , quien me ha ELIMINADO de la RED INSTITUCIONAL DEL PODER LEGISLATIVO.<\/p>\n\n\n\n<p class=\"wp-block-paragraph\">No puedo guardar silencio ante este agravio, por lo que demando a sus superiores que el mencionado funcionario sea llamado a cuentas; lo que ha hecho ATENTA contra mi derecho a la INFORMACION, ignoro los motivos de su decisi\u00f3n excluirme ya que durante mi vida el manejo informativo responsable ha sido una constante.<\/p>\n\n\n\n<p class=\"wp-block-paragraph\">Este escrito va con la firme convicci\u00f3n de que el GOBERNADOR AMERICO VILLARREAL ANAYA es un respetuoso del ejercicio period\u00edstico, al igual que la DIPUTADA URSULA SALAZAR, mis palabras buscan el eco que se requiere para el ejercicio period\u00edstico libre de violencia, en donde la transformaci\u00f3n debe ser m\u00e1s que una palabra.<\/p>\n\n\n\n<p class=\"wp-block-paragraph\">ATENTAMENTE<\/p>\n\n\n\n<p class=\"wp-block-paragraph\">BENITA CRUZ ZAPATA Periodista<\/p>\n","protected":false},"excerpt":{"rendered":"<p>Este diciembre la vida me ha sorprendido, he sido lastimada por el DIRECTOR DE COMUNICACI\u00d3N SOCIAL DEL CONGRESO DEL ESTADO, JOSE INES FIGUEROA VITELA, compa\u00f1ero de oficio de la vida entera, amigo durante d\u00e9cadas.<\/p>\n","protected":false},"author":3,"featured_media":74994,"comment_status":"open","ping_status":"open","sticky":false,"template":"","format":"standard","meta":{"_monsterinsights_skip_tracking":false,"footnotes":""},"categories":[48],"tags":[],"class_list":["post-74962","post","type-post","status-publish","format-standard","has-post-thumbnail","category-no-mas-impunidad-no-mas-impunidad"],"_links":{"self":[{"href":"https:\/\/redsemlac.com\/semmexico\/wp-json\/wp\/v2\/posts\/74962","targetHints":{"allow":["GET"]}}],"collection":[{"href":"https:\/\/redsemlac.com\/semmexico\/wp-json\/wp\/v2\/posts"}],"about":[{"href":"https:\/\/redsemlac.com\/semmexico\/wp-json\/wp\/v2\/types\/post"}],"author":[{"embeddable":true,"href":"https:\/\/redsemlac.com\/semmexico\/wp-json\/wp\/v2\/users\/3"}],"replies":[{"embeddable":true,"href":"https:\/\/redsemlac.com\/semmexico\/wp-json\/wp\/v2\/comments?post=74962"}],"version-history":[{"count":0,"href":"https:\/\/redsemlac.com\/semmexico\/wp-json\/wp\/v2\/posts\/74962\/revisions"}],"wp:featuredmedia":[{"embeddable":true,"href":"https:\/\/redsemlac.com\/semmexico\/wp-json\/wp\/v2\/media\/74994"}],"wp:attachment":[{"href":"https:\/\/redsemlac.com\/semmexico\/wp-json\/wp\/v2\/media?parent=74962"}],"wp:term":[{"taxonomy":"category","embeddable":true,"href":"https:\/\/redsemlac.com\/semmexico\/wp-json\/wp\/v2\/categories?post=74962"},{"taxonomy":"post_tag","embeddable":true,"href":"https:\/\/redsemlac.com\/semmexico\/wp-json\/wp\/v2\/tags?post=74962"}],"curies":[{"name":"wp","href":"https:\/\/api.w.org\/{rel}","templated":true}]}}