{"id":74954,"date":"2023-12-06T12:34:22","date_gmt":"2023-12-06T18:34:22","guid":{"rendered":"https:\/\/redsemlac.com\/semmexico\/?p=74954"},"modified":"2023-12-06T12:34:23","modified_gmt":"2023-12-06T18:34:23","slug":"mas-alla-de-las-becas-y-las-canchas-deportivas-en-las-campanas-electorales","status":"publish","type":"post","link":"https:\/\/redsemlac.com\/semmexico\/mas-alla-de-las-becas-y-las-canchas-deportivas-en-las-campanas-electorales\/","title":{"rendered":"M\u00e1s all\u00e1 de las becas y las canchas deportivas en las campa\u00f1as electorales"},"content":{"rendered":"\n<p class=\"wp-block-paragraph\"><strong>Sonia del Valle*<\/strong><\/p>\n\n\n\n<p class=\"wp-block-paragraph\">SemM\u00e9xico, Ciudad de M\u00e9xico, 6 de diciembre, 2023.- En este art\u00edculo, se destaca la desconexi\u00f3n entre las y los candidatos y la juventud mexicana, que representa el 15.5% de la Lista Nominal en las pr\u00f3ximas elecciones. A pesar de su considerable presencia, la mayor\u00eda de las personas candidatas tiende a abordar a \u00ablos j\u00f3venes\u00bb de manera homog\u00e9nea, prometiendo becas y canchas deportivas como soluciones gen\u00e9ricas.<\/p>\n\n\n\n<p class=\"wp-block-paragraph\">En las elecciones del pr\u00f3ximo a\u00f1o, est\u00e1n convocadas y convocados a las urnas 15 millones 135 mil 126 j\u00f3venes de 18 a 24 a\u00f1os inscritos en la lista nominal, actualizada a la fecha, y cuentan con credencial para votar vigente con fotograf\u00eda.<\/p>\n\n\n\n<p class=\"wp-block-paragraph\">Representan el 15.5 por ciento de la Lista Nominal, y no hay ning\u00fan quinquenio de edad que los supere en n\u00famero, ni las personas adultas mayores de 65 a\u00f1os, que son poco m\u00e1s de 12 millones.<\/p>\n\n\n\n<p class=\"wp-block-paragraph\">Pero si bien son muchos en n\u00famero, la mayor\u00eda no tiene conocimiento ni inter\u00e9s por los asuntos pol\u00edticos del pa\u00eds, 6 de cada 10; y menos del 10 por ciento considera que ser ciudadano est\u00e1 relacionado con su derecho a votar, seg\u00fan la Encuesta Nacional de Cultura C\u00edvica (ECUCI) 2020 del INE e INEGI.<\/p>\n\n\n\n<p class=\"wp-block-paragraph\">Ambos datos nos llevaron a analizar si el aparente desinter\u00e9s de la juventud est\u00e1 relacionado con las campa\u00f1as electorales, y m\u00e1s espec\u00edficamente si las candidatas y los candidatos conocen a este grupo tan heterog\u00e9neo de la poblaci\u00f3n y si son capaces de interpelarlos durante las campa\u00f1as electorales para motivarlos a votar el d\u00eda de la elecci\u00f3n.<\/p>\n\n\n\n<p class=\"wp-block-paragraph\">Durante dos a\u00f1os realizamos un estudio exploratorio sobre las narrativas medi\u00e1ticas en los medios de comunicaci\u00f3n convencionales dirigidas a las personas j\u00f3venes durante los procesos electorales 2019-2020 y 2020-2021. El primer dato que arrojaron ambos estudios es que 7 de cada 10 personas candidatas hacen referencia a las personas j\u00f3venes como si se tratara de un grupo homog\u00e9neo.<\/p>\n\n\n\n<p class=\"wp-block-paragraph\">\u201cHist\u00f3ricamente los j\u00f3venes han sido relegados\u201d; \u201cagradeci\u00f3 a todos los j\u00f3venes\u201d; \u201clos programas sociales (son) para alejar a los j\u00f3venes del crimen\u201d; \u201cVamos a atender a los ni\u00f1os, j\u00f3venes, mujeres y adultos mayores\u201d; \u201csoy aliado de los j\u00f3venes\u201d.<\/p>\n\n\n\n<p class=\"wp-block-paragraph\">En esta representaci\u00f3n no hay espacio para la interpretaci\u00f3n. La figura \u201clos j\u00f3venes\u201d pareciera que alude a todas las personas j\u00f3venes, sin reconocer que en este grupo hay: estudiantes de bachillerato, trabajadores, madres, padres, universitarios, emprendedores, artesanos, deportistas, artistas, ind\u00edgenas, afromexicanos, personas de la diversidad sexual, j\u00f3venes en conflicto con la ley o privados de su libertad, migrantes, personas con discapacidad o superdotadas, entre otras muchas.<\/p>\n\n\n\n<p class=\"wp-block-paragraph\">Esta narrativa si bien permite reconocer que en la conversaci\u00f3n p\u00fablica que se registra en los medios de comunicaci\u00f3n convencionales las personas j\u00f3venes est\u00e1n presentes, tambi\u00e9n permite reconocer las ausencias y la distancia que existe entre los elementos discursivos y los objetivos; entre los prejuicios y juicios, conscientes o inconscientes, de las personas adultas sobre la poblaci\u00f3n joven e incluso el desconocimiento de este enorme grupo poblacional.<\/p>\n\n\n\n<p class=\"wp-block-paragraph\">\u00bfQu\u00e9 mensajes dirigen las personas candidatas a las juventudes? \u00bfLas personas candidatas tienen propuestas espec\u00edficas para las personas j\u00f3venes?<\/p>\n\n\n\n<p class=\"wp-block-paragraph\">En ambos estudios, encontramos que 7 de cada 10 personas candidatas si bien hacen referencia a \u201clos j\u00f3venes\u201d, las ofertas de campa\u00f1a son poco o nada creativas. Incluso no hay mucha diferencia entre partidos pol\u00edticos, porque el tema de las juventudes, desde mi punto de vista, tiene un problema de origen, son las personas adultas, que ni los ven ni los oyen.<\/p>\n\n\n\n<h2 class=\"wp-block-heading\"><strong>\u00bfQu\u00e9 les ofrecen?<\/strong><\/h2>\n\n\n\n<p class=\"wp-block-paragraph\">En primer lugar, les ofrecen becas. A la mayor\u00eda de las candidatas y los candidatos se les hace f\u00e1cil ofrecer becas. Becas para que estudien, becas para que sigan estudiando, becas para que no dejen de estudiar, becas para que concluyan sus estudios; becas para pagar internet; becas de inscripci\u00f3n a las universidades p\u00fablicas; becas para complementar sus estudios en el extranjero; becas para combatir la marginaci\u00f3n; becas para que las juventudes estudien y posterguen su ingreso al mercado laboral; becas para frenar la deserci\u00f3n escolar.<\/p>\n\n\n\n<p class=\"wp-block-paragraph\">Con esta narrativa, las candidatas y los candidatos asumen que todos, absolutamente todos \u201clos j\u00f3venes\u201d lo \u00fanico que necesitan son becas porque, obviamente todos, sin excepci\u00f3n, lo que quieren es estudiar. \u00bfQui\u00e9n les dijo que todas y todos los j\u00f3venes quieren estudiar?<\/p>\n\n\n\n<p class=\"wp-block-paragraph\">Es hasta ocioso preguntarles a las candidatas y los candidatos si se tomaron la molestia de ir a preguntarles a las y los j\u00f3venes qu\u00e9 requieren; si sus equipos de campa\u00f1a cuentan con una radiograf\u00eda de las juventudes estado por estado o municipio por municipio, para saber qui\u00e9nes son, d\u00f3nde est\u00e1n, qu\u00e9 hacen, cu\u00e1les son sus desaf\u00edos y si pueden atenderlos y c\u00f3mo.<\/p>\n\n\n\n<p class=\"wp-block-paragraph\">La segunda \u201cgran oferta\u201d de campa\u00f1a que nos encontramos, y que coincide en ambos estudios exploratorios, es que para las candidatas y los candidatos, la inseguridad y el crimen organizado se combate con canchas deportivas. \u00bfNeta?<\/p>\n\n\n\n<p class=\"wp-block-paragraph\">Por eso no asombra ver en campa\u00f1a a candidatas o candidatos que se \u201cechan una cascarita\u201d con un grupo de j\u00f3venes en una maltrecha cancha de alguna colonia o barrio&nbsp; prometiendo programas deportivos para \u201cacercar a toda la juventud al deporte, para alejarla de pr\u00e1cticas nocivas como el consumo de alcohol, tabaco y drogas, as\u00ed como evitar de que los j\u00f3venes se desv\u00eden hacia las redes de la delincuencia organizada\u201d; o para \u201catacar de ra\u00edz este flagelo con la atenci\u00f3n integral de ni\u00f1as, ni\u00f1os y adolescentes por medio del deporte\u201d.<\/p>\n\n\n\n<p class=\"wp-block-paragraph\">En campa\u00f1a adem\u00e1s se promete deporte para todos \u201clos j\u00f3venes\u201d y la construcci\u00f3n de polideportivos, canchas de f\u00fatbol, centros de alto rendimiento, programa de talentos deportivos, entre otros. Lo interesante es que la mayor\u00eda de estas propuestas por parte de las y los candidatos est\u00e1n ligadas al combate de la inseguridad, el crimen organizado y las adicciones.<\/p>\n\n\n\n<p class=\"wp-block-paragraph\">El resto de las propuestas que son verdaderamente escasas est\u00e1n relacionadas con equipamiento tecnol\u00f3gico, tabletas e internet; tarjetas para el transporte; y apoyos en gen\u00e9rico para emprendedores o promesas como 1 de cada 3 contrataciones en el municipio ser\u00e1 para un joven egresado de las universidades.<\/p>\n\n\n\n<p class=\"wp-block-paragraph\">En ning\u00fan caso se ve una propuesta de pol\u00edtica p\u00fablica congruente con las necesidades de las juventudes, tampoco se observa que las personas candidatas conozcan a este grupo de la poblaci\u00f3n, los escuchen o busquen incorporar sus propuestas. Hay becas pero no hay cambio de modelo educativo, que es claro que no les gusta; hay deporte, pero no para formar atletas de alto rendimiento, sino para alejarlos de las drogas; hay propuestas accesorias, pero no un cambio de mirada.<\/p>\n\n\n\n<p class=\"wp-block-paragraph\">Las campa\u00f1as electorales no solo requieren candidatos y candidatas que bailen en TikTok o lleguen al Instagram con reels atractivos o simp\u00e1ticos, requieren tomar en serio a una poblaci\u00f3n que har\u00e1 la diferencia en las urnas como ha comenzado a pasar en otros pa\u00edses, un ejemplo reciente es Argentina.<\/p>\n\n\n\n<p class=\"wp-block-paragraph\">Conocer a este grupo heterog\u00e9neo, dejar los discursos adulto centristas a un lado y hacer ofertas que sean del inter\u00e9s de las juventudes, pasa por reconocer que estos grupos tienen talentos y habilidades, hay quienes est\u00e1n en el mundo de la inteligencia artificial, hay quienes tienen emprendimientos que requieren una pol\u00edtica econ\u00f3mica consisten; hay quienes est\u00e1n preocupados por el cambio clim\u00e1tico y no encuentran d\u00f3nde ni c\u00f3mo contribuir, otros m\u00e1s est\u00e1n en el \u00e1rea de servicios tur\u00edsticos; hay artesanos, mientras otros est\u00e1n en la agricultura y la silvicultura; hay quienes participan en los deportes extremos y no encuentran lugares d\u00f3nde practicarlos; hay artistas callejeros y amantes de los libros; otros son youtubers e influencers.<\/p>\n\n\n\n<p class=\"wp-block-paragraph\">Las campa\u00f1as deber\u00edan servir para construir no solo posibilidades para las juventudes sino para infundir la certeza de que los dejan participar con toda su diversidad e ideas.<\/p>\n\n\n\n<p class=\"wp-block-paragraph\"><a href=\"https:\/\/www.muxed.mx\/blog\/desconexion-con-jovenes\">https:\/\/www.muxed.mx\/blog\/desconexion-con-jovenes<\/a><\/p>\n\n\n<div class=\"wp-block-image\">\n<figure class=\"alignleft size-full is-resized\"><a href=\"https:\/\/redsemlac.com\/semmexico\/wp-content\/uploads\/2023\/12\/Imagen12.png\"><img loading=\"lazy\" decoding=\"async\" width=\"187\" height=\"208\" src=\"https:\/\/redsemlac.com\/semmexico\/wp-content\/uploads\/2023\/12\/Imagen12.png\" alt=\"\" class=\"wp-image-74955\" style=\"width:227px;height:auto\"\/><\/a><\/figure>\n<\/div>\n\n\n<p class=\"wp-block-paragraph\"><strong>Sonia del Valle<\/strong>. Integrante de MUxED. Periodista, comunicadora y creadora de contenidos multimedia en materia de educaci\u00f3n y g\u00e9nero. Ha trabajado en diversos medios de comunicaci\u00f3n impresos, entre ellos el peri\u00f3dico Reforma, donde fue periodista de la secci\u00f3n Nacional y coordinadora del Consejo Editorial de Educaci\u00f3n. Fue directora de Comunicaci\u00f3n en el CREFAL; L\u00edder de Proyecto en Informaci\u00f3n C\u00edvica y G\u00e9nero en el Instituto Nacional Electoral y actualmente es consultora en comunicaci\u00f3n educativa en Mexicanos Primero.<\/p>\n\n\n\n<p class=\"wp-block-paragraph\">X: @lamalaeducaci\u00f3n<\/p>\n","protected":false},"excerpt":{"rendered":"<p>En este art\u00edculo, se destaca la desconexi\u00f3n entre las y los candidatos y la juventud mexicana, que representa el 15.5% de la Lista Nominal en las pr\u00f3ximas elecciones. <\/p>\n","protected":false},"author":3,"featured_media":74956,"comment_status":"open","ping_status":"open","sticky":false,"template":"","format":"standard","meta":{"_monsterinsights_skip_tracking":false,"footnotes":""},"categories":[141],"tags":[],"class_list":["post-74954","post","type-post","status-publish","format-standard","has-post-thumbnail","category-elecciones-2020-2021"],"_links":{"self":[{"href":"https:\/\/redsemlac.com\/semmexico\/wp-json\/wp\/v2\/posts\/74954","targetHints":{"allow":["GET"]}}],"collection":[{"href":"https:\/\/redsemlac.com\/semmexico\/wp-json\/wp\/v2\/posts"}],"about":[{"href":"https:\/\/redsemlac.com\/semmexico\/wp-json\/wp\/v2\/types\/post"}],"author":[{"embeddable":true,"href":"https:\/\/redsemlac.com\/semmexico\/wp-json\/wp\/v2\/users\/3"}],"replies":[{"embeddable":true,"href":"https:\/\/redsemlac.com\/semmexico\/wp-json\/wp\/v2\/comments?post=74954"}],"version-history":[{"count":0,"href":"https:\/\/redsemlac.com\/semmexico\/wp-json\/wp\/v2\/posts\/74954\/revisions"}],"wp:featuredmedia":[{"embeddable":true,"href":"https:\/\/redsemlac.com\/semmexico\/wp-json\/wp\/v2\/media\/74956"}],"wp:attachment":[{"href":"https:\/\/redsemlac.com\/semmexico\/wp-json\/wp\/v2\/media?parent=74954"}],"wp:term":[{"taxonomy":"category","embeddable":true,"href":"https:\/\/redsemlac.com\/semmexico\/wp-json\/wp\/v2\/categories?post=74954"},{"taxonomy":"post_tag","embeddable":true,"href":"https:\/\/redsemlac.com\/semmexico\/wp-json\/wp\/v2\/tags?post=74954"}],"curies":[{"name":"wp","href":"https:\/\/api.w.org\/{rel}","templated":true}]}}