{"id":74941,"date":"2023-12-06T12:04:31","date_gmt":"2023-12-06T18:04:31","guid":{"rendered":"https:\/\/redsemlac.com\/semmexico\/?p=74941"},"modified":"2023-12-06T12:04:32","modified_gmt":"2023-12-06T18:04:32","slug":"mirada-violeta-dra-juanita-santos-cruz","status":"publish","type":"post","link":"https:\/\/redsemlac.com\/semmexico\/mirada-violeta-dra-juanita-santos-cruz\/","title":{"rendered":"Mirada Violeta| Dra. Juanita Santos Cruz"},"content":{"rendered":"\n<p class=\"wp-block-paragraph\"><strong>Guadalupe Ramos Ponce<\/strong><\/p>\n\n\n\n<p class=\"wp-block-paragraph\">SemM\u00e9xico, Guadalajara, Jalisco, 6 de diciembre, 2023.- Abr\u00ed la puerta del refrigerador y lo primero que veo al fondo es una botella de Caf\u00e9 con Mezcal, la etiqueta dice \u201cRecuerdo de Oaxaca\u201d. De pronto me doy cuenta de que esa botella tiene muchos meses esper\u00e1ndome y hoy decide asomarse para traerme ese recuerdo, no de Oaxaca, pero s\u00ed de Juanita que me la regal\u00f3 hace un tiempo.<\/p>\n\n\n\n<p class=\"wp-block-paragraph\">A la profesora Juanita Santos la conoc\u00ed hace muchos a\u00f1os en el Centro Universitario de la Ci\u00e9nega, no s\u00e9 desde cuando nos hicimos amigas, pero su presencia se hizo entra\u00f1able entre la comunidad universitaria. Fuimos compa\u00f1eras en la radio, colegas profesoras y compa\u00f1eras de numerosos cursos que tomamos juntas.<\/p>\n\n\n\n<p class=\"wp-block-paragraph\">&nbsp;A ella le gustaba prepararse y estar siempre al d\u00eda con nuevos conocimientos. Generosa siempre, compart\u00eda sus saberes y sus sonrisas a todo el mundo. Compartidora como era, repart\u00eda regalos y alegr\u00edas.<\/p>\n\n\n\n<p class=\"wp-block-paragraph\">&nbsp;En una ocasi\u00f3n me llam\u00f3 para decirme que me ten\u00eda un regalo especial, nos vimos y me cont\u00f3 que hizo un reportaje a una familia ocotlense due\u00f1a de la birrier\u00eda \u201cLa Polar\u201d, famosa en la Ciudad de M\u00e9xico; quienes acud\u00edan cada a\u00f1o para participar en las fiestas del pueblo en donde, por cierto, su fiesta era la m\u00e1s vistosa. Le regalaron una botella de tequila blanco producci\u00f3n de la familia, Juanita no dud\u00f3 en llev\u00e1rmela de regalo a m\u00ed, as\u00ed era ella de generosa y compartidora.<\/p>\n\n\n\n<p class=\"wp-block-paragraph\">Dicen que \u201cInfancia es destino\u201d, pero Juanita rompi\u00f3 con lo que el destino le ten\u00eda preparado para ella como mujer ind\u00edgena en una comunidad remota de Oaxaca. Ella decidi\u00f3 que quer\u00eda estudiar y conocer el mundo m\u00e1s all\u00e1 de su propia comunidad. Desde ni\u00f1a, trabaj\u00f3 vendiendo tamales, comida y todo lo que su mam\u00e1 preparaba. Juanita no regresaba a casa hasta que terminaba la venta.<\/p>\n\n\n\n<p class=\"wp-block-paragraph\">&nbsp;A pesar de la oposici\u00f3n de su familia, cuando termin\u00f3 el bachillerato a distancia, decidi\u00f3 venir a Jalisco en donde no conoc\u00eda a nadie, a estudiar la carrera de periodismo. Eligi\u00f3 Ocotl\u00e1n porque no le gustaban las grandes ciudades, por lo que encontr\u00f3 en el Centro Universitario de la Ci\u00e9nega, el lugar perfecto para crecer y desarrollarse personal y profesionalmente, primero como estudiante y posteriormente como profesora y locutora en la radio.<\/p>\n\n\n\n<p class=\"wp-block-paragraph\">No ingres\u00f3 en la primera oportunidad en que solicit\u00f3 su ingreso a la Universidad, sin embargo, ya hab\u00eda llegado muy lejos, sin conocer a nadie, busc\u00f3 trabajo y se qued\u00f3 en Ocotl\u00e1n. En su segunda oportunidad pudo entrar a la carrera de periodismo.<\/p>\n\n\n\n<p class=\"wp-block-paragraph\">De inmediato quiso colaborar en la radio universitaria, dada su experiencia como locutora comunitaria en Huatulco, Oaxaca. Muchos a\u00f1os estuvo en la radio primero como colaboradora, como estudiante, como practicante, como servicio social y finalmente como reportera contratada, interesada principalmente en temas ambientales, desarrollo sustentable, temas de g\u00e9nero, especialmente temas de mujeres, me enviaba todas las notas que ten\u00edan que ver con la discriminaci\u00f3n a las mujeres en diversos \u00e1mbitos, compart\u00eda su indignaci\u00f3n conmigo y su esperanza de que las cosas en el futuro fueran diferentes.<\/p>\n\n\n\n<p class=\"wp-block-paragraph\">Sin duda, la periodista Juanita, la profesora Juanita, la Dra. Juanita hizo las cosas diferentes. La ni\u00f1a ind\u00edgena sali\u00f3 de su pueblo para conquistar el mundo y lo logr\u00f3. Conquist\u00f3 nuestros corazones, cultiv\u00f3 amistades y construy\u00f3 familia en la comunidad universitaria. Estudi\u00f3 maestr\u00eda en Educaci\u00f3n y reci\u00e9n termin\u00f3 su doctorado que realiz\u00f3 con mucho esfuerzo y ya con signos evidentes de su enfermedad.<\/p>\n\n\n\n<p class=\"wp-block-paragraph\">Ayud\u00f3 a las y los estudiantes a quienes no dud\u00f3 apoyar cuando lo necesitaban, a comprar un libro, a comprar comida, a dar una palabra de aliento y siempre, siempre a regalarnos su sonrisa.<\/p>\n\n\n\n<p class=\"wp-block-paragraph\">Nos quedamos con un trabajo acad\u00e9mico pendiente, reci\u00e9n revis\u00e9 una tesis que ella dirig\u00eda a dos estudiantes de periodismo sobre la cobertura de los medios de comunicaci\u00f3n al futbol femenil en la liga MX. Fue lo \u00faltimo que conversamos, me dijo que ya atend\u00edan sus alumnos mis observaciones, que pronto nos ver\u00edamos para la sustentaci\u00f3n.<\/p>\n\n\n\n<p class=\"wp-block-paragraph\">&nbsp;Esto ya no ocurri\u00f3, Juanita enferm\u00f3 y muri\u00f3 muy r\u00e1pido. Nos deja el coraz\u00f3n entristecido y la alegr\u00eda de haberla conocido. La Dra. Juanita Santos recibir\u00e1 un homenaje el pr\u00f3ximo lunes 11 de diciembre a las 12:00 del d\u00eda a las afueras del edificio de la radio universitaria en Ocotl\u00e1n, ah\u00ed sembraremos un \u00e1rbol para rendirle un homenaje a la ni\u00f1a ind\u00edgena y rebelde, que vino a decirnos que sus esfuerzos valieron la pena y valieron la alegr\u00eda, porque quienes la conocimos, fuimos m\u00e1s felices porque Juanita estuvo en nuestras vidas.<\/p>\n\n\n\n<p class=\"wp-block-paragraph\">Dra. Mar\u00eda Guadalupe Ramos Ponce<\/p>\n\n\n\n<p class=\"wp-block-paragraph\">Coordinadora de CLADEM en M\u00e9xico<\/p>\n\n\n\n<p class=\"wp-block-paragraph\">Profesora Investigadora de la UdeG.<\/p>\n","protected":false},"excerpt":{"rendered":"<p>Abr\u00ed la puerta del refrigerador y lo primero que veo al fondo es una botella de Caf\u00e9 con Mezcal, la etiqueta dice \u201cRecuerdo de Oaxaca\u201d.<\/p>\n","protected":false},"author":3,"featured_media":8967,"comment_status":"open","ping_status":"open","sticky":false,"template":"","format":"standard","meta":{"_monsterinsights_skip_tracking":false,"footnotes":""},"categories":[91,35],"tags":[149,459],"class_list":["post-74941","post","type-post","status-publish","format-standard","has-post-thumbnail","category-lupita-ramos-ponce","category-opinion","tag-mujeres","tag-opinion"],"_links":{"self":[{"href":"https:\/\/redsemlac.com\/semmexico\/wp-json\/wp\/v2\/posts\/74941","targetHints":{"allow":["GET"]}}],"collection":[{"href":"https:\/\/redsemlac.com\/semmexico\/wp-json\/wp\/v2\/posts"}],"about":[{"href":"https:\/\/redsemlac.com\/semmexico\/wp-json\/wp\/v2\/types\/post"}],"author":[{"embeddable":true,"href":"https:\/\/redsemlac.com\/semmexico\/wp-json\/wp\/v2\/users\/3"}],"replies":[{"embeddable":true,"href":"https:\/\/redsemlac.com\/semmexico\/wp-json\/wp\/v2\/comments?post=74941"}],"version-history":[{"count":0,"href":"https:\/\/redsemlac.com\/semmexico\/wp-json\/wp\/v2\/posts\/74941\/revisions"}],"wp:featuredmedia":[{"embeddable":true,"href":"https:\/\/redsemlac.com\/semmexico\/wp-json\/wp\/v2\/media\/8967"}],"wp:attachment":[{"href":"https:\/\/redsemlac.com\/semmexico\/wp-json\/wp\/v2\/media?parent=74941"}],"wp:term":[{"taxonomy":"category","embeddable":true,"href":"https:\/\/redsemlac.com\/semmexico\/wp-json\/wp\/v2\/categories?post=74941"},{"taxonomy":"post_tag","embeddable":true,"href":"https:\/\/redsemlac.com\/semmexico\/wp-json\/wp\/v2\/tags?post=74941"}],"curies":[{"name":"wp","href":"https:\/\/api.w.org\/{rel}","templated":true}]}}