{"id":74906,"date":"2023-12-05T16:13:39","date_gmt":"2023-12-05T22:13:39","guid":{"rendered":"https:\/\/redsemlac.com\/semmexico\/?p=74906"},"modified":"2023-12-05T19:38:31","modified_gmt":"2023-12-06T01:38:31","slug":"ejemplar-sentencia-en-guerrero-contra-periodistas-que-cometieron-violencia-politica-de-genero","status":"publish","type":"post","link":"https:\/\/redsemlac.com\/semmexico\/ejemplar-sentencia-en-guerrero-contra-periodistas-que-cometieron-violencia-politica-de-genero\/","title":{"rendered":"Ejemplar sentencia en Guerrero contra periodistas que cometieron\u00a0 violencia pol\u00edtica de g\u00e9nero"},"content":{"rendered":"\n<ul class=\"wp-block-list\">\n<li><strong>Cuatro periodistas incurrieron en estereotipos y sesgos de g\u00e9nero que afectaron a la quejosa<\/strong><\/li>\n<\/ul>\n\n\n\n<ul class=\"wp-block-list\">\n<li><strong>S\u00f3lo un mes suspendida su actividad profesional<\/strong><\/li>\n<\/ul>\n\n\n\n<p class=\"wp-block-paragraph\"><strong>Josefina Aguilar Pastor<\/strong><\/p>\n\n\n\n<p class=\"wp-block-paragraph\">SemM\u00e9xico, Chilpancingo, Guerrero, 5 de diciembre, 2023.- Este lunes, el Tribunal Electoral del Estado TEE en su &nbsp;40 sesi\u00f3n p\u00fablica de resoluci\u00f3n, &nbsp;trat\u00f3 como &nbsp;\u00fanico punto, el relativo&nbsp; al expediente TEE\/PES\/009\/2023, sobre &nbsp;la denuncia interpuesta por Norma Otilia Hern\u00e1ndez Mart\u00ednez, presidenta municipal de Chilpancingo, en contra de los periodistas&nbsp; Baltazar Jim\u00e9nez Rosales, Abel Miranda Ayala y los columnistas, Efra\u00edn Flores Iglesias y Juan Antelmo Garc\u00eda Castro; y la directora del Diario de Guerrero, que se edita en la capital del Estado, \u00c9rika Garc\u00eda Guevara.<\/p>\n\n\n\n<p class=\"wp-block-paragraph\">&nbsp;El (TEE), aprob\u00f3 declarar inexistente violencia pol\u00edtica contra las mujeres en raz\u00f3n de g\u00e9nero por &nbsp;tres&nbsp;periodistas y un&nbsp; columnista; &nbsp;pero s\u00ed aprob\u00f3 la ejercida por el Diario de Guerrero y &nbsp;su directora \u00c9rika Garc\u00eda Guevara, y un comentarista colaborador de este medio.<\/p>\n\n\n\n<p class=\"wp-block-paragraph\">Su sentencia se\u00f1ala que ese diarios y su colaborador recibir\u00e1n \u00a0una amonestaci\u00f3n p\u00fablica \u00a0y ser\u00e1n inscritos \u00a0en\u00a0 el Registro Estatal de Personas Sancionadas en Materia de Violencia Pol\u00edtica contra las Mujeres en Raz\u00f3n de G\u00e9nero, durante un mes.<\/p>\n\n\n\n<p class=\"wp-block-paragraph\">La agraviada denunci\u00f3 supuestas expresiones de violencia pol\u00edtica contra las mujeres en raz\u00f3n de g\u00e9nero, ejercida a trav\u00e9s de diversas notas period\u00edsticas por supuestas expresiones de violencia.<\/p>\n\n\n\n<p class=\"wp-block-paragraph\">En el proyecto de resoluci\u00f3n presentado por el magistrado Jos\u00e9 In\u00e9s Betancourt Salgado, se propuso declarar la existencia de violencia por considerar que las notas period\u00edsticas denunciadas contienen expresiones con estereotipos de g\u00e9nero y roles de dominaci\u00f3n o sumisi\u00f3n, que tienen un efecto simb\u00f3lico y diferenciador por el hecho de ser mujer y por su condici\u00f3n de serlo, por lo que tales notas y expresiones no se amparan en el ejercicio period\u00edstico y el derecho a la informaci\u00f3n como parte de la libertad de expresi\u00f3n.<\/p>\n\n\n\n<p class=\"wp-block-paragraph\">Se dio a conocer que con base al expediente, tienen identificadas la existencia de las notas period\u00edsticas publicadas y difundidas por el Diario de Guerrero y los autores denunciados por la quejosa, y que fueron acreditadas por la directora general de tal medio, del que hizo llegar cuatro impresiones en versi\u00f3n digital y tres en versi\u00f3n original (f\u00edsica), de las notas denunciadas y afirm\u00f3 que los autores de las notas son las personas denunciadas.<\/p>\n\n\n\n<p class=\"wp-block-paragraph\">Derivado de la prueba de violencia aplicado en materia de violencia pol\u00edtica en contra de la mujeres en raz\u00f3n de g\u00e9nero, se tiene que \u00fanicamente se acreditan todos los elementos de la jurisprudencia 21\/2018 para el caso de las notas difundidas el 11 de enero del a\u00f1o pasado, 12 de abril, 21 y 22 de junio de este a\u00f1o, elaboradas por una de las personas denunciadas, de ah\u00ed que lo procedente fue declarar la existencia de la infracci\u00f3n denunciada. Se\u00f1ala la sentencia.<\/p>\n\n\n\n<p class=\"wp-block-paragraph\">En ese sentido, se tiene como responsable directo al autor de dichas expresiones, el columnista Efra\u00edn Flores Iglesias colaborador del Diario de Guerrero, y por tener responsabilidad compartida a la directora de dicho medio, Erika Garc\u00eda Guevara.<\/p>\n\n\n\n<p class=\"wp-block-paragraph\">Al observar una intencionalidad impl\u00edcita, la no reincidencia de parte de las personas denunciadas, y al calificarse la falta como \u00ablev\u00edsima\u201d, \u201clo adecuado es sancionar con una amonestaci\u00f3n p\u00fablica a cada una de las personas infractoras\u201d.<\/p>\n\n\n\n<p class=\"wp-block-paragraph\">Tambi\u00e9n se imponen la siguientes medidas de reparaci\u00f3n integrales; &nbsp;disculpa p\u00fablica, retiro de las notas denunciadas por contener expresiones de violencia pol\u00edtica en raz\u00f3n de g\u00e9nero, bibliograf\u00eda especializada y un curso de g\u00e9nero, como garant\u00eda de no repetici\u00f3n se orden al Instituto Electoral y de Participaci\u00f3n Ciudadana (IEPC), &nbsp;inscribir a Efra\u00edn Flores iglesias, y al peri\u00f3dico Diario de Guerrero a trav\u00e9s de su directora general, Erika Garc\u00eda Guevara por un mes en el Registro Estatal de Personas Sancionadas en Materia de Violencia Pol\u00edtica contra las Mujeres en Raz\u00f3n de G\u00e9nero.<\/p>\n\n\n\n<p class=\"wp-block-paragraph\">En el proyecto de resoluci\u00f3n, el magistrado ponente propuso los siguientes puntos resolutivos: primero, se declara la inexistencia de la infracci\u00f3n atribuida a las personas Baltazar Jim\u00e9nez Rosales, Abel Miranda Ayala y Juan Antelmo Garc\u00eda Castro; segundo, se declara la existencia de la infracci\u00f3n atribuida por la denunciante a Efra\u00edn Flores Iglesias y al peri\u00f3dico Diario de Guerrero, por medio de su directora \u00c9rika Garc\u00eda Guevara, por lo que se les sanciona con una amonestaci\u00f3n p\u00fablica.<\/p>\n\n\n\n<p class=\"wp-block-paragraph\">Tercero, se ordena a las personas responsables, llevar a cabo las medidas de reparaci\u00f3n y garant\u00edas de no repetici\u00f3n ordenadas; cuarto, una vez que adquiera firmeza la presente sentencia, se deber\u00e1 inscribir a Efra\u00edn Flores Iglesias y a \u00c9rika Garc\u00eda Guevara en el Registro Estatal de Personas Sancionadas en Materia de Violencia Pol\u00edtica contra las Mujeres en Raz\u00f3n de G\u00e9nero del IEPC.<\/p>\n\n\n\n<p class=\"wp-block-paragraph\">Quinto, se exhorta a las personas sancionadas para que en lo subsecuente eviten que las notas o columnas escritas y difundidas sobre Norma Otilia Hern\u00e1ndez Mart\u00ednez y de otras mujeres en el ejercicio de sus derechos pol\u00edticos y electorales, contengan expresiones que hagan alusi\u00f3n a estereotipos de g\u00e9nero, roles de dominaci\u00f3n, sumisi\u00f3n o cualquier otra expresi\u00f3n que tenga por objeto denigrar o descalificar a las mujeres que ocupan cualquier cargo de elecci\u00f3n popular.<\/p>\n\n\n\n<p class=\"wp-block-paragraph\">A\u00fan est\u00e1n pendientes por resolverse, las denuncias presentadas en contra de los dirigentes estatales de Morena, PAN y PRD por el mismo delito de violencia pol\u00edtica contra las mujeres en raz\u00f3n de g\u00e9nero.<\/p>\n","protected":false},"excerpt":{"rendered":"<p>Cuatro periodistas incurrieron en estereotipos y sesgos de g\u00e9nero que afectaron a la quejosa<\/p>\n","protected":false},"author":3,"featured_media":74919,"comment_status":"open","ping_status":"open","sticky":false,"template":"","format":"standard","meta":{"_monsterinsights_skip_tracking":false,"footnotes":""},"categories":[700],"tags":[144],"class_list":["post-74906","post","type-post","status-publish","format-standard","has-post-thumbnail","category-estados","tag-guerrero"],"_links":{"self":[{"href":"https:\/\/redsemlac.com\/semmexico\/wp-json\/wp\/v2\/posts\/74906","targetHints":{"allow":["GET"]}}],"collection":[{"href":"https:\/\/redsemlac.com\/semmexico\/wp-json\/wp\/v2\/posts"}],"about":[{"href":"https:\/\/redsemlac.com\/semmexico\/wp-json\/wp\/v2\/types\/post"}],"author":[{"embeddable":true,"href":"https:\/\/redsemlac.com\/semmexico\/wp-json\/wp\/v2\/users\/3"}],"replies":[{"embeddable":true,"href":"https:\/\/redsemlac.com\/semmexico\/wp-json\/wp\/v2\/comments?post=74906"}],"version-history":[{"count":0,"href":"https:\/\/redsemlac.com\/semmexico\/wp-json\/wp\/v2\/posts\/74906\/revisions"}],"wp:featuredmedia":[{"embeddable":true,"href":"https:\/\/redsemlac.com\/semmexico\/wp-json\/wp\/v2\/media\/74919"}],"wp:attachment":[{"href":"https:\/\/redsemlac.com\/semmexico\/wp-json\/wp\/v2\/media?parent=74906"}],"wp:term":[{"taxonomy":"category","embeddable":true,"href":"https:\/\/redsemlac.com\/semmexico\/wp-json\/wp\/v2\/categories?post=74906"},{"taxonomy":"post_tag","embeddable":true,"href":"https:\/\/redsemlac.com\/semmexico\/wp-json\/wp\/v2\/tags?post=74906"}],"curies":[{"name":"wp","href":"https:\/\/api.w.org\/{rel}","templated":true}]}}