{"id":74889,"date":"2023-12-05T11:45:22","date_gmt":"2023-12-05T17:45:22","guid":{"rendered":"https:\/\/redsemlac.com\/semmexico\/?p=74889"},"modified":"2023-12-05T11:45:22","modified_gmt":"2023-12-05T17:45:22","slug":"cuba-copas-menstruales-para-romper-tabues-y-empoderar-cuerpos","status":"publish","type":"post","link":"https:\/\/redsemlac.com\/semmexico\/cuba-copas-menstruales-para-romper-tabues-y-empoderar-cuerpos\/","title":{"rendered":"Cuba: Copas menstruales para romper tab\u00faes y empoderar cuerpos"},"content":{"rendered":"\n<ul class=\"wp-block-list\">\n<li><strong>Su &nbsp;uso beneficioso para nuestro cuerpo, \u00abpara ese territorio que habitamos, y para empoderarnos\u00bb.<\/strong><\/li>\n\n\n\n<li><strong>Encuentro \u00abCopas menstruales, medioambiente y diversidad\u00bb, organizado por la Embajada del Reino de los Pa\u00edses Bajos y Tercer Para\u00edso Cuba<\/strong><strong><em><\/em><\/strong><\/li>\n<\/ul>\n\n\n\n<p class=\"wp-block-paragraph\"><strong>&nbsp;Lisandra Fari\u00f1as*<\/strong><\/p>\n\n\n\n<p class=\"wp-block-paragraph\">SemM\u00e9xico\/Semlac, La Habana, Cuba, 5 de &nbsp;diciembre, 2023.- &nbsp;\u00abPrimera vez que la veo\u00bb, \u00abla conozco, pero nunca la he usado\u00bb, \u00abla utilizo, pero tambi\u00e9n uso otras maneras de protecci\u00f3n respetuosas con el medio ambiente\u00bb, \u00abnunca hab\u00eda escuchado sobre ella\u00bb \u2026 Opiniones bien diversas sobre la copa menstrual dan cuenta de que se trata de un producto alrededor del cual a\u00fan existe mucha desinformaci\u00f3n en Cuba.<\/p>\n\n\n\n<p class=\"wp-block-paragraph\"><br>Para Laura Salas Redondo, una de las gestoras de la iniciativa Copas para Cuba, es necesario&nbsp;desmitificar tab\u00faes asociados a la menstruaci\u00f3n&nbsp;y tambi\u00e9n comprender el impacto ambiental de la copa menstrual y otros productos sostenibles que pueden usar las mujeres durante el \u00abperiodo\u00bb.<\/p>\n\n\n\n<p class=\"wp-block-paragraph\"><br>Copas para Cuba es un proyecto colectivo al que todas las personas interesadas pueden unirse con el objetivo de fomentar el di\u00e1logo y apoyar el uso de la copa menstrual en el pa\u00eds caribe\u00f1o. Su prop\u00f3sito es compartir conocimientos, crear espacios inclusivos y tolerantes, y construir comunidad a trav\u00e9s de talleres de sensibilizaci\u00f3n y aprendizaje.<\/p>\n\n\n\n<p class=\"wp-block-paragraph\"><br>Seg\u00fan Salas Redondo, \u00abel proyecto surgi\u00f3 en 2021 impulsado por La Mina y la&nbsp;Embajada Rebirth\/Tercer Para\u00edso Cuba&nbsp;y se materializ\u00f3 gracias a las generosas donaciones de personas en Alemania y al apoyo puntual de la embajada de ese pa\u00eds en La Habana\u00bb, dijo durante un taller realizado el 28 de noviembre en la capital cubana.<\/p>\n\n\n\n<p class=\"wp-block-paragraph\"><br>El encuentro \u00abCopas menstruales, medioambiente y diversidad\u00bb, organizado por la Embajada del Reino de los Pa\u00edses Bajos y Tercer Para\u00edso Cuba, busc\u00f3 dialogar sobre los beneficios, ventajas y uso de la copa menstrual; pero tambi\u00e9n debatir temas relacionados con el bienestar emocional, f\u00edsico y reproductivo de las personas que menstr\u00faan, desde una perspectiva inclusiva<\/p>\n\n\n\n<p class=\"wp-block-paragraph\"><br>La Mina, creada en 2020, actualmente es un proyecto de desarrollo local (PDL) cuya principal intenci\u00f3n es abordar la gesti\u00f3n de residuos s\u00f3lidos, principalmente pl\u00e1sticos, pero no solo eso.<\/p>\n\n\n\n<p class=\"wp-block-paragraph\"><br>\u00abImplementamos acciones de reciclaje y desarrollamos actividades pedag\u00f3gicas con la comunidad. Nuestro objetivo es tener un espacio f\u00edsico que nos permita tratar los residuos s\u00f3lidos y generar cambios de paradigmas en relaci\u00f3n a la problem\u00e1tica de la basura. Copas para Cuba es una iniciativa que surge de esa intenci\u00f3n de promover la conciencia ambiental\u00bb, precis\u00f3 Salas Redondo.<\/p>\n\n\n\n<p class=\"wp-block-paragraph\"><br>\u00abEn un inicio recibimos donaciones de copas menstruales y vimos la oportunidad de reducir el uso de pl\u00e1stico y sus impactos en el medio ambiente\u00bb, detall\u00f3.<\/p>\n\n\n\n<p class=\"wp-block-paragraph\"><br>Pero, a medida que hemos llevado a cabo talleres y actividades, nos hemos dado cuenta de que Copas para Cuba nos ha abierto muchos horizontes para promover la salud, el empoderamiento femenino y el conocimiento de nuestros cuerpos, que son nuestros templos m\u00e1s sagrados\u00bb, precis\u00f3 Salas Redondo.<\/p>\n\n\n\n<h2 class=\"wp-block-heading\"><br><strong>Crear comunidad desde el aprendizaje<\/strong><\/h2>\n\n\n\n<p class=\"wp-block-paragraph\"><br>Los talleres son el primer punto de encuentro \u00abdonde tratamos tambi\u00e9n de seguir caminando de conjunto\u00bb, dijo una de las facilitadoras del espacio, Marbelis Gonz\u00e1lez Mesa.<br>Crear una comunidad de apoyo para aquellas personas que utilizar\u00e1n la copa menstrual por primera vez, y proporcionar copas menstruales a aquellas que las necesiten, especialmente en situaciones de vulnerabilidad, es una de las apuestas del proyecto, destac\u00f3 Gonz\u00e1lez Mesa.<\/p>\n\n\n\n<p class=\"wp-block-paragraph\"><br>Para la activista social, el uso de la copa es, en primer lugar, beneficioso para nuestro cuerpo, \u00abpara ese territorio que habitamos, y para empoderarnos\u00bb.<\/p>\n\n\n\n<p class=\"wp-block-paragraph\"><br>Las copas menstruales permiten llevar una vida normal. Pueden utilizarse durante el sue\u00f1o, actividades f\u00edsicas como andar en bicicleta, hacer ejercicio o ir a la playa, e incluso durante las relaciones sexuales sin penetraci\u00f3n. Su versatilidad ofrece comodidad y libertad a las personas que las utilizan, explic\u00f3.<\/p>\n\n\n\n<p class=\"wp-block-paragraph\"><br>\u00abBuscamos sensibilizarnos sobre el uso de alternativas diferentes a las que estamos acostumbradas, como las toallas higi\u00e9nicas y los tampones, que no son tan saludables como creemos. Queremos generar conciencia sobre otros productos. Ello no quiere decir que todas las personas que participan en un taller de copas menstruales terminan us\u00e1ndolas de inmediato; ojal\u00e1 lo hicieran. Es un momento para abrirnos a nuevas posibilidades\u00bb, se\u00f1al\u00f3 Gonz\u00e1lez Mesa.<\/p>\n\n\n\n<p class=\"wp-block-paragraph\"><br>La facilitadora destac\u00f3 que la copa menstrual, si bien se ha modernizado, no es un producto novedoso, pues su invenci\u00f3n data de 1930 y es evidente que el mandato patriarcal ha influido en su lenta aceptaci\u00f3n y difusi\u00f3n.<br>\u00abAl ser una opci\u00f3n c\u00f3moda y desafiar los beneficios de la industria farmac\u00e9utica, que promueve productos desechables, las copas menstruales se han enfrentado a obst\u00e1culos a nivel mundial\u00bb, coment\u00f3 la facilitadora.<\/p>\n\n\n\n<p class=\"wp-block-paragraph\"><br>Dijo que ha demostrado tener numerosos beneficios para la salud en comparaci\u00f3n con los productos tradicionales utilizados hasta ahora. Adem\u00e1s, ofrece ventajas econ\u00f3micas, ya que reduce los gastos mensuales en productos \u00edntimos desechables. A ello se une el impacto ambiental.<\/p>\n\n\n\n<p class=\"wp-block-paragraph\"><br>Para Salas Redondo, deconstruir mitos relacionados con la menstruaci\u00f3n fundamentalmente aquellos que asocian a este proceso natural con algo bochornoso, sucio o desagradable, es fundamental.<\/p>\n\n\n\n<p class=\"wp-block-paragraph\"><br>En el espacio se se\u00f1al\u00f3, adem\u00e1s, la relevancia de&nbsp;incluir a todas las poblaciones, como los hombres trans, &nbsp;en la conversaci\u00f3n sobre la salud menstrual y promover una cultura inclusiva alrededor del tema. \u00abSer\u00eda valioso organizar talleres orientados hacia la salud sexual que aborden espec\u00edficamente estas cuestiones\u00bb, consider\u00f3 Larian Arias, activista trans participante en el taller.<\/p>\n\n\n\n<p class=\"wp-block-paragraph\"><br>El encuentro \u00abCopas menstruales, medioambiente y diversidad\u00bb fue la antesala de una jornada de actividades en la Embajada del Reino de los Pa\u00edses Bajos, como parte de los 16 D\u00edas de Activismo por la No Violencia contra las Mujeres y las Ni\u00f1as.<\/p>\n\n\n\n<p class=\"wp-block-paragraph\"><br>Nadia Verwaal, embajadora adjunta del Reino de los Pa\u00edses Bajos en Cuba, se\u00f1al\u00f3 que la campa\u00f1a Naranja coincide con la pol\u00edtica exterior feminista del gobierno holand\u00e9s, que lucha de manera integral por la igualdad para todas las personas en todo el mundo.<\/p>\n\n\n\n<p class=\"wp-block-paragraph\"><br>En la jornada se present\u00f3 un fragmento de la pieza teatral&nbsp;<em>Clara<\/em>, de Liliana Lam, una obra que refleja la violencia de g\u00e9nero hacia las mujeres trans. \u00abNo s\u00f3lo aborda los aspectos negativos, sino tambi\u00e9n los positivos. Los desarrollos que empoderan; los desarrollos que inspiran\u00bb, destac\u00f3 la embajadora adjunta.<\/p>\n\n\n\n<p class=\"wp-block-paragraph\"><em>*<\/em><a href=\"mailto:lisycolor5@gmail.com\"><em>lisycolor5@gmail.com<\/em><\/a><\/p>\n","protected":false},"excerpt":{"rendered":"<p>Su uso beneficioso para nuestro cuerpo, \u00abpara ese territorio que habitamos, y para empoderarnos\u00bb.<\/p>\n","protected":false},"author":3,"featured_media":74890,"comment_status":"open","ping_status":"open","sticky":false,"template":"","format":"standard","meta":{"_monsterinsights_skip_tracking":false,"footnotes":""},"categories":[694,53],"tags":[149],"class_list":["post-74889","post","type-post","status-publish","format-standard","has-post-thumbnail","category-destacadas","category-internacional","tag-mujeres"],"_links":{"self":[{"href":"https:\/\/redsemlac.com\/semmexico\/wp-json\/wp\/v2\/posts\/74889","targetHints":{"allow":["GET"]}}],"collection":[{"href":"https:\/\/redsemlac.com\/semmexico\/wp-json\/wp\/v2\/posts"}],"about":[{"href":"https:\/\/redsemlac.com\/semmexico\/wp-json\/wp\/v2\/types\/post"}],"author":[{"embeddable":true,"href":"https:\/\/redsemlac.com\/semmexico\/wp-json\/wp\/v2\/users\/3"}],"replies":[{"embeddable":true,"href":"https:\/\/redsemlac.com\/semmexico\/wp-json\/wp\/v2\/comments?post=74889"}],"version-history":[{"count":0,"href":"https:\/\/redsemlac.com\/semmexico\/wp-json\/wp\/v2\/posts\/74889\/revisions"}],"wp:featuredmedia":[{"embeddable":true,"href":"https:\/\/redsemlac.com\/semmexico\/wp-json\/wp\/v2\/media\/74890"}],"wp:attachment":[{"href":"https:\/\/redsemlac.com\/semmexico\/wp-json\/wp\/v2\/media?parent=74889"}],"wp:term":[{"taxonomy":"category","embeddable":true,"href":"https:\/\/redsemlac.com\/semmexico\/wp-json\/wp\/v2\/categories?post=74889"},{"taxonomy":"post_tag","embeddable":true,"href":"https:\/\/redsemlac.com\/semmexico\/wp-json\/wp\/v2\/tags?post=74889"}],"curies":[{"name":"wp","href":"https:\/\/api.w.org\/{rel}","templated":true}]}}