{"id":74883,"date":"2023-12-04T17:26:43","date_gmt":"2023-12-04T23:26:43","guid":{"rendered":"https:\/\/redsemlac.com\/semmexico\/?p=74883"},"modified":"2023-12-04T17:26:43","modified_gmt":"2023-12-04T23:26:43","slug":"dia-10-cuba-violencia-de-genero-en-la-universidad-denunciar-es-importante","status":"publish","type":"post","link":"https:\/\/redsemlac.com\/semmexico\/dia-10-cuba-violencia-de-genero-en-la-universidad-denunciar-es-importante\/","title":{"rendered":"D\u00eda 10| Cuba: Violencia de g\u00e9nero en la universidad, denunciar es importante"},"content":{"rendered":"\n<ul class=\"wp-block-list\">\n<li><strong>En los espacios de aprendizaje hay presencia de todo tipo de maltratos, m\u00e1s marcados sobre las muchachas<\/strong><\/li>\n\n\n\n<li><strong>Provienen de modelos patriarcales en las familias y la desigual distribuci\u00f3n de roles en detrimento de las mujeres en Cuba<\/strong><strong><em><\/em><\/strong><\/li>\n<\/ul>\n\n\n\n<p class=\"wp-block-paragraph\"><strong>Dixie Edith<\/strong><strong><br><\/strong>SemM\u00e9xico\/Semlac, La Habana, Cuba, 4 de diciembre 2023.- C\u00f3mo perciben j\u00f3venes y adolescentes la violencia de g\u00e9nero, los caminos para atenderla y la importancia de denunciarla son preocupaciones actuales de estudiantes y docentes en el \u00e1mbito universitario de la capital cubana.<\/p>\n\n\n\n<p class=\"wp-block-paragraph\">\u00abEn las investigaciones que hemos realizado con j\u00f3venes y adolescentes, la tem\u00e1tica m\u00e1s mencionada ha sido la violencia\u00bb, indic\u00f3 Raida Semanat Truti\u00e9, del Centro de Estudios sobre la Juventud (Cesj).<\/p>\n\n\n\n<p class=\"wp-block-paragraph\">\u00abEso se debe a que el problema est\u00e1 ah\u00ed, pero los enfoques aplicados hasta ahora no han aportado todas las respuestas\u00bb, coment\u00f3 la soci\u00f3loga al intervenir en el panel \u00abViolencia de g\u00e9nero en espacios universitarios: miradas y desaf\u00edos\u00bb, el 29 de noviembre, en la Facultad de Comunicaci\u00f3n (Fcom) de la Universidad de La Habana.<\/p>\n\n\n\n<p class=\"wp-block-paragraph\">La presencia de todo tipo de maltratos, m\u00e1s marcados sobre las muchachas; el reconocimiento de la existencia de modelos patriarcales en las familias y la desigual distribuci\u00f3n de roles en detrimento de las mujeres fueron realidades constatadas por una investigaci\u00f3n sobre percepci\u00f3n social de la violencia en adolescentes y j\u00f3venes.<\/p>\n\n\n\n<p class=\"wp-block-paragraph\">\u00abEl modelo patriarcal influye de forma directa en las pautas de comportamiento que promueven situaciones de violencia, desde una jerarqu\u00eda inamovible y marcada por roles de poder opresivos sobre las mujeres\u00bb, argument\u00f3 la soci\u00f3loga, una de las autoras del estudio.<\/p>\n\n\n\n<p class=\"wp-block-paragraph\">La pesquisa, a\u00fan en fase de procesamiento, incluy\u00f3 a estudiantes de la Universidad de La Habana, la tecnol\u00f3gica Jos\u00e9 Antonio Echevarr\u00eda, la de Cultura F\u00edsica y Deportes y la pedag\u00f3gica Enroque Jos\u00e9 Varona.<\/p>\n\n\n\n<p class=\"wp-block-paragraph\">Entre otros resultados constat\u00f3 tambi\u00e9n la presencia, en entornos escolares, de desigualdades de poder que generan violencias y de homofobia y transfobia; as\u00ed como el uso de la violencia como m\u00e9todo educativo y \u00abuna muy baja tolerancia a la frustraci\u00f3n, que genera respuestas airadas\u00bb, explic\u00f3 Semanat Truti\u00e9.<\/p>\n\n\n\n<p class=\"wp-block-paragraph\">Una indagaci\u00f3n similar desarrollada en la propia Fcom, confirm\u00f3 el conocimiento de las formas f\u00edsica, sexual y psicol\u00f3gica de la violencia, pero tambi\u00e9n de la ciber violencia, el&nbsp;<em>bullying<\/em>&nbsp;o acoso escolar y la violencia econ\u00f3mica, detall\u00f3 la psic\u00f3loga Miriam Rodr\u00edguez Ojeda, profesora del departamento de Periodismo.<\/p>\n\n\n\n<p class=\"wp-block-paragraph\">Ambas investigaciones identifican a las mujeres y personas con identidades y sexualidades no heteronormativas como las v\u00edctimas fundamentales.<\/p>\n\n\n\n<p class=\"wp-block-paragraph\">Son \u00abla familia y la escuela\u00bb los \u00e1mbitos fundamentales donde se reproduce la violencia, aunque las personas entrevistadas \u00abno reconocen que la universidad sea un sitio con manifestaciones de violencia basada en g\u00e9nero\u00bb, apunt\u00f3 Rodr\u00edguez Ojeda<\/p>\n\n\n\n<p class=\"wp-block-paragraph\">Igualmente, prevalecen \u00abestereotipos relacionados con los celos y el acompa\u00f1amiento que necesitan las mujeres para no salir solas o de noche\u00bb, agreg\u00f3 la sic\u00f3loga.<\/p>\n\n\n\n<p class=\"wp-block-paragraph\">Las entrevistas realizadas en Fcom apuntan, en general, a un bajo conocimiento de \u00abespacios o servicios a donde dirigirse para recibir orientaci\u00f3n o ayuda\u00bb y a la urgencia de \u00abprocesos de educaci\u00f3n y formaci\u00f3n para prevenir la violencia de g\u00e9nero\u00bb, coment\u00f3 Rodr\u00edguez Ojeda.<br><br><strong>Ganar en cultura jur\u00eddica, asunto impostergable<\/strong><\/p>\n\n\n\n<p class=\"wp-block-paragraph\">\u00bfA d\u00f3nde acudir a denunciar y qu\u00e9 hacer cuando la denuncia termina sin respuesta por parte de las instituciones encargadas de recibirla y procesarla? Esa fue una interrogante repetida durante el encuentro, pues no abundan esos espacios y los que hay no se conocen suficientemente.<br>Para la jurista Arl\u00edn P\u00e9rez Duharte, profesora de la Facultad de Derecho de la Universidad de La Habana, es impostergable ganar en cultura jur\u00eddica en todos los espacios de la sociedad, incluso \u00abentre quienes tienen que aplicar las leyes\u00bb.<\/p>\n\n\n\n<p class=\"wp-block-paragraph\">\u00abNo todo lo que es violencia entra en el campo del Derecho penal, a no ser que resulte en lesiones f\u00edsicas o psicol\u00f3gicas que requieren tratamiento m\u00e9dico\u00bb, reflexion\u00f3 la jurista, experta en derecho penal.<br>\u00abPero si yo llego a denunciar una lesi\u00f3n que no lleva tratamiento m\u00e9dico, pero que tiene detr\u00e1s una historia de ser v\u00edctima de violencia de g\u00e9nero, s\u00ed lleva tratamiento penal. Eso hay que conocerlo\u00bb, precis\u00f3.<\/p>\n\n\n\n<p class=\"wp-block-paragraph\">P\u00e9rez Duharte explic\u00f3 que el C\u00f3digo Penal vigente ampli\u00f3 considerablemente los delitos, &nbsp;con una mirada particular a la violencia de g\u00e9nero.<\/p>\n\n\n\n<p class=\"wp-block-paragraph\">En general, esta nueva norma penal recogi\u00f3 36 modificaciones relacionadas con la violencia de g\u00e9nero, transversales a todas las figuras delictivas, y como novedad otorga mayor visibilidad y protecci\u00f3n a las v\u00edctimas, apunt\u00f3.<\/p>\n\n\n\n<p class=\"wp-block-paragraph\">\u00abLa violencia de g\u00e9nero ya no tiene que ser inferida o interpretada por el operador jur\u00eddico, sino que est\u00e1 plasmada en la letra de la ley\u00bb, insisti\u00f3.<\/p>\n\n\n\n<p class=\"wp-block-paragraph\">P\u00e9rez Duharte llam\u00f3 la atenci\u00f3n sobre un nuevo delito incluido en el C\u00f3digo Penal, que consider\u00f3 \u00abmuy pensado para el ambiente universitario\u00bb.<\/p>\n\n\n\n<p class=\"wp-block-paragraph\">Ofender con malas palabras, divulgar informaci\u00f3n que lastime la imagen o la identidad de las personas, incluso en las redes sociales, ahora entra dentro de esos \u00abdelitos contra el honor\u00bb, que incluyen actos contra la intimidad personal, familiar, la imagen y los datos personales, enumer\u00f3 la penalista.<\/p>\n\n\n\n<p class=\"wp-block-paragraph\">\u00abEso quiere decir que, si yo hago un&nbsp;<em>selfie<\/em>&nbsp;y detr\u00e1s, en segundo plano, hay personas bes\u00e1ndose, luego publico la foto sin permiso y eso genera un da\u00f1o para esas personas, puedo ser denunciada y recibir una sanci\u00f3n, cuando menos civil\u00bb, expuso como ejemplo.<\/p>\n\n\n\n<p class=\"wp-block-paragraph\">Para P\u00e9rez Duharte, conocer las leyes y denunciar los hechos de maltrato&nbsp;son esenciales para poder echar a andar los mecanismos judiciales. \u00abGenerar una cultura de Derecho es tambi\u00e9n generar una cultura de denuncia\u00bb, insisti\u00f3.<\/p>\n\n\n\n<p class=\"wp-block-paragraph\">Convocado por el Instituto de Periodismo Jos\u00e9 Mart\u00ed (Iipjm) y la asignatura de G\u00e9nero, Inclusi\u00f3n y Periodismo Web de Fcom, el encuentro fue parte de los 16 D\u00edas de Activismo por la No Violencia contra las Mujeres y las Ni\u00f1as y cont\u00f3 con el apoyo de Oxfam y la Embajada de Francia en La Habana.<\/p>\n\n\n\n<p class=\"wp-block-paragraph\"><em>*<\/em><a href=\"mailto:dixiedith@gmail.com\" target=\"_blank\" rel=\"noreferrer noopener\"><em>dixiedith@gmail.com<\/em><\/a><\/p>\n","protected":false},"excerpt":{"rendered":"<p>En los espacios de aprendizaje hay presencia de todo tipo de maltratos, m\u00e1s marcados sobre las muchachas<\/p>\n","protected":false},"author":3,"featured_media":74884,"comment_status":"open","ping_status":"open","sticky":false,"template":"","format":"standard","meta":{"_monsterinsights_skip_tracking":false,"footnotes":""},"categories":[28,27],"tags":[149],"class_list":["post-74883","post","type-post","status-publish","format-standard","has-post-thumbnail","category-16-dias-de-activismo","category-cobertura-especial","tag-mujeres"],"_links":{"self":[{"href":"https:\/\/redsemlac.com\/semmexico\/wp-json\/wp\/v2\/posts\/74883","targetHints":{"allow":["GET"]}}],"collection":[{"href":"https:\/\/redsemlac.com\/semmexico\/wp-json\/wp\/v2\/posts"}],"about":[{"href":"https:\/\/redsemlac.com\/semmexico\/wp-json\/wp\/v2\/types\/post"}],"author":[{"embeddable":true,"href":"https:\/\/redsemlac.com\/semmexico\/wp-json\/wp\/v2\/users\/3"}],"replies":[{"embeddable":true,"href":"https:\/\/redsemlac.com\/semmexico\/wp-json\/wp\/v2\/comments?post=74883"}],"version-history":[{"count":0,"href":"https:\/\/redsemlac.com\/semmexico\/wp-json\/wp\/v2\/posts\/74883\/revisions"}],"wp:featuredmedia":[{"embeddable":true,"href":"https:\/\/redsemlac.com\/semmexico\/wp-json\/wp\/v2\/media\/74884"}],"wp:attachment":[{"href":"https:\/\/redsemlac.com\/semmexico\/wp-json\/wp\/v2\/media?parent=74883"}],"wp:term":[{"taxonomy":"category","embeddable":true,"href":"https:\/\/redsemlac.com\/semmexico\/wp-json\/wp\/v2\/categories?post=74883"},{"taxonomy":"post_tag","embeddable":true,"href":"https:\/\/redsemlac.com\/semmexico\/wp-json\/wp\/v2\/tags?post=74883"}],"curies":[{"name":"wp","href":"https:\/\/api.w.org\/{rel}","templated":true}]}}