{"id":74878,"date":"2023-12-04T16:52:58","date_gmt":"2023-12-04T22:52:58","guid":{"rendered":"https:\/\/redsemlac.com\/semmexico\/?p=74878"},"modified":"2023-12-04T16:52:58","modified_gmt":"2023-12-04T22:52:58","slug":"opinion-la-tembladera-de-samuel","status":"publish","type":"post","link":"https:\/\/redsemlac.com\/semmexico\/opinion-la-tembladera-de-samuel\/","title":{"rendered":"Opini\u00f3n| La tembladera de Samuel"},"content":{"rendered":"\n<p class=\"wp-block-paragraph\"><strong>Ang\u00e9lica de la Pe\u00f1a<\/strong><\/p>\n\n\n\n<p class=\"wp-block-paragraph\">SemM\u00e9xico, Ciudad de M\u00e9xico, 4 de diciembre, 2023.- Movimiento Ciudadano, el partido de Dante Delgado, est\u00e1 enfrentando una crisis que lo pone en serias dificultades de no participar en la contienda presidencial en el 2024, ya que inscribi\u00f3 a Samuel Garc\u00eda como su \u00fanico precandidato y \u00e9ste abandon\u00f3 la precampa\u00f1a: se regres\u00f3 a Nuevo Le\u00f3n.<\/p>\n\n\n\n<p class=\"wp-block-paragraph\">MC decidi\u00f3 ir solo, ha vendido que no van con el PRI y que juegan un papel de equilibrio entre las alianzas m\u00e1s preponderantes. Hablan incluso, de una pureza pol\u00edtica que no resiste un an\u00e1lisis serio.<\/p>\n\n\n\n<p class=\"wp-block-paragraph\">Pero para ser honestos, no es diferente al papel que juegan el PT y el PVEM que siempre buscan la sombra del \u00e1rbol m\u00e1s robusto, seg\u00fan la estaci\u00f3n del clima pol\u00edtico coyuntural, para seguir devengando sus intereses particulares. MC no se ha sumado a Morena, pero pretende jugar como el tercero en discordia, cuando en realidad su perorata est\u00e1 dirigida contra X\u00f3chitl G\u00e1lvez.<\/p>\n\n\n\n<p class=\"wp-block-paragraph\">En la pol\u00edtica partidista nada est\u00e1 escrito en piedra. Los partidos pol\u00edticos determinan sus alianzas a partir de lo que se analiza es mejor para avanzar en la democracia, que la gente viva mejor. Pero en la historia constan alianzas oportunistas de facto que se mueven en funci\u00f3n de lo que les es m\u00e1s conveniente a sus dirigentes, no a la sociedad.<\/p>\n\n\n\n<p class=\"wp-block-paragraph\">As\u00ed que en la disputa hacia el 2024 s\u00f3lo hay de dos sopas: la continuidad del deterioro hacia el autoritarismo o la posibilidad de restituir las instituciones que con mucho trabajo se han construido en los \u00faltimos 40 a\u00f1os. Dos contextos diferenciados: es la continuidad con la carrera hacia el desastre o se opta por la alternativa integrada por el PAN, PRD y PRI.<\/p>\n\n\n\n<p class=\"wp-block-paragraph\">De qu\u00e9 tama\u00f1o ser\u00e1 el reto que la oposici\u00f3n integrada por el PAN y PRD hoy hacen alianza con el PRI. Y el PRI hace alianza con los partidos cuyo origen fue precisamente la cr\u00edtica contumaz contra quien fue durante 70 a\u00f1os el partido \u00fanico hegem\u00f3nico. Pero hoy todo cambi\u00f3 y la alianza de estos tres partidos tiene como objetivo detener al autoritarismo representado por Morena, este es el inter\u00e9s superior, por encima de las diferencias, una alianza contra la omnipotencia del lopezobradorismo.<\/p>\n\n\n\n<p class=\"wp-block-paragraph\">Esto lo saben los partidos que se suman a Morena, pero juegan para s\u00ed mismos. Pero tambi\u00e9n lo sabe Dante, MC y Samuel Garc\u00eda. Y ah\u00ed iba, atacando a la oposici\u00f3n, hasta que el Congreso del Estado de Nuevo Le\u00f3n le endilg\u00f3 lo que sembr\u00f3 y cosech\u00f3, as\u00ed que eligi\u00f3 a un interino sin ninguna relaci\u00f3n con Garc\u00eda. Por cierto, ning\u00fan precepto legal se\u00f1ala que el interino deba ser de su mismo partido o nombrado por \u00e9l.<\/p>\n\n\n\n<p class=\"wp-block-paragraph\">Pero de qu\u00e9 tama\u00f1o fue el desequilibrio de Samuel Garc\u00eda que el interino no fuese su propuesta, que le oblig\u00f3 mejor dejar su precampa\u00f1a a la Presidencia, y regresar a \u201creasumir\u201d las funciones que apenas unos d\u00edas atr\u00e1s, no le merec\u00edan ninguna importancia.<\/p>\n\n\n\n<p class=\"wp-block-paragraph\">Dos sopas, dos contextos: MC bien pod\u00eda cumplir como instituci\u00f3n de inter\u00e9s p\u00fablico y contribuir a rescatar el pa\u00eds apoyando a X\u00f3chitl G\u00e1lvez. O como observamos, prepotente, se prest\u00f3 a jugar un suspicaz papel de esquirol pol\u00edtico.<\/p>\n\n\n\n<p class=\"wp-block-paragraph\">Ser\u00eda bueno que la Auditor\u00eda Superior del Congreso del Estado de Nuevo Le\u00f3n revisar\u00e1 la cuenta p\u00fablica del ejercicio de Samuel, porque todo parece indicar que hay un mal manejo que oculta. Ese es el verdadero temblor que llev\u00f3 a Samuel a dejar con un palmo de nariz a Dante. Su preocupaci\u00f3n no es la vieja pol\u00edtica, su desasosiego quiz\u00e1 tenga que ver con ocultarle a la poblaci\u00f3n malos manejos y la posible corrupci\u00f3n de su gobierno. Al tiempo.<\/p>\n\n\n\n<p class=\"wp-block-paragraph\">*Defensora de derechos humanos<\/p>\n","protected":false},"excerpt":{"rendered":"<p>Movimiento Ciudadano, el partido de Dante Delgado, est\u00e1 enfrentando una crisis que lo pone en serias dificultades de no participar en la contienda presidencial en el 2024, ya que inscribi\u00f3 a Samuel Garc\u00eda como su \u00fanico precandidato y \u00e9ste abandon\u00f3 la precampa\u00f1a: se regres\u00f3 a Nuevo Le\u00f3n.<\/p>\n","protected":false},"author":3,"featured_media":70898,"comment_status":"open","ping_status":"open","sticky":false,"template":"","format":"standard","meta":{"_monsterinsights_skip_tracking":false,"footnotes":""},"categories":[725,35],"tags":[149,459],"class_list":["post-74878","post","type-post","status-publish","format-standard","has-post-thumbnail","category-angelica-de-la-pena","category-opinion","tag-mujeres","tag-opinion"],"_links":{"self":[{"href":"https:\/\/redsemlac.com\/semmexico\/wp-json\/wp\/v2\/posts\/74878","targetHints":{"allow":["GET"]}}],"collection":[{"href":"https:\/\/redsemlac.com\/semmexico\/wp-json\/wp\/v2\/posts"}],"about":[{"href":"https:\/\/redsemlac.com\/semmexico\/wp-json\/wp\/v2\/types\/post"}],"author":[{"embeddable":true,"href":"https:\/\/redsemlac.com\/semmexico\/wp-json\/wp\/v2\/users\/3"}],"replies":[{"embeddable":true,"href":"https:\/\/redsemlac.com\/semmexico\/wp-json\/wp\/v2\/comments?post=74878"}],"version-history":[{"count":0,"href":"https:\/\/redsemlac.com\/semmexico\/wp-json\/wp\/v2\/posts\/74878\/revisions"}],"wp:featuredmedia":[{"embeddable":true,"href":"https:\/\/redsemlac.com\/semmexico\/wp-json\/wp\/v2\/media\/70898"}],"wp:attachment":[{"href":"https:\/\/redsemlac.com\/semmexico\/wp-json\/wp\/v2\/media?parent=74878"}],"wp:term":[{"taxonomy":"category","embeddable":true,"href":"https:\/\/redsemlac.com\/semmexico\/wp-json\/wp\/v2\/categories?post=74878"},{"taxonomy":"post_tag","embeddable":true,"href":"https:\/\/redsemlac.com\/semmexico\/wp-json\/wp\/v2\/tags?post=74878"}],"curies":[{"name":"wp","href":"https:\/\/api.w.org\/{rel}","templated":true}]}}