{"id":74847,"date":"2023-12-03T10:33:22","date_gmt":"2023-12-03T16:33:22","guid":{"rendered":"https:\/\/redsemlac.com\/semmexico\/?p=74847"},"modified":"2023-12-03T11:35:21","modified_gmt":"2023-12-03T17:35:21","slug":"las-hermanas-garcia-compartiran-el-sabor-de-los-boleros-costenos-y-las-chilenas-en-el-concierto-somos-migrantes","status":"publish","type":"post","link":"https:\/\/redsemlac.com\/semmexico\/las-hermanas-garcia-compartiran-el-sabor-de-los-boleros-costenos-y-las-chilenas-en-el-concierto-somos-migrantes\/","title":{"rendered":"Las Hermanas Garc\u00eda compartir\u00e1n el sabor de los boleros coste\u00f1os y las chilenas en el concierto\u00a0Somos migrantes\u00a0"},"content":{"rendered":"\n<p class=\"wp-block-paragraph\">El dueto lo integran Celia y Laura Garc\u00eda, de la Costa Chica de Guerrero; 1 de diciembre en la Sala&nbsp;<em>Manuel M. Ponce<\/em>&nbsp;del Palacio de Bellas Artes&nbsp;<\/p>\n\n\n\n<p class=\"wp-block-paragraph\">Redacci\u00f3n<\/p>\n\n\n\n<p class=\"wp-block-paragraph\">SemM\u00e9xico, Ciudad de M\u00e9xico, 3 de diciembre, 2023.- En el marco del programa&nbsp;<em>M\u00fasica Inbal en la Ponc,<\/em>&nbsp;que lleva a cabo el Instituto Nacional de Bellas Artes y Literatura (Inbal), a trav\u00e9s de la Coordinaci\u00f3n Nacional de M\u00fasica y \u00d3pera, se present\u00f3&nbsp;<em>Somos migrantes<\/em>,&nbsp;a cargo de Las Hermanas Garc\u00eda, acompa\u00f1adas por Ehekatl Arismendi (bajo sexto) y Samuel Aguilar (saxof\u00f3n), adem\u00e1s de la participaci\u00f3n de las artistas invitadas Arcelia Fragoso (piano y voz), y Gabriela Rodr\u00edguez (flauta). &nbsp;<\/p>\n\n\n\n<p class=\"wp-block-paragraph\">El concierto se llev\u00f3 &nbsp;a cabo el viernes 1 de diciembre a las 18:00 horas, en la Sala&nbsp;<em>Manuel M. Ponce<\/em>&nbsp;del Palacio de Bellas Artes e integr\u00f3 las obras&nbsp;<em>Atole con el dedo,&nbsp;<\/em>del dominio p\u00fablico;&nbsp;<em>Mucho coraz\u00f3n<\/em>, de la compositora Ema Elena Valdelamar;&nbsp;<em>La mentira,&nbsp;<\/em>realizada por \u00c1lvaro Carrillo;&nbsp;<em>La consejera<\/em>, del dominio p\u00fablico; seguida del estreno&nbsp;<em>Ya estoy<\/em>&nbsp;<em>bien<\/em>, creada por Celia Garc\u00eda;&nbsp;<em>J\u00farame<\/em>, de Mar\u00eda Grever; y&nbsp;<em>Desesperanza,&nbsp;<\/em>de la compositoraMar\u00eda Luisa Escobar<em>.&nbsp; &nbsp;<\/em><\/p>\n\n\n\n<p class=\"wp-block-paragraph\">Para continuar con las piezas<em>&nbsp;Tristeza,&nbsp;<\/em>creada por Celia Garc\u00eda;&nbsp;<em>Aprov\u00e9chate ahora<\/em>, de Marcos Mart\u00ednez;&nbsp;<em>La malague\u00f1a,&nbsp;<\/em>del dominio p\u00fablico;&nbsp;<em>Que sepan todos,<\/em>&nbsp;creada por&nbsp; Indalecio Ram\u00edrez;&nbsp;<em>Sabor a m\u00ed,&nbsp;<\/em>de\u00c1lvaro Carrillo<em>; La chincualuda<\/em>,&nbsp;de Roberto Bracamontes;&nbsp;<em>20 a\u00f1os,&nbsp;<\/em>creada porMar\u00eda Teresa Vera;&nbsp;&nbsp;<em>Luz de Luna, Como un lunar&nbsp;<\/em>&nbsp;y&nbsp;<em>Seguir\u00e9 mi viaje,<\/em>&nbsp;de \u00c1lvaro Carrillo;&nbsp;<em>Quiz\u00e1s, quiz\u00e1s,&nbsp;<\/em>de Osvaldo Farr\u00e9s;&nbsp;<em>L\u00e1grimas negras<\/em>, del compositor Miguel Matamoros;&nbsp;<em>Canci\u00f3n mixteca<\/em>,de&nbsp;Jos\u00e9 L\u00f3pez Alav\u00e9s; y&nbsp;<em>Por los caminos del sur,&nbsp;<\/em>obra deAgust\u00edn Ram\u00edrez. &nbsp;<\/p>\n\n\n\n<p class=\"wp-block-paragraph\">Las Hermanas Garc\u00eda son un dueto integrado por Celia Garc\u00eda (primera voz y guitarra); y Laura Garc\u00eda (segunda voz, requinto y guitarra), de la Costa Chica de Guerrero. Han alcanzado un \u00e9xito importante por sus interpretaciones de boleros y chilenas, y se han presentado en el Palacio de Bellas Artes y en conciertos masivos en Londres, as\u00ed como en Spotify y YouTube.&nbsp;&nbsp; &nbsp;<\/p>\n\n\n\n<p class=\"wp-block-paragraph\">Su m\u00fasica y composici\u00f3n responde al estilo de su propia regi\u00f3n, al mismo tiempo que dan nueva vida a los boleros cl\u00e1sicos que pusieron en alto el nombre de M\u00e9xico durante los a\u00f1os cuarenta, cincuenta y sesenta. Su influencia en la m\u00fasica tradicional parte de su padre, Mariano Garc\u00eda, int\u00e9rprete de requinto y el mejor arreglista de la Costa Chica, y de su madre, Eugenia Santiago, proveniente de una familia afromexicana de cantantes no profesionales y autores de varias chilenas.&nbsp; &nbsp;<\/p>\n\n\n\n<p class=\"wp-block-paragraph\">\u201cCelia y Laura, Las Hermanas Garc\u00eda, llegaron a vivir a la Ciudad de M\u00e9xico hace poco tiempo y este reto personal y profesional de alejarse de su casa familiar les ha provocado una cercan\u00eda m\u00e1s intensa con los boleros coste\u00f1os y chilenas de su infancia. Aprendieron este repertorio desde peque\u00f1as en Ometepec, en la Costa Chica de Guerrero, y empezaron a interpretarlo en p\u00fablico desde los nueve a\u00f1os. Ya establecidas en la capital, conocieron a m\u00fasicos coste\u00f1os radicados aqu\u00ed y a m\u00fasicos mujeres de otras costas: de Cuba, Venezuela y Veracruz\u201d. &nbsp;<\/p>\n\n\n\n<p class=\"wp-block-paragraph\">As\u00ed lo coment\u00f3 la directora art\u00edstica del sello Discos Corason, Mary Farquharson, al hablar de la propuesta de las int\u00e9rpretes. \u201cSomos migrantes<em>,&nbsp;<\/em>dice Celia, y esta situaci\u00f3n las motiv\u00f3 a invitar a m\u00fasicos de diferentes costas para que compartieran la intensidad de su historia musical con el p\u00fablico que Las Hermanas Garc\u00eda han forjado desde que grabaron su primer CD,&nbsp;<em>Que sepan todos<\/em>&nbsp;(Discos Corason) en 2016\u201d.&nbsp;<\/p>\n\n\n\n<p class=\"wp-block-paragraph\">Las Hermanas Garc\u00eda abrieron este concierto acompa\u00f1adas por Ehekatl Arizmendi, de Ejido Nuevo, en las afueras de Acapulco, y con el oaxaque\u00f1o Samuel Aguilar, explica la promotora. \u201cLaura Garc\u00eda toca con maestr\u00eda el requinto y la guitarra. Ella hered\u00f3 la sabidur\u00eda musical de su padre, el m\u00fasico amuzgo Mariano Garc\u00eda L\u00f3pez, mientras que su hermana menor, la carism\u00e1tica voz primera y guitarrista Celia Garc\u00eda es, igual que su madre Eugenia Santiago Chac\u00f3n, compositora de letras de boleros y chilenas, mismos que su hermana Laura arregla musicalmente\u201d. &nbsp;&nbsp;<\/p>\n","protected":false},"excerpt":{"rendered":"<p>El dueto lo integran Celia y Laura Garc\u00eda, de la Costa Chica de Guerrero; 1 de diciembre en la Sala\u00a0Manuel M. Ponce\u00a0del Palacio de Bellas Artes\u00a0<\/p>\n","protected":false},"author":3,"featured_media":74848,"comment_status":"open","ping_status":"open","sticky":false,"template":"","format":"standard","meta":{"_monsterinsights_skip_tracking":false,"footnotes":""},"categories":[748],"tags":[],"class_list":["post-74847","post","type-post","status-publish","format-standard","has-post-thumbnail","category-cultura-feminista"],"_links":{"self":[{"href":"https:\/\/redsemlac.com\/semmexico\/wp-json\/wp\/v2\/posts\/74847","targetHints":{"allow":["GET"]}}],"collection":[{"href":"https:\/\/redsemlac.com\/semmexico\/wp-json\/wp\/v2\/posts"}],"about":[{"href":"https:\/\/redsemlac.com\/semmexico\/wp-json\/wp\/v2\/types\/post"}],"author":[{"embeddable":true,"href":"https:\/\/redsemlac.com\/semmexico\/wp-json\/wp\/v2\/users\/3"}],"replies":[{"embeddable":true,"href":"https:\/\/redsemlac.com\/semmexico\/wp-json\/wp\/v2\/comments?post=74847"}],"version-history":[{"count":0,"href":"https:\/\/redsemlac.com\/semmexico\/wp-json\/wp\/v2\/posts\/74847\/revisions"}],"wp:featuredmedia":[{"embeddable":true,"href":"https:\/\/redsemlac.com\/semmexico\/wp-json\/wp\/v2\/media\/74848"}],"wp:attachment":[{"href":"https:\/\/redsemlac.com\/semmexico\/wp-json\/wp\/v2\/media?parent=74847"}],"wp:term":[{"taxonomy":"category","embeddable":true,"href":"https:\/\/redsemlac.com\/semmexico\/wp-json\/wp\/v2\/categories?post=74847"},{"taxonomy":"post_tag","embeddable":true,"href":"https:\/\/redsemlac.com\/semmexico\/wp-json\/wp\/v2\/tags?post=74847"}],"curies":[{"name":"wp","href":"https:\/\/api.w.org\/{rel}","templated":true}]}}