{"id":74836,"date":"2023-12-02T14:21:24","date_gmt":"2023-12-02T20:21:24","guid":{"rendered":"https:\/\/redsemlac.com\/semmexico\/?p=74836"},"modified":"2023-12-07T13:28:08","modified_gmt":"2023-12-07T19:28:08","slug":"dia-8-casi-una-cuarta-parte-de-jovenes-cree-que-la-violencia-de-genero-no-existe-es-un-invento","status":"publish","type":"post","link":"https:\/\/redsemlac.com\/semmexico\/dia-8-casi-una-cuarta-parte-de-jovenes-cree-que-la-violencia-de-genero-no-existe-es-un-invento\/","title":{"rendered":"D\u00eda 8| Casi una cuarta parte de j\u00f3venes cree que la violencia de g\u00e9nero no existe, es un invento"},"content":{"rendered":"\n<p class=\"wp-block-paragraph\">S\u00f3lo el 13,2 de j\u00f3venes mujeres si reconocen la violencia de g\u00e9nero<\/p>\n\n\n\n<p class=\"wp-block-paragraph\">Nueve de cada 10 j\u00f3venes reconocen situaci\u00f3n de violencia de g\u00e9nero.<\/p>\n\n\n\n<p class=\"wp-block-paragraph\">Staff<\/p>\n\n\n\n<p class=\"wp-block-paragraph\">SemM\u00e9xico, Madrid, Espa\u00f1a, 2 de diciembre, 2023.- Un 23,1 por ciento de j\u00f3venes espa\u00f1oles de entre 15 y 29 a\u00f1os est\u00e1 de acuerdo con que \u201cla violencia de g\u00e9nero no existe, es un invento ideol\u00f3gico\u201d, mientras que en 2019 esta afirmaci\u00f3n era secundada s\u00f3lo por un 12 por ciento.<\/p>\n\n\n\n<p class=\"wp-block-paragraph\">&nbsp;En el caso de las j\u00f3venes mujeres, lo 13,2 por ciento de ellas coinciden con ese criterio, mientras que en el 2019 eran el 5,7 por ciento.<\/p>\n\n\n\n<p class=\"wp-block-paragraph\">&nbsp;Los porcentajes de j\u00f3venes que se alinean con otras posturas derrotistas, negacionistas, minimizadoras o que banalizan la violencia de g\u00e9nero tambi\u00e9n se han incrementado considerablemente en los \u00faltimos a\u00f1os.<\/p>\n\n\n\n<p class=\"wp-block-paragraph\">Sentencias como que la violencia de g\u00e9nero \u201caunque est\u00e1 mal, siempre ha existido, es inevitable\u201d, \u201ces algo habitual en el seno de una pareja\u201d o \u201csi es de poca intensidad, no es un problema\u201d tambi\u00e9n reciben mayores apoyos que en a\u00f1os anteriores, llegando a duplicarse e incluso a triplicarse el n\u00famero de personas j\u00f3venes que las sostienen.<\/p>\n\n\n\n<p class=\"wp-block-paragraph\">Estas posiciones aumentan tanto entre mujeres, como entre hombres. Y aunque siguen siendo superiores entre los hombres, han aumentado m\u00e1s entre las mujeres.<\/p>\n\n\n\n<p class=\"wp-block-paragraph\">Estos son algunos de los datos recogidos en el avance de resultados sobre percepciones y vivencias de la violencia de g\u00e9nero del Bar\u00f3metro Juventud y G\u00e9nero 2023, realizado por el Centro Reina Sof\u00eda de Fad Juventud y financiado por la Delegaci\u00f3n de Gobierno para la Violencia de G\u00e9nero del Ministerio de Igualdad.<\/p>\n\n\n\n<p class=\"wp-block-paragraph\">Se han obtenido a partir de un cuestionario en l\u00ednea realizado a una muestra de 1.500 j\u00f3venes de entre 15 y 29 a\u00f1os, entre mayo y junio de 2023.<\/p>\n\n\n\n<p class=\"wp-block-paragraph\">Seg\u00fan Beatriz Mart\u00edn Padura, directora general de Fad Juventud: \u201cEstas tendencias responden a un fen\u00f3meno extremadamente complejo y con m\u00faltiples aristas; no podemos caer en simplificaciones a la hora de explicarlas: tenemos que considerar los datos, entenderlos en contexto y saber que responden a una realidad en la que violencia de g\u00e9nero existe y se reconoce, aunque no disminuye y queda mucho por hacer para erradicarla\u201d.<\/p>\n\n\n\n<p class=\"wp-block-paragraph\">Estos j\u00f3venes son capaces de reconocer la violencia de g\u00e9nero en su entorno, seg\u00fan se desprende del 87 por ciento que dice haber visto u o\u00eddo alguna situaci\u00f3n de violencia de control, f\u00edsica, psicol\u00f3gica o sexual.<\/p>\n\n\n\n<p class=\"wp-block-paragraph\">Solo un 13 por ciento de j\u00f3venes no reconoce alguno de estos tipos de violencia en su c\u00edrculo cercano, porcentaje que se reduce al ocho por ciento en el caso de las mujeres (frente al 19 por ciento de los hombres).<\/p>\n\n\n\n<p class=\"wp-block-paragraph\">La violencia de control engloba los principales tipos de violencia reconocida de chicos sobre chicas. \u201cRevisar el m\u00f3vil\u201d de la chica sigue siendo el acto m\u00e1s evidenciado: as\u00ed lo identifica el 45 por ciento de j\u00f3venes (54 por ciento entre las mujeres y el 35 por ciento de los hombres).<\/p>\n\n\n\n<p class=\"wp-block-paragraph\">Los ataques verbales y la minusvaloraci\u00f3n (violencia psicol\u00f3gica) tambi\u00e9n son reconocidos con frecuencia. \u201cInsultar y humillar\u201d, \u201chacer sentir miedo\u201d o \u201cdecir que no vale nada\u201d son acciones presenciadas o conocidas por un 32,6 por ciento, un 29,2 por ciento y un 28,7 por ciento, respectivamente.<\/p>\n\n\n\n<p class=\"wp-block-paragraph\">&nbsp;Siempre siendo m\u00e1s sensibles las chicas a este tipo de situaciones que ellos.<\/p>\n\n\n\n<p class=\"wp-block-paragraph\">&nbsp;Los ejemplos de violencia sexual, como la insistencia para mantener relaciones sexuales cuando la otra persona no quiere, reconocidas por el 27 por ciento de j\u00f3venes (37 por ciento de las mujeres, 17 por ciento de los hombres) o los casos en los que se difunden sin permiso mensajes, insultos o im\u00e1genes, reconocidas por el 22 por ciento (27 por ciento de mujeres, 17 por ciento de hombres) completan la bater\u00eda de tipos de acciones que perciben las chicas y los chicos como violencia cotidiana en su c\u00edrculo cercano.<\/p>\n\n\n\n<p class=\"wp-block-paragraph\">&nbsp;Urge invertir en prevenci\u00f3n de violencia de g\u00e9nero<\/p>\n\n\n\n<p class=\"wp-block-paragraph\">La violencia contra las mujeres y las ni\u00f1as sigue siendo una de las violaciones de los derechos humanos m\u00e1s extendidas y generalizadas del mundo.<\/p>\n\n\n\n<p class=\"wp-block-paragraph\">Se calcula que, a nivel global, 736 millones de mujeres -casi una de cada tres- han sido v\u00edctimas de violencia f\u00edsica y\/o sexual al menos una vez en su vida.<\/p>\n\n\n\n<p class=\"wp-block-paragraph\">Se trata de una lacra que se ha intensificado en diferentes entornos, incluidos el lugar de trabajo y los espacios en l\u00ednea, y se ha visto agravada por los efectos pos pandemia, los conflictos, la guerra y el cambio clim\u00e1tico.<\/p>\n\n\n\n<p class=\"wp-block-paragraph\">La soluci\u00f3n radica en gran parte en respuestas s\u00f3lidas que inviertan en la prevenci\u00f3n. Sin embargo, resulta alarmante la escasa cantidad de recursos econ\u00f3micos que los pa\u00edses est\u00e1n destinando.<\/p>\n\n\n\n<p class=\"wp-block-paragraph\">Tan solo un 5 por ciento de la ayuda gubernamental mundial va destinada a la violencia de g\u00e9nero y se invierte menos del 0,2 por ciento en su prevenci\u00f3n. Se precisan m\u00e1s recursos econ\u00f3micos en las organizaciones de mujeres, mejoras en la legislaci\u00f3n y la aplicaci\u00f3n de la justicia, servicios para los supervivientes y capacitaci\u00f3n para agentes del orden p\u00fablico.<\/p>\n\n\n\n<p class=\"wp-block-paragraph\">Como cada a\u00f1o, el D\u00eda Internacional para Eliminar la Violencia contra la Mujer marca el comienzo de la Campa\u00f1a \u00danete de la ONU, 16 d\u00edas de activismo cuyo fin coincide con el D\u00eda Internacional de los Derechos Humanos. Este a\u00f1o, la campa\u00f1a 2023 \u201c\u00a1\u00daNETE! Invierte para prevenir la violencia contra las mujeres y las ni\u00f1as\u201d tiene el objetivo de movilizar a todos los miembros de la sociedad para que se conviertan en activistas, se solidaricen con las defensoras de los derechos de las mujeres y apoyen a los movimientos feministas del planeta para evitar el retroceso de los derechos de las mujeres y conseguir un mundo libre de violencia de g\u00e9nero.<\/p>\n","protected":false},"excerpt":{"rendered":"<p>Un 23,1 por ciento de j\u00f3venes espa\u00f1oles de entre 15 y 29 a\u00f1os est\u00e1 de acuerdo con que \u201cla violencia de g\u00e9nero no existe, es un invento ideol\u00f3gico\u201d, mientras que en 2019 esta afirmaci\u00f3n era secundada s\u00f3lo por un 12 por ciento.<\/p>\n","protected":false},"author":3,"featured_media":74837,"comment_status":"open","ping_status":"open","sticky":false,"template":"","format":"standard","meta":{"_monsterinsights_skip_tracking":false,"footnotes":""},"categories":[626,28,27,53],"tags":[],"class_list":["post-74836","post","type-post","status-publish","format-standard","has-post-thumbnail","category-16-dias","category-16-dias-de-activismo","category-cobertura-especial","category-internacional"],"_links":{"self":[{"href":"https:\/\/redsemlac.com\/semmexico\/wp-json\/wp\/v2\/posts\/74836","targetHints":{"allow":["GET"]}}],"collection":[{"href":"https:\/\/redsemlac.com\/semmexico\/wp-json\/wp\/v2\/posts"}],"about":[{"href":"https:\/\/redsemlac.com\/semmexico\/wp-json\/wp\/v2\/types\/post"}],"author":[{"embeddable":true,"href":"https:\/\/redsemlac.com\/semmexico\/wp-json\/wp\/v2\/users\/3"}],"replies":[{"embeddable":true,"href":"https:\/\/redsemlac.com\/semmexico\/wp-json\/wp\/v2\/comments?post=74836"}],"version-history":[{"count":0,"href":"https:\/\/redsemlac.com\/semmexico\/wp-json\/wp\/v2\/posts\/74836\/revisions"}],"wp:featuredmedia":[{"embeddable":true,"href":"https:\/\/redsemlac.com\/semmexico\/wp-json\/wp\/v2\/media\/74837"}],"wp:attachment":[{"href":"https:\/\/redsemlac.com\/semmexico\/wp-json\/wp\/v2\/media?parent=74836"}],"wp:term":[{"taxonomy":"category","embeddable":true,"href":"https:\/\/redsemlac.com\/semmexico\/wp-json\/wp\/v2\/categories?post=74836"},{"taxonomy":"post_tag","embeddable":true,"href":"https:\/\/redsemlac.com\/semmexico\/wp-json\/wp\/v2\/tags?post=74836"}],"curies":[{"name":"wp","href":"https:\/\/api.w.org\/{rel}","templated":true}]}}