{"id":74796,"date":"2023-11-30T18:51:10","date_gmt":"2023-12-01T00:51:10","guid":{"rendered":"https:\/\/redsemlac.com\/semmexico\/?p=74796"},"modified":"2023-11-30T18:51:11","modified_gmt":"2023-12-01T00:51:11","slug":"en-chilpancingo-marchan-periodistas-en-protesta-por-ataque-a-4","status":"publish","type":"post","link":"https:\/\/redsemlac.com\/semmexico\/en-chilpancingo-marchan-periodistas-en-protesta-por-ataque-a-4\/","title":{"rendered":"En Chilpancingo, marchan periodistas en protesta por ataque a 4\u00a0"},"content":{"rendered":"\n<p class=\"wp-block-paragraph\"><a href=\"https:\/\/ceprovysa.com\/?p=70250\"><\/a>Abel Miranda Ayala (Texto y foto)<\/p>\n\n\n\n<p class=\"wp-block-paragraph\">SemM\u00e9xico, Chilpancingo, Guerrero.,&nbsp; 30 de noviembre, 2023.- Periodistas de diversos medios de comunicaci\u00f3n en compa\u00f1\u00eda de integrantes &nbsp;de organizaciones sociales, campesinas y gremiales se manifiestan por calles de Chilpancingo para exigir que cesen ataques a periodistas luego de que cuatro reporteros fueron agredidos a balazos.<\/p>\n\n\n\n<p class=\"wp-block-paragraph\">El contingente de periodistas inici\u00f3 la marcha en las instalaciones de la delegaci\u00f3n 17 del Sindicato Nacional de Redactores de la Prensa, despu\u00e9s marcharon hacia el Z\u00f3calo de la capital, donde realizaron un peque\u00f1o mitin frente al palacio municipal para exigir a la alcaldesa Norma Otilia Hern\u00e1ndez Mart\u00ednez que cese el hostigamiento contra medios de comunicaci\u00f3n a los que ha demandado por supuesta violencia pol\u00edtica en raz\u00f3n de g\u00e9nero y que cambie su discurso de odio y desprecio para la labor informativa.<\/p>\n\n\n\n<p class=\"wp-block-paragraph\">La marcha avanz\u00f3 por la avenida Alem\u00e1n y&nbsp; lleg\u00f3 hasta la Fiscal\u00eda General de la Rep\u00fablica y el Palacio de Gobierno.<\/p>\n\n\n\n<p class=\"wp-block-paragraph\">El pasado martes, cuatro trabajadores de los medios de comunicaci\u00f3n fueron agredidos a balazos en una colonia del poniente de Chilpancingo, a donde hab\u00edan acudido a cubrir informaci\u00f3n del asesinato de un transportista.<\/p>\n\n\n\n<p class=\"wp-block-paragraph\">Los agredidos son V\u00edctor Mateo del reportero del peri\u00f3dico Diario de Guerrero, \u00d3scar Guerrero fotorreportero del portal Amapola Periodismo, Jes\u00fas de la Cruz reportero del portal Reportes Guerrero y H\u00e9ctor Camacho del Semanario Interacci\u00f3n.<\/p>\n\n\n\n<p class=\"wp-block-paragraph\">La agresi\u00f3n a los cuatro reporteros constituye un hecho in\u00e9dito en el tema de atentados contra periodistas porque no hay registro en que en alg\u00fan lugar se haya atentado contra cuatro periodistas al mismo tiempo.<\/p>\n\n\n\n<p class=\"wp-block-paragraph\">En el contingente participaron maestros de la Coordinadora Estatal de Trabajadores de la Educaci\u00f3n, as\u00ed como del Sindicato de Bomberos, miembros Centro de Derechos Humanos Minerva Bello, una representaci\u00f3n del colegio de bachilleres y otras organizaciones que salieron a manifestar solidaridad con la lucha que demanda respeto a la libertad de expresi\u00f3n.<\/p>\n","protected":false},"excerpt":{"rendered":"<p>Periodistas de diversos medios de comunicaci\u00f3n en compa\u00f1\u00eda de integrantes \u00a0de organizaciones sociales, campesinas y gremiales se manifiestan por calles de Chilpancingo para exigir que cesen ataques a periodistas luego de que cuatro reporteros fueron agredidos a balazos.<\/p>\n","protected":false},"author":3,"featured_media":74797,"comment_status":"open","ping_status":"open","sticky":false,"template":"","format":"standard","meta":{"_monsterinsights_skip_tracking":false,"footnotes":""},"categories":[55],"tags":[],"class_list":["post-74796","post","type-post","status-publish","format-standard","has-post-thumbnail","category-periodistas"],"_links":{"self":[{"href":"https:\/\/redsemlac.com\/semmexico\/wp-json\/wp\/v2\/posts\/74796","targetHints":{"allow":["GET"]}}],"collection":[{"href":"https:\/\/redsemlac.com\/semmexico\/wp-json\/wp\/v2\/posts"}],"about":[{"href":"https:\/\/redsemlac.com\/semmexico\/wp-json\/wp\/v2\/types\/post"}],"author":[{"embeddable":true,"href":"https:\/\/redsemlac.com\/semmexico\/wp-json\/wp\/v2\/users\/3"}],"replies":[{"embeddable":true,"href":"https:\/\/redsemlac.com\/semmexico\/wp-json\/wp\/v2\/comments?post=74796"}],"version-history":[{"count":0,"href":"https:\/\/redsemlac.com\/semmexico\/wp-json\/wp\/v2\/posts\/74796\/revisions"}],"wp:featuredmedia":[{"embeddable":true,"href":"https:\/\/redsemlac.com\/semmexico\/wp-json\/wp\/v2\/media\/74797"}],"wp:attachment":[{"href":"https:\/\/redsemlac.com\/semmexico\/wp-json\/wp\/v2\/media?parent=74796"}],"wp:term":[{"taxonomy":"category","embeddable":true,"href":"https:\/\/redsemlac.com\/semmexico\/wp-json\/wp\/v2\/categories?post=74796"},{"taxonomy":"post_tag","embeddable":true,"href":"https:\/\/redsemlac.com\/semmexico\/wp-json\/wp\/v2\/tags?post=74796"}],"curies":[{"name":"wp","href":"https:\/\/api.w.org\/{rel}","templated":true}]}}