{"id":74722,"date":"2023-11-29T07:55:00","date_gmt":"2023-11-29T13:55:00","guid":{"rendered":"https:\/\/redsemlac.com\/semmexico\/?p=74722"},"modified":"2023-11-28T17:44:51","modified_gmt":"2023-11-28T23:44:51","slug":"25-de-noviembre-dia-internacional-de-la-eliminacion-de-la-violencia-contra-la-mujer","status":"publish","type":"post","link":"https:\/\/redsemlac.com\/semmexico\/25-de-noviembre-dia-internacional-de-la-eliminacion-de-la-violencia-contra-la-mujer\/","title":{"rendered":"25 de noviembre:\u00a0D\u00eda Internacional de la Eliminaci\u00f3n de la Violencia contra la Mujer"},"content":{"rendered":"\n<p class=\"wp-block-paragraph\"><strong>Raquel Schlosser*<u><\/u><\/strong><\/p>\n\n\n\n<p class=\"wp-block-paragraph\">SemM\u00e9xico, Ciudad de M\u00e9xico, 29 de noviembre, 2023.- La Declaraci\u00f3n sobre la eliminaci\u00f3n de la violencia contra la mujer&nbsp;emitida por la Asamblea General de la ONU en 1993, dice a la letra que \u201cviolencia contra la mujer es todo acto de violencia que tenga o pueda tener como resultado un da\u00f1o o sufrimiento f\u00edsico, sexual o sicol\u00f3gico para la mujer, as\u00ed como las amenazas de tales actos, la coacci\u00f3n o la privaci\u00f3n arbitraria de la libertad, tanto si se producen en la vida p\u00fablica como en la vida privada.\u201d<\/p>\n\n\n\n<p class=\"wp-block-paragraph\">El rojo de la sangre de mujeres, ni\u00f1as y beb\u00e9s ba\u00f1\u00f3 el 7 de octubre al Estado de Israel cuando los terroristas de Ham\u00e1s irrumpieron en sus hogares mientras dorm\u00edan.&nbsp;Las violaron, mataron a las hijas e hijos frente a sus madres, asesinaron a madres frente a sus hijas, mutilaron sus cuerpos, sus senos, sus genitales. Las mancillaron frente a sus peque\u00f1os y los dejaron como testigos vivientes para secuestrarlos. Quemaron vivas\/os beb\u00e9s mientras sus familiares eran espectadores del crimen despiadado; aprehendieron como prisioneras a ni\u00f1as que a\u00fan no sab\u00edan hablar y a lactantes, de quienes hasta hoy se desconoce su paradero o en qu\u00e9 condiciones se encuentran.<\/p>\n\n\n\n<p class=\"wp-block-paragraph\">Lo parad\u00f3jico es que el 4 de octubre, tres d\u00edas antes del d\u00eda m\u00e1s negro en la historia del Estado de Israel desde el Holocausto. El mismo d\u00eda 7 hab\u00eda&nbsp;<strong>un concierto por la paz<\/strong>&nbsp;con miles de j\u00f3venes asistentes que cantaban y bailaban. Los terroristas de Ham\u00e1s irrumpieron en la frontera sur de Israel, en veinte comunidades, con un componente brutal de violencia sexual. Las im\u00e1genes fueron directas sin edici\u00f3n. Todos los medios de comunicaci\u00f3n y las redes sociales las transmitieron.<\/p>\n\n\n\n<p class=\"wp-block-paragraph\">Atacaron a las j\u00f3venes del festival, las violaron tumultuariamente frente a sus parejas, otras fueron incautadas y llevadas a Gaza como rehenes. A su paso vieron cuerpos tirados y vejados de las compa\u00f1eras. Hubo quienes se ocultaron entre las y los muertos y escucharon los gritos de j\u00f3venes que eran ultrajadas. Algunas fueron&nbsp;aventadas en camionetas y exhibidas desnudas en la plaza de Gaza&nbsp;ante un p\u00fablico que vitoreaba esta barbarie mientras escup\u00edan al cuerpo muerto que pateaban. Fuero ultrajadas por una multitud que recibi\u00f3 a los asesinos y violadores como h\u00e9roes con trofeos.<\/p>\n\n\n\n<p class=\"wp-block-paragraph\">Las im\u00e1genes se divulgaron a trav\u00e9s de los mismos profanadores y fratricidas, que estaban armados con tecnolog\u00eda de punta con el fin de difundirlas en vivo en las redes sociales: familias quemadas vivas, beb\u00e9s decapitados, cuerpos amputados y desfigurados, seres irreconocibles atravesados por las balas; mujeres violadas, arrastradas, asesinadas, descuartizadas.<\/p>\n\n\n\n<h2 class=\"wp-block-heading\"><strong>Mujeres de todas las edades<\/strong><\/h2>\n\n\n\n<p class=\"wp-block-paragraph\">Los terroristas de Ham\u00e1s proyectaron con premeditaci\u00f3n iniciar una guerra con el Estado de Israel usando a las mujeres israel\u00edes, las j\u00f3venes, las ni\u00f1as y beb\u00e9s como bot\u00edn. Son las grandes perdedoras y est\u00e1n invisibilizadas<strong>.<\/strong><\/p>\n\n\n\n<p class=\"wp-block-paragraph\">El testimonio de un terrorista que le llam\u00f3 por celular a su familia qued\u00f3 grabado intencionalmente y fue transmitido por video estando a un lado de los cuerpos de familias de civiles israel\u00edes trepanados, para avisar que mat\u00f3 con sus manos a diez jud\u00edos. Se escuch\u00f3 en la l\u00ednea como fue honrado por su acto indigno: su madre y padre lo felicitaron por ser un asesino.&nbsp;La complicidad generacional del odio fue obscena<strong>.<\/strong><\/p>\n\n\n\n<p class=\"wp-block-paragraph\">Lastimaron a trav\u00e9s del ataque intencionado a las mujeres y a las generaciones por venir:<\/p>\n\n\n\n<p class=\"wp-block-paragraph\"><br><strong><em>\u00bfC\u00f3mo sobrevive el alma de quienes fueron testigas de este salvajismo?<\/em><\/strong><\/p>\n\n\n\n<p class=\"wp-block-paragraph\"><br><strong><em>\u00bfA cu\u00e1ntas mujeres, j\u00f3venes y ni\u00f1as les truncaron sus sue\u00f1os?<\/em><\/strong><\/p>\n\n\n\n<p class=\"wp-block-paragraph\"><br><strong><em>\u00bfEn cu\u00e1ntos pedazos se rompe el coraz\u00f3n de padres, madres y amistades que se enteraron de las violaciones a trav\u00e9s de las redes sociales de sus propias hijas?<\/em><\/strong><\/p>\n\n\n\n<p class=\"wp-block-paragraph\"><br><strong><em>\u00bfC\u00f3mo se vive con las im\u00e1genes de los cuerpos fracturados por las violaciones?<\/em><\/strong><\/p>\n\n\n\n<p class=\"wp-block-paragraph\"><br><strong><em>\u00bfY embarazos no deseados, infecciones, enfermedades veneras\u2026.<\/em><\/strong><\/p>\n\n\n\n<p class=\"wp-block-paragraph\">Los terroristas, repito, se aseguraron, con una planificaci\u00f3n calculada, el filmar en vivo las escenas y transmitirlas para hacerlas virales. Se hizo p\u00fablico con inmediatez y nadie, nadie puede negarlo.<\/p>\n\n\n\n<p class=\"wp-block-paragraph\">El silencio de las Naciones Unidas es ensordecedor<strong>.<\/strong>&nbsp;Es una afon\u00eda peligrosa. Cuando se apalabr\u00f3, fue para hablar de las consecuencias de la guerra y no del origen, una guerra que ha sido devastadoras para las mujeres palestinas. Todas las vidas cuentan y es terrible. El inicio de esta guerra Israel no busc\u00f3 y no puede perderse el primer eslab\u00f3n.<\/p>\n\n\n\n<p class=\"wp-block-paragraph\"><strong>Las mujeres israel\u00edes y sus familias fueron usadas como anzuelo para iniciar y perpetrar una guerra planeada con anticipaci\u00f3n.<\/strong><\/p>\n\n\n\n<p class=\"wp-block-paragraph\">El no pronunciarse en voz alta, muy alta, en contra de esta injusticia de violencia de g\u00e9nero , abre un cuestionamiento sobre los fundamentos morales porque dejaron fuera del mapa a las mujeres israel\u00edes a los terroristas despiadados quienes infringieron da\u00f1o y sufrimiento f\u00edsico, sexual y sicol\u00f3gico, amenazaron, con coacci\u00f3n y privaci\u00f3n arbitraria de la libertad, en lo p\u00fablico y en lo privado. Al no declararse abiertamente las instituciones internacionales,&nbsp;borran la frontera de la distinci\u00f3n entre quienes son las v\u00edctimas y quienes son los victimarios<strong>.<\/strong>&nbsp;Est\u00e1n solapando la<strong>&nbsp;violencia hacia las mujeres<\/strong>&nbsp;que con su mudez validan.<\/p>\n\n\n\n<p class=\"wp-block-paragraph\">La maldad se nutre de la inacci\u00f3n y de la indiferencia. El silencio es la confabulaci\u00f3n con los asesinos terroristas de Ham\u00e1s. Han pasado casi dos meses despu\u00e9s de la masacre&nbsp;<strong>y atentado a los derechos humanos de las mujeres<\/strong>, Aunque tarde, a\u00fan es tiempo de que las instituciones internacionales que velan por su seguridad regresen al coraz\u00f3n de su \u00e9tica, de una moral y un sentido humanitario que hace iguales a las mujeres israel\u00edes que sufren, a las dem\u00e1s mujeres del mundo por las que se lucha por sus derechos.<\/p>\n\n\n\n<p class=\"wp-block-paragraph\"><strong>Somos parte de la historia y las decisiones que tomamos hoy van a incidir en los ma\u00f1anas de muchas lunas.<\/strong><\/p>\n\n\n\n<p class=\"wp-block-paragraph\">Esperamos que se abra la conciencia que nos de esperanza para que las voces de madres, mujeres luchadoras de derechos humanos, de docentes, de profesionales de la salud mental que conocen la magnitud del impacto, organizaciones civiles que trabajan contra la violencia a las infancias y por derechos sexuales y reproductivos y otras, esperamos se sumen padres que quieren un mundo m\u00e1s seguro para sus hijas e hijos.<\/p>\n\n\n\n<p class=\"wp-block-paragraph\">Y a las instituciones internacionales y grupos feministas, que alcen m\u00e1s alto su voz condenen categ\u00f3ricamente un delito de lesa humanidad.<\/p>\n\n\n\n<p class=\"wp-block-paragraph\">*Publicado Originalmente en Enlace Jud\u00edo<\/p>\n\n\n\n<p class=\"has-small-font-size wp-block-paragraph\">Creadora de la profesi\u00f3n de Psicolog\u00eda Transgeneracional y de 6 programas acad\u00e9micos reconocidos por la Secretar\u00eda de Educaci\u00f3n P\u00fablica. Pionera de las Constelaciones Familiares en M\u00e9xico .Ha impartido cursos en pa\u00edses europeos, centro y Sudam\u00e9rica \u00c1frica y Asia .Escritora con un best-seller MI ZEIDE ES HISTORIA,62000 vendidos y el 1er libro interactivo sobre Holocausto en iTunes .Fundadora del Instituto de Estudios Transgeneracionales y fue del Instituto Bert Hellinger de M\u00e9xico hasta 2007. Involucrada en causas humanitarias, desarroll\u00f3 proyectos sociales con financiamiento internacional. Psic\u00f3loga cl\u00ednica con pr\u00e1ctica privada. Tuvo puestos directivos en instituciones gubernamentales relacionadas con salud y derechos reproductivos.<\/p>\n\n\n\n<p class=\"has-small-font-size wp-block-paragraph\"><em>Las opiniones, creencias y puntos de vista expresados por el autor o la autora en los art\u00edculos de opini\u00f3n, y los comentarios en los mismos, no reflejan necesariamente la postura o l\u00ednea editorial de Enlace Jud\u00edo. Reproducci\u00f3n autorizada con la menci\u00f3n siguiente: \u00a9 EnlaceJud\u00edo<\/em><\/p>\n","protected":false},"excerpt":{"rendered":"<p>El rojo de la sangre de mujeres, ni\u00f1as y beb\u00e9s ba\u00f1\u00f3 el 7 de octubre al Estado de Israel cuando los terroristas de Ham\u00e1s irrumpieron en sus hogares mientras dorm\u00edan.\u00a0Las violaron, mataron a las hijas e hijos frente a sus madres<\/p>\n","protected":false},"author":3,"featured_media":74723,"comment_status":"open","ping_status":"open","sticky":false,"template":"","format":"standard","meta":{"_monsterinsights_skip_tracking":false,"footnotes":""},"categories":[192],"tags":[],"class_list":["post-74722","post","type-post","status-publish","format-standard","has-post-thumbnail","category-a-fondo"],"_links":{"self":[{"href":"https:\/\/redsemlac.com\/semmexico\/wp-json\/wp\/v2\/posts\/74722","targetHints":{"allow":["GET"]}}],"collection":[{"href":"https:\/\/redsemlac.com\/semmexico\/wp-json\/wp\/v2\/posts"}],"about":[{"href":"https:\/\/redsemlac.com\/semmexico\/wp-json\/wp\/v2\/types\/post"}],"author":[{"embeddable":true,"href":"https:\/\/redsemlac.com\/semmexico\/wp-json\/wp\/v2\/users\/3"}],"replies":[{"embeddable":true,"href":"https:\/\/redsemlac.com\/semmexico\/wp-json\/wp\/v2\/comments?post=74722"}],"version-history":[{"count":0,"href":"https:\/\/redsemlac.com\/semmexico\/wp-json\/wp\/v2\/posts\/74722\/revisions"}],"wp:featuredmedia":[{"embeddable":true,"href":"https:\/\/redsemlac.com\/semmexico\/wp-json\/wp\/v2\/media\/74723"}],"wp:attachment":[{"href":"https:\/\/redsemlac.com\/semmexico\/wp-json\/wp\/v2\/media?parent=74722"}],"wp:term":[{"taxonomy":"category","embeddable":true,"href":"https:\/\/redsemlac.com\/semmexico\/wp-json\/wp\/v2\/categories?post=74722"},{"taxonomy":"post_tag","embeddable":true,"href":"https:\/\/redsemlac.com\/semmexico\/wp-json\/wp\/v2\/tags?post=74722"}],"curies":[{"name":"wp","href":"https:\/\/api.w.org\/{rel}","templated":true}]}}