{"id":74685,"date":"2023-11-28T10:09:28","date_gmt":"2023-11-28T16:09:28","guid":{"rendered":"https:\/\/redsemlac.com\/semmexico\/?p=74685"},"modified":"2023-11-28T10:09:29","modified_gmt":"2023-11-28T16:09:29","slug":"reanudan-a-clases-presenciales-275-escuelas-de-los-municipios-de-acapulco-y-coyuca-de-benitez-secretaria-de-educacion-guerrero","status":"publish","type":"post","link":"https:\/\/redsemlac.com\/semmexico\/reanudan-a-clases-presenciales-275-escuelas-de-los-municipios-de-acapulco-y-coyuca-de-benitez-secretaria-de-educacion-guerrero\/","title":{"rendered":"Reanudan a clases presenciales 275 escuelas de los municipios de Acapulco y Coyuca de Ben\u00edtez: Secretar\u00eda de Educaci\u00f3n Guerrero"},"content":{"rendered":"\n<p class=\"wp-block-paragraph\">Redacci\u00f3n<\/p>\n\n\n\n<p class=\"wp-block-paragraph\">SemM\u00e9xico\/Ceprovysa, Chilpancingo, Gro., 28 de noviembre, &nbsp;2023.- El secretario de Educaci\u00f3n en Guerrero, Marcial Rodr\u00edguez Salda\u00f1a inform\u00f3 que este lunes reanudaron clases presenciales 275 escuelas de los municipios de Acapulco y Coyuca de Ben\u00edtez, despu\u00e9s de los da\u00f1os ocasionados por el hurac\u00e1n \u201cOtis\u201d.<\/p>\n\n\n\n<p class=\"wp-block-paragraph\">El funcionario estatal manifest\u00f3 que esta misma semana inician los trabajos de Apoyos Parciales Inmediatos (API) con una inversi\u00f3n de 68 millones de pesos para 163 escuelas lo que permitir\u00e1 realizar trabajos de remoci\u00f3n de escombros y limpieza ruda.<\/p>\n\n\n\n<p class=\"wp-block-paragraph\">En su mensaje, Rodr\u00edguez Salda\u00f1a dijo que es una prioridad del presidente de la Rep\u00fablica, Andr\u00e9s Manuel L\u00f3pez Obrador y de la gobernadora, Evelyn Salgado Pineda que todas las escuelas retomen las clases de manera normal.<\/p>\n\n\n\n<p class=\"wp-block-paragraph\">Asimismo, dijo que las escuelas de educaci\u00f3n b\u00e1sica de estos municipios recibir\u00e1n el apoyo del programa \u201cLa Escuela es Nuestra y se abri\u00f3 la convocatoria para otorgar 45 mil becas a estudiantes de educaci\u00f3n b\u00e1sica que fueron afectados.<\/p>\n\n\n\n<p class=\"wp-block-paragraph\">Marcial Rodr\u00edguez, explic\u00f3 que contin\u00faa el censo de las escuelas afectadas que suman 659 instituciones, de las cuales se han visitado 647, por lo que hizo un llamado a continuar con los trabajos de limpieza para un retorno en los centros educativos.<\/p>\n","protected":false},"excerpt":{"rendered":"<p>El secretario de Educaci\u00f3n en Guerrero, Marcial Rodr\u00edguez Salda\u00f1a inform\u00f3 que este lunes reanudaron clases presenciales 275 escuelas de los municipios de Acapulco y Coyuca de Ben\u00edtez, despu\u00e9s de los da\u00f1os ocasionados por el hurac\u00e1n \u201cOtis\u201d.<\/p>\n","protected":false},"author":3,"featured_media":74686,"comment_status":"open","ping_status":"open","sticky":false,"template":"","format":"standard","meta":{"_monsterinsights_skip_tracking":false,"footnotes":""},"categories":[27],"tags":[144,743],"class_list":["post-74685","post","type-post","status-publish","format-standard","has-post-thumbnail","category-cobertura-especial","tag-guerrero","tag-otis"],"_links":{"self":[{"href":"https:\/\/redsemlac.com\/semmexico\/wp-json\/wp\/v2\/posts\/74685","targetHints":{"allow":["GET"]}}],"collection":[{"href":"https:\/\/redsemlac.com\/semmexico\/wp-json\/wp\/v2\/posts"}],"about":[{"href":"https:\/\/redsemlac.com\/semmexico\/wp-json\/wp\/v2\/types\/post"}],"author":[{"embeddable":true,"href":"https:\/\/redsemlac.com\/semmexico\/wp-json\/wp\/v2\/users\/3"}],"replies":[{"embeddable":true,"href":"https:\/\/redsemlac.com\/semmexico\/wp-json\/wp\/v2\/comments?post=74685"}],"version-history":[{"count":0,"href":"https:\/\/redsemlac.com\/semmexico\/wp-json\/wp\/v2\/posts\/74685\/revisions"}],"wp:featuredmedia":[{"embeddable":true,"href":"https:\/\/redsemlac.com\/semmexico\/wp-json\/wp\/v2\/media\/74686"}],"wp:attachment":[{"href":"https:\/\/redsemlac.com\/semmexico\/wp-json\/wp\/v2\/media?parent=74685"}],"wp:term":[{"taxonomy":"category","embeddable":true,"href":"https:\/\/redsemlac.com\/semmexico\/wp-json\/wp\/v2\/categories?post=74685"},{"taxonomy":"post_tag","embeddable":true,"href":"https:\/\/redsemlac.com\/semmexico\/wp-json\/wp\/v2\/tags?post=74685"}],"curies":[{"name":"wp","href":"https:\/\/api.w.org\/{rel}","templated":true}]}}