{"id":74679,"date":"2023-11-28T10:08:03","date_gmt":"2023-11-28T16:08:03","guid":{"rendered":"https:\/\/redsemlac.com\/semmexico\/?p=74679"},"modified":"2023-11-28T10:08:04","modified_gmt":"2023-11-28T16:08:04","slug":"en-acapulco-reabrieron-sus-puertas-50-centros-comerciales-despues-del-huracan-otis-sefodeco","status":"publish","type":"post","link":"https:\/\/redsemlac.com\/semmexico\/en-acapulco-reabrieron-sus-puertas-50-centros-comerciales-despues-del-huracan-otis-sefodeco\/","title":{"rendered":"En Acapulco reabrieron sus puertas 50 centros comerciales, despu\u00e9s del Hurac\u00e1n Otis: SEFODECO"},"content":{"rendered":"\n<p class=\"wp-block-paragraph\"><strong>Redacci\u00f3n<\/strong><\/p>\n\n\n\n<p class=\"wp-block-paragraph\">SemM\u00e9xico\/Ceprovysa, Chilpancingo, Gro., 28 de noviembre, &nbsp;2023.- Como parte de las acciones que realiza el gobierno del estado que encabeza, Evelyn Salgado Pineda para reactivar Acapulco, despu\u00e9s del paso del Hurac\u00e1n Otis, se han reabierto 50 centros comerciales para garantizar el abasto de alimentos.<br>La secretaria de Desarrollo Econ\u00f3mico, Teodora Ram\u00edrez Vega dijo que se les ha brindado acompa\u00f1amiento para que las empresas abrieran nuevamente, porque es una prioridad de la mandataria estatal, quien trabaja todos los d\u00edas para reposicionar al puerto.<\/p>\n\n\n\n<figure class=\"wp-block-image size-large\"><a href=\"https:\/\/redsemlac.com\/semmexico\/wp-content\/uploads\/2023\/11\/acapulco-2.jpg\"><img decoding=\"async\" src=\"https:\/\/redsemlac.com\/semmexico\/wp-content\/uploads\/2023\/11\/acapulco-2-1024x682.jpg\" alt=\"\" class=\"wp-image-74680\"\/><\/a><\/figure>\n\n\n\n<figure class=\"wp-block-image size-large\"><a href=\"https:\/\/redsemlac.com\/semmexico\/wp-content\/uploads\/2023\/11\/acapulco-3.jpg\"><img decoding=\"async\" src=\"https:\/\/redsemlac.com\/semmexico\/wp-content\/uploads\/2023\/11\/acapulco-3-1024x682.jpg\" alt=\"\" class=\"wp-image-74681\"\/><\/a><\/figure>\n\n\n\n<figure class=\"wp-block-image size-large\"><a href=\"https:\/\/redsemlac.com\/semmexico\/wp-content\/uploads\/2023\/11\/acapulco-4.jpg\"><img decoding=\"async\" src=\"https:\/\/redsemlac.com\/semmexico\/wp-content\/uploads\/2023\/11\/acapulco-4-1024x682.jpg\" alt=\"\" class=\"wp-image-74682\"\/><\/a><\/figure>\n\n\n\n<p class=\"wp-block-paragraph\"><br>Entre las tiendas que ya aperturaron se encuentra Chedraui con 5 sucursales, Soriana con 6 tiendas, Grupo Walmart con 13 y Oxxo con 26 tiendas, las cuales se encuentran distribuidas en las diferentes partes de Acapulco para garantizar a los acapulque\u00f1os el acceso a los productos b\u00e1sicos.<\/p>\n\n\n\n<p class=\"wp-block-paragraph\"><br>La funcionaria destac\u00f3 que el gobierno federal realiz\u00f3 brigadas para el censo de los da\u00f1os que presentaron los negocios y empresas para que puedan ser beneficiados con los apoyos que se brindar\u00e1n.<\/p>\n\n\n\n<p class=\"wp-block-paragraph\"><br>Agreg\u00f3 que paulatinamente se van a ir reabriendo los negocios en el puerto, gracias a los diversos apoyos que se otorgar\u00e1n de manera conjunta el gobierno federal y estatal como cr\u00e9ditos de Financiera Bienestar y NAFIN.<\/p>\n\n\n\n<p class=\"wp-block-paragraph\"><br>Por \u00faltimo, coment\u00f3 que se han realizado visitas al mercado Central, Progreso, Zapata, Renacimiento y Central de Abastos y los mercados de artesan\u00edas la Dalia, Pueblito, Papagayo, Plaza polit\u00e9cnica, Parasal, Caleta y Caletilla para tener un censo de las afectaciones y elaborar un programa de reconstrucci\u00f3n y reactivaci\u00f3n econ\u00f3mica.<\/p>\n","protected":false},"excerpt":{"rendered":"<p>Como parte de las acciones que realiza el gobierno del estado que encabeza, Evelyn Salgado Pineda para reactivar Acapulco, despu\u00e9s del paso del Hurac\u00e1n Otis, se han reabierto 50 centros comerciales para garantizar el abasto de alimentos.<\/p>\n","protected":false},"author":3,"featured_media":74683,"comment_status":"open","ping_status":"open","sticky":false,"template":"","format":"standard","meta":{"_monsterinsights_skip_tracking":false,"footnotes":""},"categories":[27],"tags":[144,743],"class_list":["post-74679","post","type-post","status-publish","format-standard","has-post-thumbnail","category-cobertura-especial","tag-guerrero","tag-otis"],"_links":{"self":[{"href":"https:\/\/redsemlac.com\/semmexico\/wp-json\/wp\/v2\/posts\/74679","targetHints":{"allow":["GET"]}}],"collection":[{"href":"https:\/\/redsemlac.com\/semmexico\/wp-json\/wp\/v2\/posts"}],"about":[{"href":"https:\/\/redsemlac.com\/semmexico\/wp-json\/wp\/v2\/types\/post"}],"author":[{"embeddable":true,"href":"https:\/\/redsemlac.com\/semmexico\/wp-json\/wp\/v2\/users\/3"}],"replies":[{"embeddable":true,"href":"https:\/\/redsemlac.com\/semmexico\/wp-json\/wp\/v2\/comments?post=74679"}],"version-history":[{"count":0,"href":"https:\/\/redsemlac.com\/semmexico\/wp-json\/wp\/v2\/posts\/74679\/revisions"}],"wp:featuredmedia":[{"embeddable":true,"href":"https:\/\/redsemlac.com\/semmexico\/wp-json\/wp\/v2\/media\/74683"}],"wp:attachment":[{"href":"https:\/\/redsemlac.com\/semmexico\/wp-json\/wp\/v2\/media?parent=74679"}],"wp:term":[{"taxonomy":"category","embeddable":true,"href":"https:\/\/redsemlac.com\/semmexico\/wp-json\/wp\/v2\/categories?post=74679"},{"taxonomy":"post_tag","embeddable":true,"href":"https:\/\/redsemlac.com\/semmexico\/wp-json\/wp\/v2\/tags?post=74679"}],"curies":[{"name":"wp","href":"https:\/\/api.w.org\/{rel}","templated":true}]}}