{"id":74676,"date":"2023-11-28T10:05:24","date_gmt":"2023-11-28T16:05:24","guid":{"rendered":"https:\/\/redsemlac.com\/semmexico\/?p=74676"},"modified":"2023-11-28T10:05:25","modified_gmt":"2023-11-28T16:05:25","slug":"fiscalia-de-guerrero-logro-sentencia-condenatoria-por-55-anos-por-el-delito-de-feminicidio-en-taxco-de-alarcon","status":"publish","type":"post","link":"https:\/\/redsemlac.com\/semmexico\/fiscalia-de-guerrero-logro-sentencia-condenatoria-por-55-anos-por-el-delito-de-feminicidio-en-taxco-de-alarcon\/","title":{"rendered":"Fiscal\u00eda de Guerrero\u00a0 logr\u00f3 sentencia condenatoria por 55 a\u00f1os, por el delito de feminicidio en Taxco de Alarc\u00f3n"},"content":{"rendered":"\n<p class=\"wp-block-paragraph\"><strong>Redacci\u00f3n<\/strong><\/p>\n\n\n\n<p class=\"wp-block-paragraph\">SemM\u00e9xico\/Ceprovysa, Tlapa, Guerrero, 28 de noviembre, 2023.- La Fiscal\u00eda General del Estado logr\u00f3 Sentencia Condenatoria en contra de C\u00e9sar \u201cN\u201d, por el delito de Feminicidio, cometido en agravio de Magdalena \u201cN\u201d, por los hechos en Taxco de Alarc\u00f3n.<\/p>\n\n\n\n<p class=\"wp-block-paragraph\">En Audiencia de Individualizaci\u00f3n de Sanciones y Reparaci\u00f3n del Da\u00f1o, se expusieron los medios de convicci\u00f3n, a trav\u00e9s de los cuales, el Tribunal Unitario dict\u00f3 fallo de condena y sentenci\u00f3 al imputado a la pena de prisi\u00f3n por 55 a\u00f1os, la suspensi\u00f3n de sus derechos, el pago de una multa y el pago correspondiente a la reparaci\u00f3n del da\u00f1o.<\/p>\n\n\n\n<p class=\"wp-block-paragraph\">La FGE con dicha sentencia, refrenda su compromiso con las y los guerrerenses de procurar el acceso a la justicia y el combate a la impunidad.<\/p>\n","protected":false},"excerpt":{"rendered":"<p>La Fiscal\u00eda General del Estado logr\u00f3 Sentencia Condenatoria en contra de C\u00e9sar \u201cN\u201d, por el delito de Feminicidio, cometido en agravio de Magdalena \u201cN\u201d, por los hechos en Taxco de Alarc\u00f3n.<\/p>\n","protected":false},"author":3,"featured_media":74677,"comment_status":"open","ping_status":"open","sticky":false,"template":"","format":"standard","meta":{"_monsterinsights_skip_tracking":false,"footnotes":""},"categories":[48],"tags":[],"class_list":["post-74676","post","type-post","status-publish","format-standard","has-post-thumbnail","category-no-mas-impunidad-no-mas-impunidad"],"_links":{"self":[{"href":"https:\/\/redsemlac.com\/semmexico\/wp-json\/wp\/v2\/posts\/74676","targetHints":{"allow":["GET"]}}],"collection":[{"href":"https:\/\/redsemlac.com\/semmexico\/wp-json\/wp\/v2\/posts"}],"about":[{"href":"https:\/\/redsemlac.com\/semmexico\/wp-json\/wp\/v2\/types\/post"}],"author":[{"embeddable":true,"href":"https:\/\/redsemlac.com\/semmexico\/wp-json\/wp\/v2\/users\/3"}],"replies":[{"embeddable":true,"href":"https:\/\/redsemlac.com\/semmexico\/wp-json\/wp\/v2\/comments?post=74676"}],"version-history":[{"count":0,"href":"https:\/\/redsemlac.com\/semmexico\/wp-json\/wp\/v2\/posts\/74676\/revisions"}],"wp:featuredmedia":[{"embeddable":true,"href":"https:\/\/redsemlac.com\/semmexico\/wp-json\/wp\/v2\/media\/74677"}],"wp:attachment":[{"href":"https:\/\/redsemlac.com\/semmexico\/wp-json\/wp\/v2\/media?parent=74676"}],"wp:term":[{"taxonomy":"category","embeddable":true,"href":"https:\/\/redsemlac.com\/semmexico\/wp-json\/wp\/v2\/categories?post=74676"},{"taxonomy":"post_tag","embeddable":true,"href":"https:\/\/redsemlac.com\/semmexico\/wp-json\/wp\/v2\/tags?post=74676"}],"curies":[{"name":"wp","href":"https:\/\/api.w.org\/{rel}","templated":true}]}}