{"id":74632,"date":"2023-11-27T12:09:35","date_gmt":"2023-11-27T18:09:35","guid":{"rendered":"https:\/\/redsemlac.com\/semmexico\/?p=74632"},"modified":"2023-11-27T12:09:35","modified_gmt":"2023-11-27T18:09:35","slug":"en-oaxaca-los-derechos-de-las-nineces-y-adolescencias-retroceden-con-nueva-ley","status":"publish","type":"post","link":"https:\/\/redsemlac.com\/semmexico\/en-oaxaca-los-derechos-de-las-nineces-y-adolescencias-retroceden-con-nueva-ley\/","title":{"rendered":"En Oaxaca los derechos de las ni\u00f1eces y adolescencias retroceden con nueva Ley"},"content":{"rendered":"\n<ul class=\"wp-block-list\">\n<li><strong>Exigen a las y los legisladores garantizar oportunidades de desarrollo y pol\u00edticas p\u00fablicas<\/strong><\/li>\n<\/ul>\n\n\n\n<p class=\"wp-block-paragraph\"><strong>Micaela M\u00e1rquez<\/strong><\/p>\n\n\n\n<p class=\"wp-block-paragraph\">SemM\u00e9xico, Ciudad de M\u00e9xico, 27 de noviembre, &nbsp;2023.- Una Ley que s\u00ed garantice los derechos de las ni\u00f1as, ni\u00f1os y adolescentes de Oaxaca que no retroceda porque la reci\u00e9n aprobada no reconoce a las ni\u00f1eces y adolescentes ind\u00edgenas y afromexicanas, carece de un lenguaje incluyente y no sexista, limita los tipos de violencia, al dejar de lado el acoso y el bullying cibern\u00e9tico exigen&nbsp; el Comit\u00e9 de Ni\u00f1as, Ni\u00f1os y Adolescentes por sus Derechos (CONNAD).<\/p>\n\n\n\n<p class=\"wp-block-paragraph\">En 2020, en Oaxaca viv\u00edan &nbsp;un mill\u00f3n <strong>225 mil&nbsp; 319 ni\u00f1as y ni\u00f1os<\/strong>&nbsp;de 0 a 15 a\u00f1os, que representan el 30 por ciento de la poblaci\u00f3n de esa entidad.<\/p>\n\n\n\n<p class=\"wp-block-paragraph\">En un pronunciamiento dado a conocer, en el marco de XXXIV Aniversario de la Convenci\u00f3n sobre los Derechos del Ni\u00f1o, el CONNAD como titulares de derechos del estado Oaxaque\u00f1o exigen al gobierno de Oaxaca y al Congreso Estatal que las ni\u00f1as, ni\u00f1os y adolescentes sean titulares de sus propios derechos, y que las leyes les garanticen tener las mismas oportunidades de desarrollo y pol\u00edticas p\u00fablicas que regulen a las instituciones destinada a velar por sus derechos.<\/p>\n\n\n\n<p class=\"wp-block-paragraph\">Protestan contra el Congreso&nbsp; estatal presidido por Luis Alfonso Silva Romo que ha puesto un rev\u00e9s grave a la legislaci\u00f3n estatal en materia de protecci\u00f3n y garant\u00eda de los derechos de ni\u00f1eces y&nbsp;adolescencias, presentando un gran retroceso al omitir algunos que ya hab\u00edan sido reconocidos.<\/p>\n\n\n\n<p class=\"wp-block-paragraph\">Precisan que esta nueva ley se limita a prohibir la distribuci\u00f3n, venta, regalo y suministro de bebidas azucaradas y productos chatarra a menores de edad en las escuelas de educaci\u00f3n b\u00e1sica.<\/p>\n\n\n\n<p class=\"wp-block-paragraph\">Exigen que la Ley General de Educaci\u00f3n en materia de salud promueva entornos escolares saludables y sancione a las escuelas que en sus cooperativas contin\u00faen vendiendo, regalando o distribuyendo productos chatarra.<\/p>\n\n\n\n<p class=\"wp-block-paragraph\">Al gobierno estatal le piden regule la distribuci\u00f3n, venta, regalo y suministro de bebidas azucaradas y productos de alto contenido cal\u00f3rico a menores de edad, en todo el estado de Oaxaca.<\/p>\n\n\n\n<p class=\"wp-block-paragraph\">Que apoye econ\u00f3micamente a las Instituciones educativas para impulsar al interior de sus planteles el acceso al agua potable.<\/p>\n\n\n\n<p class=\"wp-block-paragraph\">Que se anule la publicidad enga\u00f1osa de productos chatarra y bebidas azucaradas dirigidas a ni\u00f1as, ni\u00f1os y adolescentes, tanto en las escuelas como en espacios p\u00fablicos.<\/p>\n\n\n\n<p class=\"wp-block-paragraph\">Que la Ley Federal de Telecomunicaciones y Radiodifusi\u00f3n regule los anuncios de los productos ultra procesados en los diversos medios masivos de comunicaci\u00f3n.<\/p>\n\n\n\n<p class=\"wp-block-paragraph\">Exigen al gobierno federal proh\u00edba a las empresas nacionales y trasnacionales que invadan las comunidades para saquear sus recursos naturales y pare la construcci\u00f3n de mega proyectos que violentan los derechos de toda la poblaci\u00f3n y en espec\u00edfico de las ni\u00f1eces y adolescencias a una vida digna.<\/p>\n\n\n\n<p class=\"wp-block-paragraph\">Es as\u00ed, como concluimos que urge impulsar acciones de manera inmediata en el cumplimiento con la Convenci\u00f3n sobre los Derechos del Ni\u00f1o.<\/p>\n\n\n\n<p class=\"wp-block-paragraph\">Manifestaron su preocupaci\u00f3n por la actuaci\u00f3n del presidente de la Junta de Coordinaci\u00f3n Pol\u00edtica del Congreso local, Luis Alfonso Silva Romo&nbsp;de Morena, y cuestionaron la forma y proceso en que se aprob\u00f3 esta nueva ley el pasado 20 de septiembre y publicada por el gobernador Salom\u00f3n Jara Cruz en el Peri\u00f3dico Oficial del Estado el 7 de octubre de 2023.<\/p>\n","protected":false},"excerpt":{"rendered":"<p>Exigen a las y los legisladores garantizar oportunidades de desarrollo y pol\u00edticas p\u00fablicas<\/p>\n","protected":false},"author":3,"featured_media":74633,"comment_status":"open","ping_status":"open","sticky":false,"template":"","format":"standard","meta":{"_monsterinsights_skip_tracking":false,"footnotes":""},"categories":[703],"tags":[],"class_list":["post-74632","post","type-post","status-publish","format-standard","has-post-thumbnail","category-infancia"],"_links":{"self":[{"href":"https:\/\/redsemlac.com\/semmexico\/wp-json\/wp\/v2\/posts\/74632","targetHints":{"allow":["GET"]}}],"collection":[{"href":"https:\/\/redsemlac.com\/semmexico\/wp-json\/wp\/v2\/posts"}],"about":[{"href":"https:\/\/redsemlac.com\/semmexico\/wp-json\/wp\/v2\/types\/post"}],"author":[{"embeddable":true,"href":"https:\/\/redsemlac.com\/semmexico\/wp-json\/wp\/v2\/users\/3"}],"replies":[{"embeddable":true,"href":"https:\/\/redsemlac.com\/semmexico\/wp-json\/wp\/v2\/comments?post=74632"}],"version-history":[{"count":0,"href":"https:\/\/redsemlac.com\/semmexico\/wp-json\/wp\/v2\/posts\/74632\/revisions"}],"wp:featuredmedia":[{"embeddable":true,"href":"https:\/\/redsemlac.com\/semmexico\/wp-json\/wp\/v2\/media\/74633"}],"wp:attachment":[{"href":"https:\/\/redsemlac.com\/semmexico\/wp-json\/wp\/v2\/media?parent=74632"}],"wp:term":[{"taxonomy":"category","embeddable":true,"href":"https:\/\/redsemlac.com\/semmexico\/wp-json\/wp\/v2\/categories?post=74632"},{"taxonomy":"post_tag","embeddable":true,"href":"https:\/\/redsemlac.com\/semmexico\/wp-json\/wp\/v2\/tags?post=74632"}],"curies":[{"name":"wp","href":"https:\/\/api.w.org\/{rel}","templated":true}]}}