{"id":74565,"date":"2023-11-26T12:28:10","date_gmt":"2023-11-26T18:28:10","guid":{"rendered":"https:\/\/redsemlac.com\/semmexico\/?p=74565"},"modified":"2023-11-26T12:28:11","modified_gmt":"2023-11-26T18:28:11","slug":"marchan-para-hacer-visibles-las-violencias-vs-mujeres","status":"publish","type":"post","link":"https:\/\/redsemlac.com\/semmexico\/marchan-para-hacer-visibles-las-violencias-vs-mujeres\/","title":{"rendered":"Marchan para hacer visibles las violencias vs mujeres"},"content":{"rendered":"\n<p class=\"wp-block-paragraph\">Patricia Brise\u00f1o<\/p>\n\n\n\n<p class=\"wp-block-paragraph\">SemM\u00e9xico, Oaxaca de Ju\u00e1rez, Oax., 26 de noviembre, 2023.- &nbsp;Colectivas, organizaciones feministas y ciudadanas independientes marcharon en la capital de Oaxaca en el D\u00eda Internacional de la Eliminaci\u00f3n de la Violencia Contra las Mujeres.<\/p>\n\n\n\n<p class=\"wp-block-paragraph\">Con consignas hicieron visibles los nombres de las mujeres, ni\u00f1as y adolescentes asesinadas, desaparecidas, secuestradas, violadas, tiradas en basureros, ignoradas, revictimizadas, violentadas, y de las madres que las buscan.<\/p>\n\n\n\n<p class=\"wp-block-paragraph\">\u00a1Mujer, hermana, si te pega, no te ama! \u00a1Ahora, que estamos juntas, ahora,&nbsp; s\u00ed nos ven! \u00a1Ni una m\u00e1s, ni una asesinada m\u00e1s! Fueron algunas de las consignas dichas en el recorrido que inici\u00f3 en la Anti Monumenta, a un costado de la Fuente de las Ocho Regiones, y termin\u00f3 afuera del Palacio de Gobierno, en el centro hist\u00f3rico.<\/p>\n\n\n\n<p class=\"wp-block-paragraph\">Los pronunciamientos coincidieron en la grave omisi\u00f3n institucional por atreverse a no olvidar a sus hijas, madres, hermanas, sobrinas, esposas, y otras mujeres les respondieron: \u00a1no est\u00e1n solas!<\/p>\n\n\n\n<p class=\"wp-block-paragraph\">Tambi\u00e9n denunciaron la violencia institucionalizada contra las defensoras de los territorios oaxaque\u00f1os ante el saqueo de los bienes comunes de los pueblos, y la amenaza contra los recursos naturales.<\/p>\n\n\n\n<figure class=\"wp-block-image size-large\"><a href=\"https:\/\/redsemlac.com\/semmexico\/wp-content\/uploads\/2023\/11\/violencia-visible-02.png\"><img decoding=\"async\" src=\"https:\/\/redsemlac.com\/semmexico\/wp-content\/uploads\/2023\/11\/violencia-visible-02-1024x576.png\" alt=\"\" class=\"wp-image-74566\"\/><\/a><\/figure>\n\n\n\n<p class=\"wp-block-paragraph\">De igual manera hicieron visible el racismo que sufren diario las mujeres migrantes de Sur y Centroam\u00e9rica y el Caribe a manos de los cuerpos policiacos, migratorios y militares en el territorio de Oaxaca.<\/p>\n","protected":false},"excerpt":{"rendered":"<p>Colectivas, organizaciones feministas y ciudadanas independientes marcharon en la capital de Oaxaca en el D\u00eda Internacional de la Eliminaci\u00f3n de la Violencia Contra las Mujeres.<\/p>\n","protected":false},"author":3,"featured_media":74567,"comment_status":"open","ping_status":"open","sticky":false,"template":"","format":"standard","meta":{"_monsterinsights_skip_tracking":false,"footnotes":""},"categories":[745,27],"tags":[],"class_list":["post-74565","post","type-post","status-publish","format-standard","has-post-thumbnail","category-rumbo-al-25n","category-cobertura-especial"],"_links":{"self":[{"href":"https:\/\/redsemlac.com\/semmexico\/wp-json\/wp\/v2\/posts\/74565","targetHints":{"allow":["GET"]}}],"collection":[{"href":"https:\/\/redsemlac.com\/semmexico\/wp-json\/wp\/v2\/posts"}],"about":[{"href":"https:\/\/redsemlac.com\/semmexico\/wp-json\/wp\/v2\/types\/post"}],"author":[{"embeddable":true,"href":"https:\/\/redsemlac.com\/semmexico\/wp-json\/wp\/v2\/users\/3"}],"replies":[{"embeddable":true,"href":"https:\/\/redsemlac.com\/semmexico\/wp-json\/wp\/v2\/comments?post=74565"}],"version-history":[{"count":0,"href":"https:\/\/redsemlac.com\/semmexico\/wp-json\/wp\/v2\/posts\/74565\/revisions"}],"wp:featuredmedia":[{"embeddable":true,"href":"https:\/\/redsemlac.com\/semmexico\/wp-json\/wp\/v2\/media\/74567"}],"wp:attachment":[{"href":"https:\/\/redsemlac.com\/semmexico\/wp-json\/wp\/v2\/media?parent=74565"}],"wp:term":[{"taxonomy":"category","embeddable":true,"href":"https:\/\/redsemlac.com\/semmexico\/wp-json\/wp\/v2\/categories?post=74565"},{"taxonomy":"post_tag","embeddable":true,"href":"https:\/\/redsemlac.com\/semmexico\/wp-json\/wp\/v2\/tags?post=74565"}],"curies":[{"name":"wp","href":"https:\/\/api.w.org\/{rel}","templated":true}]}}