{"id":74553,"date":"2023-11-26T12:00:39","date_gmt":"2023-11-26T18:00:39","guid":{"rendered":"https:\/\/redsemlac.com\/semmexico\/?p=74553"},"modified":"2023-11-26T12:00:40","modified_gmt":"2023-11-26T18:00:40","slug":"25n-marchan-por-la-eliminacion-de-la-violencia-contra-las-mujeres","status":"publish","type":"post","link":"https:\/\/redsemlac.com\/semmexico\/25n-marchan-por-la-eliminacion-de-la-violencia-contra-las-mujeres\/","title":{"rendered":"25N Marchan por la eliminaci\u00f3n de la violencia contra las mujeres"},"content":{"rendered":"\n<p class=\"wp-block-paragraph\">33 mujeres v\u00edctimas de feminicidio en Chiapas en lo que va del a\u00f1o. Basta ya!<\/p>\n\n\n\n<p class=\"wp-block-paragraph\">En San Crist\u00f3bal de las Casas, mujeres provenientes de la regi\u00f3n fronteriza denunciaron que por la presencia de los carteles de la droga, no pueden salir con libertad.<\/p>\n\n\n\n<p class=\"wp-block-paragraph\">Gabriela Couti\u00f1o<\/p>\n\n\n\n<p class=\"wp-block-paragraph\">SemM\u00e9xico, Tuxtla Guti\u00e9rrez, Chis., 26 de noviembre, 2023.- Con el lema: \u201csi tocan a una, nos tocan a todas\u201d, \u201ccuidado, el machismo mata\u201d, cientos de personas marcharon en la capital Tuxtla Guti\u00e9rrez y en San Crist\u00f3bal de las Casas para exigir se frene la violencia contra la ni\u00f1ez y las mujeres en Chiapas y paren los feminicidios.&nbsp;<\/p>\n\n\n\n<p class=\"wp-block-paragraph\">En San Crist\u00f3bal de las Casas un contingente de personas recorrieron las principales calles con cartulinas: \u201cSe\u00f1or, se\u00f1ora, no sea indiferente, se mata a las mujeres en la cara de la gente\u201d, \u201cvivas se las llevaron, vivas la queremos\u201d, \u201cmujer, que no te levanten la voz, ni la mano\u201d, \u201crespeto a los derechos de las mujeres\u201d, \u201chasta que los derechos de las mujeres, a justicia y la paz se hagan costumbre\u201d.<\/p>\n\n\n\n<p class=\"wp-block-paragraph\">Convocadas por la Coordinadora de Mujeres Diocesanas (Codimuj), las manifestantes iniciaron la marcha a las 9 horas en el crucero San Pablo, en la salida hacia Comit\u00e1n, y despu\u00e9s de caminar m\u00e1s de dos horas llegaron a la plaza Catedral, donde colocaron un altar maya y realizaron una ceremonia tradicional.<\/p>\n\n\n\n<figure class=\"wp-block-image size-large\"><a href=\"https:\/\/redsemlac.com\/semmexico\/wp-content\/uploads\/2023\/11\/eliminacion-violencia-02.png\"><img decoding=\"async\" src=\"https:\/\/redsemlac.com\/semmexico\/wp-content\/uploads\/2023\/11\/eliminacion-violencia-02-1024x768.png\" alt=\"\" class=\"wp-image-74555\"\/><\/a><\/figure>\n\n\n\n<figure class=\"wp-block-image size-large\"><a href=\"https:\/\/redsemlac.com\/semmexico\/wp-content\/uploads\/2023\/11\/eliminacion-violencia-03.png\"><img decoding=\"async\" src=\"https:\/\/redsemlac.com\/semmexico\/wp-content\/uploads\/2023\/11\/eliminacion-violencia-03-1024x768.png\" alt=\"\" class=\"wp-image-74556\"\/><\/a><\/figure>\n\n\n\n<p class=\"wp-block-paragraph\">En el contexto de D\u00eda internacional de la Eliminaci\u00f3n de la Violencia contra las Mujeres, denunciaron que el sistema capitalista, patriarcal y machista sigue violentando la vida de muchas mujeres y de los pueblos por la presencia de grupos criminales que vulneran la vida de las familias y comunidades.<\/p>\n\n\n\n<p class=\"wp-block-paragraph\">Una mujer proveniente de la frontera, donde c\u00e1rteles de la droga se disputan el territorio desde hace m\u00e1s de dos a\u00f1os, lo que ha generado enfrentamientos, asesinatos, desapariciones quemas de veh\u00edculos y bloqueos carreteros, dijo que asisti\u00f3 a la movilizaci\u00f3n porque \u201cestamos viendo que hay mucha violencia. Antes viv\u00edamos tranquilos, pero ahora ya no\u201d.<\/p>\n\n\n\n<p class=\"wp-block-paragraph\">\u201cTraemos mantas y cartelones para exigir paz y tranquilidad; que sea como antes y poder salir con libertad, ya que ahora ya no podemos caminar a altas horas porque corremos peligro, y ya que nos dieron la oportunidad, vinimos a la marcha, aunque nos quede lejos\u201d, expres\u00f3.<\/p>\n\n\n\n<figure class=\"wp-block-image size-large\"><a href=\"https:\/\/redsemlac.com\/semmexico\/wp-content\/uploads\/2023\/11\/eliminacion-violencia-04.png\"><img decoding=\"async\" src=\"https:\/\/redsemlac.com\/semmexico\/wp-content\/uploads\/2023\/11\/eliminacion-violencia-04-1024x768.png\" alt=\"\" class=\"wp-image-74557\"\/><\/a><\/figure>\n\n\n\n<figure class=\"wp-block-image size-large\"><a href=\"https:\/\/redsemlac.com\/semmexico\/wp-content\/uploads\/2023\/11\/eliminacion-violencia-05.png\"><img decoding=\"async\" src=\"https:\/\/redsemlac.com\/semmexico\/wp-content\/uploads\/2023\/11\/eliminacion-violencia-05-768x1024.png\" alt=\"\" class=\"wp-image-74558\"\/><\/a><\/figure>\n\n\n\n<p class=\"wp-block-paragraph\">En otras cartulinas, las manifestantes, muchas de ellas con sus trajes regionales y con flores blancas en las manos, escribieron: \u201cpaz\u201d, \u201cen un mundo donde nos est\u00e1n asesinando, unirnos es revoluci\u00f3n\u201d, \u201cmujer, lev\u00e1ntate, t\u00fa tienes derechos\u201d, \u201calto a la violencia en nuestras comunidades\u201d.<\/p>\n\n\n\n<p class=\"wp-block-paragraph\">Demandaron que su voz sea escuchada por las autoridades de los tres niveles de gobierno para que cese la violencia machista en su contra y la violencia provocada en las comunidades por grupos del crimen organizado.<\/p>\n\n\n\n<figure class=\"wp-block-image size-large\"><a href=\"https:\/\/redsemlac.com\/semmexico\/wp-content\/uploads\/2023\/11\/eliminacion-violencia-06.bmp\"><img decoding=\"async\" src=\"https:\/\/redsemlac.com\/semmexico\/wp-content\/uploads\/2023\/11\/eliminacion-violencia-06-1024x768.jpg\" alt=\"\" class=\"wp-image-74554\"\/><\/a><\/figure>\n\n\n\n<p class=\"wp-block-paragraph\">\u201cNos unimos para caminar en una sola voz para exigir la eliminaci\u00f3n de la violencia contra &nbsp;las mujeres porque, afirmaron, al tiempo de se\u00f1alar que hay casos de feminicidio que han quedado en la quedado en la impunidad.<\/p>\n\n\n\n<p class=\"wp-block-paragraph\">Otro grupo que particip\u00f3 en el Segundo encuentro de mujeres ind\u00edgenas desplazadas de manera forzada interna\u00bb, que se uni\u00f3 a la marcha de la Codimuj, se pronunci\u00f3 \u201cen contra del recrudecimiento de la violencia hacia las mujeres, producto de la depredaci\u00f3n capitalista neoliberal y patriarcal, que agrega a la misoginia cl\u00e1sica, la cultura brutal del narco Estado\u201d.<\/p>\n\n\n\n<p class=\"wp-block-paragraph\">Afirm\u00f3 que \u201clas distintas formas de violencia que compartimos con todas las mujeres, adem\u00e1s de las que, desde nuestra etnicidad y la pr\u00e1ctica de los usos y costumbres, pobreza, exclusi\u00f3n hist\u00f3rica y situaci\u00f3n de desplazamiento forzado que vivimos, nos colocan en el traspatio de la estratificaci\u00f3n social\u201d.<\/p>\n\n\n\n<p class=\"wp-block-paragraph\">En Tuxtla Guti\u00e9rrez, las mujeres marcharon vestidas de negro, con lonas, pancartas y algunas fotograf\u00edas de las v\u00edctimas de feminicidios, desde el puente de colores hacia la plaza central.<\/p>\n\n\n\n<p class=\"wp-block-paragraph\">\u201cNi una menos porque vivamos las queremos\u00bb, \u00bb Justicia para todas\u00bb, \u00bb Jueces y fiscales tambi\u00e9n son criminales\u201d. En las puertas del palacio de gobierno, las mujeres colocaron fotograf\u00edas de las mujeres asesinadas y desaparecidas.<\/p>\n","protected":false},"excerpt":{"rendered":"<p>En San Crist\u00f3bal de las Casas, mujeres provenientes de la regi\u00f3n fronteriza denunciaron que por la presencia de los carteles de la droga, no pueden salir con libertad.<\/p>\n","protected":false},"author":3,"featured_media":74559,"comment_status":"open","ping_status":"open","sticky":false,"template":"","format":"standard","meta":{"_monsterinsights_skip_tracking":false,"footnotes":""},"categories":[745,27],"tags":[],"class_list":["post-74553","post","type-post","status-publish","format-standard","has-post-thumbnail","category-rumbo-al-25n","category-cobertura-especial"],"_links":{"self":[{"href":"https:\/\/redsemlac.com\/semmexico\/wp-json\/wp\/v2\/posts\/74553","targetHints":{"allow":["GET"]}}],"collection":[{"href":"https:\/\/redsemlac.com\/semmexico\/wp-json\/wp\/v2\/posts"}],"about":[{"href":"https:\/\/redsemlac.com\/semmexico\/wp-json\/wp\/v2\/types\/post"}],"author":[{"embeddable":true,"href":"https:\/\/redsemlac.com\/semmexico\/wp-json\/wp\/v2\/users\/3"}],"replies":[{"embeddable":true,"href":"https:\/\/redsemlac.com\/semmexico\/wp-json\/wp\/v2\/comments?post=74553"}],"version-history":[{"count":0,"href":"https:\/\/redsemlac.com\/semmexico\/wp-json\/wp\/v2\/posts\/74553\/revisions"}],"wp:featuredmedia":[{"embeddable":true,"href":"https:\/\/redsemlac.com\/semmexico\/wp-json\/wp\/v2\/media\/74559"}],"wp:attachment":[{"href":"https:\/\/redsemlac.com\/semmexico\/wp-json\/wp\/v2\/media?parent=74553"}],"wp:term":[{"taxonomy":"category","embeddable":true,"href":"https:\/\/redsemlac.com\/semmexico\/wp-json\/wp\/v2\/categories?post=74553"},{"taxonomy":"post_tag","embeddable":true,"href":"https:\/\/redsemlac.com\/semmexico\/wp-json\/wp\/v2\/tags?post=74553"}],"curies":[{"name":"wp","href":"https:\/\/api.w.org\/{rel}","templated":true}]}}