{"id":74534,"date":"2023-11-25T19:15:50","date_gmt":"2023-11-26T01:15:50","guid":{"rendered":"https:\/\/redsemlac.com\/semmexico\/?p=74534"},"modified":"2023-11-25T19:15:50","modified_gmt":"2023-11-26T01:15:50","slug":"marcha-25n-mujeres-exigen-alto-a-desapariciones-feminicidios-y-violencia-vicaria","status":"publish","type":"post","link":"https:\/\/redsemlac.com\/semmexico\/marcha-25n-mujeres-exigen-alto-a-desapariciones-feminicidios-y-violencia-vicaria\/","title":{"rendered":"Marcha 25N: mujeres exigen alto a desapariciones, feminicidios y violencia vicaria"},"content":{"rendered":"\n<p class=\"wp-block-paragraph\">Este a\u00f1o la marcha contra la violencia se uni\u00f3 a la acci\u00f3n global en solidaridad con Palestina, contra lo que calificaron como el genocidio, machismo y racismo de Israel<\/p>\n\n\n\n<p class=\"wp-block-paragraph\">Lee aqu\u00ed la cronolog\u00eda de las demostraciones y cu\u00e1les sus expresiones<\/p>\n\n\n\n<p class=\"wp-block-paragraph\">Gloria L\u00f3pez yKarla Mora<\/p>\n\n\n\n<p class=\"wp-block-paragraph\">Fotos Aracely Mart\u00ednez y Alejandro Aguilar<\/p>\n\n\n\n<p class=\"wp-block-paragraph\">&nbsp;SemM\u00e9xico\/El Sol de M\u00e9xico, 25 de noviembre, 2023.-Colectivos feministas y organizaciones civiles marcharon en la Ciudad de M\u00e9xico contra la violencia de g\u00e9nero y lo que calificaron como un genocidio en Palestina.<\/p>\n\n\n\n<p class=\"wp-block-paragraph\">La protesta inici\u00f3 en la Glorieta de las Mujeres que Luchan y termin\u00f3 en el Z\u00f3calo capitalino.<\/p>\n\n\n\n<figure class=\"wp-block-gallery has-nested-images columns-default is-cropped wp-block-gallery-1 is-layout-flex wp-block-gallery-is-layout-flex\">\n<figure class=\"wp-block-image size-large\"><a href=\"https:\/\/redsemlac.com\/semmexico\/wp-content\/uploads\/2023\/11\/alto-desapariciones-02.jpg\"><img loading=\"lazy\" decoding=\"async\" width=\"720\" height=\"459\" data-id=\"74535\" src=\"https:\/\/redsemlac.com\/semmexico\/wp-content\/uploads\/2023\/11\/alto-desapariciones-02.jpg\" alt=\"\" class=\"wp-image-74535\"\/><\/a><\/figure>\n\n\n\n<figure class=\"wp-block-image size-large\"><a href=\"https:\/\/redsemlac.com\/semmexico\/wp-content\/uploads\/2023\/11\/alto-desapariciones-03.jpg\"><img loading=\"lazy\" decoding=\"async\" width=\"720\" height=\"459\" data-id=\"74536\" src=\"https:\/\/redsemlac.com\/semmexico\/wp-content\/uploads\/2023\/11\/alto-desapariciones-03.jpg\" alt=\"\" class=\"wp-image-74536\"\/><\/a><\/figure>\n<\/figure>\n\n\n\n<p class=\"wp-block-paragraph\">\u201cEsc\u00fachenos juez, no queremos m\u00e1s violencia vicaria en esta ciudad\u201d, \u201cSe\u00f1or, se\u00f1ora, no sea indiferente: se roban a los hijos con ayuda de los jueces\u201d, fueron algunas de las consignas del Frente Nacional contra Violencia Vicaria y el colectivo Vasta, quienes encabezaron la marcha que inici\u00f3 a las 12:30 de la tarde.<\/p>\n\n\n\n<p class=\"wp-block-paragraph\">Este a\u00f1o la marcha 25N se uni\u00f3 a la acci\u00f3n global en solidaridad con Palestina, contra lo que calificaron como el genocidio, machismo y racismo de Israel. La protesta fue convocada por diversas organizaciones feministas internacionales.<\/p>\n\n\n\n<figure class=\"wp-block-image size-full\"><a href=\"https:\/\/redsemlac.com\/semmexico\/wp-content\/uploads\/2023\/11\/alto-desapariciones-04.jpg\"><img loading=\"lazy\" decoding=\"async\" width=\"720\" height=\"459\" src=\"https:\/\/redsemlac.com\/semmexico\/wp-content\/uploads\/2023\/11\/alto-desapariciones-04.jpg\" alt=\"\" class=\"wp-image-74537\"\/><\/a><\/figure>\n\n\n\n<p class=\"wp-block-paragraph\">El colectivo Pan y Rosas exigi\u00f3 un cese al fuego por las tres mil 920 mujeres palestinas asesinadas en Israel en 47 d\u00edas.<\/p>\n\n\n\n<figure class=\"wp-block-gallery has-nested-images columns-default is-cropped wp-block-gallery-2 is-layout-flex wp-block-gallery-is-layout-flex\">\n<figure class=\"wp-block-image size-large\"><a href=\"https:\/\/redsemlac.com\/semmexico\/wp-content\/uploads\/2023\/11\/alto-desapariciones-05.jpg\"><img loading=\"lazy\" decoding=\"async\" width=\"720\" height=\"459\" data-id=\"74539\" src=\"https:\/\/redsemlac.com\/semmexico\/wp-content\/uploads\/2023\/11\/alto-desapariciones-05.jpg\" alt=\"\" class=\"wp-image-74539\"\/><\/a><\/figure>\n\n\n\n<figure class=\"wp-block-image size-large\"><a href=\"https:\/\/redsemlac.com\/semmexico\/wp-content\/uploads\/2023\/11\/alto-desapariciones-06.jpg\"><img loading=\"lazy\" decoding=\"async\" width=\"720\" height=\"459\" data-id=\"74538\" src=\"https:\/\/redsemlac.com\/semmexico\/wp-content\/uploads\/2023\/11\/alto-desapariciones-06.jpg\" alt=\"\" class=\"wp-image-74538\"\/><\/a><\/figure>\n\n\n\n<figure class=\"wp-block-image size-large\"><a href=\"https:\/\/redsemlac.com\/semmexico\/wp-content\/uploads\/2023\/11\/alto-desapariciones-07.jpg\"><img loading=\"lazy\" decoding=\"async\" width=\"720\" height=\"459\" data-id=\"74540\" src=\"https:\/\/redsemlac.com\/semmexico\/wp-content\/uploads\/2023\/11\/alto-desapariciones-07.jpg\" alt=\"\" class=\"wp-image-74540\"\/><\/a><\/figure>\n<\/figure>\n\n\n\n<p class=\"wp-block-paragraph\"><strong><em>Llegaron al z\u00f3calo capitalino<\/em><\/strong><\/p>\n\n\n\n<p class=\"wp-block-paragraph\">Los contingentes arribaron al Z\u00f3calo capitalino alrededor de las dos la tarde, donde leyeron sus demandas.<\/p>\n\n\n\n<p class=\"wp-block-paragraph\">\u201cAunque el discurso oficial diga lo contrario, el primer trimestre de 2023 aument\u00f3 m\u00e1s del ocho por ciento en el n\u00famero de homicidios dolosos contra las mujeres este mes de octubre. Adem\u00e1s se han registrado al menos 690 casos de feminicidios\u201d, acusaron.<\/p>\n\n\n\n<figure class=\"wp-block-gallery has-nested-images columns-default is-cropped wp-block-gallery-3 is-layout-flex wp-block-gallery-is-layout-flex\">\n<figure class=\"wp-block-image size-large\"><a href=\"https:\/\/redsemlac.com\/semmexico\/wp-content\/uploads\/2023\/11\/alto-desapariciones-08.jpg\"><img loading=\"lazy\" decoding=\"async\" width=\"720\" height=\"459\" data-id=\"74542\" src=\"https:\/\/redsemlac.com\/semmexico\/wp-content\/uploads\/2023\/11\/alto-desapariciones-08.jpg\" alt=\"\" class=\"wp-image-74542\"\/><\/a><\/figure>\n\n\n\n<figure class=\"wp-block-image size-large\"><a href=\"https:\/\/redsemlac.com\/semmexico\/wp-content\/uploads\/2023\/11\/alto-desapariciones-09.jpg\"><img loading=\"lazy\" decoding=\"async\" width=\"720\" height=\"459\" data-id=\"74541\" src=\"https:\/\/redsemlac.com\/semmexico\/wp-content\/uploads\/2023\/11\/alto-desapariciones-09.jpg\" alt=\"\" class=\"wp-image-74541\"\/><\/a><\/figure>\n\n\n\n<figure class=\"wp-block-image size-large\"><a href=\"https:\/\/redsemlac.com\/semmexico\/wp-content\/uploads\/2023\/11\/alto-desapariciones-10.jpg\"><img loading=\"lazy\" decoding=\"async\" width=\"720\" height=\"459\" data-id=\"74543\" src=\"https:\/\/redsemlac.com\/semmexico\/wp-content\/uploads\/2023\/11\/alto-desapariciones-10.jpg\" alt=\"\" class=\"wp-image-74543\"\/><\/a><\/figure>\n<\/figure>\n\n\n\n<p class=\"wp-block-paragraph\">Las diferentes voceras de los colectivos se\u00f1alaron que M\u00e9xico es el segundo lugar en Am\u00e9rica Latina con el mayor n\u00famero de cr\u00edmenes de odio de la comunidad LGBTQ.<\/p>\n\n\n\n<p class=\"wp-block-paragraph\">Resaltaron que en lo que va del 2023 van 87 personas asesinas por cr\u00edmenes de odio, \u201cpero muchos de estos casos no son juzgados como cr\u00edmenes de odio, incluso algunas investigaciones apuntan que la cifra es de menos de 20 casos en 2023\u201d.<\/p>\n\n\n\n<p class=\"wp-block-paragraph\">Adem\u00e1s, pidieron justicia para el magistrado Jes\u00fas Ociel Baena, quien fue asesinado el pasado 13 de noviembre.<\/p>\n\n\n\n<figure class=\"wp-block-image size-full\"><a href=\"https:\/\/redsemlac.com\/semmexico\/wp-content\/uploads\/2023\/11\/alto-desapariciones-11.jpg\"><img loading=\"lazy\" decoding=\"async\" width=\"720\" height=\"459\" src=\"https:\/\/redsemlac.com\/semmexico\/wp-content\/uploads\/2023\/11\/alto-desapariciones-11.jpg\" alt=\"\" class=\"wp-image-74544\"\/><\/a><\/figure>\n\n\n\n<p class=\"wp-block-paragraph\">Entre sus demandas, manifestaron no sentirse representadas por las candidatas a la presidencia de M\u00e9xico.<\/p>\n\n\n\n<p class=\"wp-block-paragraph\">\u201cRefrendamos el car\u00e1cter independiente de mujeres, las candidatas de la clase pol\u00edtica<\/p>\n\n\n\n<p class=\"wp-block-paragraph\"><strong><em>Los momentos de la marcha <\/em><\/strong><strong><em><\/em><\/strong><\/p>\n\n\n\n<figure class=\"wp-block-image size-full\"><a href=\"https:\/\/redsemlac.com\/semmexico\/wp-content\/uploads\/2023\/11\/alto-desapariciones-12.jpg\"><img loading=\"lazy\" decoding=\"async\" width=\"768\" height=\"479\" src=\"https:\/\/redsemlac.com\/semmexico\/wp-content\/uploads\/2023\/11\/alto-desapariciones-12.jpg\" alt=\"\" class=\"wp-image-74545\"\/><\/a><\/figure>\n\n\n\n<p class=\"wp-block-paragraph\"><strong><em>Colectivos feministas avanzan hacia el Z\u00f3calo<\/em><\/strong><\/p>\n\n\n\n<p class=\"wp-block-paragraph\">Los diversos colectivos que integran la marcha por el D\u00eda Internacional de la Eliminaci\u00f3n de la Violencia contra la Mujer comienzan a avanzar durante la marcha rumbo al Z\u00f3calo Capitalino.<\/p>\n\n\n\n<p class=\"wp-block-paragraph\">Las mujeres exigen la atenci\u00f3n de las fiscal\u00edas para resolver denuncias y demandas relacionadas con la violencia vicaria.<\/p>\n\n\n\n<p class=\"wp-block-paragraph\"><strong><em>Arranca la marcha; contingentes salen de la Glorieta de la Mujeres que luchan<\/em><\/strong><\/p>\n\n\n\n<p class=\"wp-block-paragraph\">Comienzan a concentrarse contingentes en la Glorieta de las Mujeres que Luchan. El contingente de Amnist\u00eda Internacional y el Frente Nacional contra la Violencia Vicaria realizan una batucada. Del lugar tambi\u00e9n sale el Colectivo X Justicias para las mujeres.\u200b<\/p>\n\n\n\n<figure class=\"wp-block-gallery has-nested-images columns-default is-cropped wp-block-gallery-4 is-layout-flex wp-block-gallery-is-layout-flex\">\n<figure class=\"wp-block-image size-large\"><a href=\"https:\/\/redsemlac.com\/semmexico\/wp-content\/uploads\/2023\/11\/alto-desapariciones-13.jpg\"><img loading=\"lazy\" decoding=\"async\" width=\"320\" height=\"200\" data-id=\"74546\" src=\"https:\/\/redsemlac.com\/semmexico\/wp-content\/uploads\/2023\/11\/alto-desapariciones-13.jpg\" alt=\"\" class=\"wp-image-74546\"\/><\/a><\/figure>\n\n\n\n<figure class=\"wp-block-image size-large\"><a href=\"https:\/\/redsemlac.com\/semmexico\/wp-content\/uploads\/2023\/11\/alto-desapariciones-14.jpg\"><img loading=\"lazy\" decoding=\"async\" width=\"320\" height=\"200\" data-id=\"74547\" src=\"https:\/\/redsemlac.com\/semmexico\/wp-content\/uploads\/2023\/11\/alto-desapariciones-14.jpg\" alt=\"\" class=\"wp-image-74547\"\/><\/a><\/figure>\n<\/figure>\n\n\n\n<figure class=\"wp-block-gallery has-nested-images columns-default is-cropped wp-block-gallery-5 is-layout-flex wp-block-gallery-is-layout-flex\">\n<figure class=\"wp-block-image size-large\"><a href=\"https:\/\/redsemlac.com\/semmexico\/wp-content\/uploads\/2023\/11\/alto-desapariciones-15.jpg\"><img loading=\"lazy\" decoding=\"async\" width=\"320\" height=\"200\" data-id=\"74548\" src=\"https:\/\/redsemlac.com\/semmexico\/wp-content\/uploads\/2023\/11\/alto-desapariciones-15.jpg\" alt=\"\" class=\"wp-image-74548\"\/><\/a><\/figure>\n\n\n\n<figure class=\"wp-block-image size-large\"><a href=\"https:\/\/redsemlac.com\/semmexico\/wp-content\/uploads\/2023\/11\/alto-desapariciones-16.jpg\"><img loading=\"lazy\" decoding=\"async\" width=\"320\" height=\"200\" data-id=\"74549\" src=\"https:\/\/redsemlac.com\/semmexico\/wp-content\/uploads\/2023\/11\/alto-desapariciones-16.jpg\" alt=\"\" class=\"wp-image-74549\"\/><\/a><\/figure>\n<\/figure>\n\n\n\n<p class=\"wp-block-paragraph\"><strong><em>Mujeres colocan valla en la Glorieta de las mujeres que lucha<\/em><\/strong><\/p>\n\n\n\n<p class=\"wp-block-paragraph\">Previo a la marcha, grupos feministas y de mujeres colocan pancartas y una valla en la Glorieta de las mujeres que lucha.<\/p>\n\n\n\n<p class=\"wp-block-paragraph\">En el lugar se prepararon pancartas y carteles exigiendo el cese de la violencia, e incluso<\/p>\n","protected":false},"excerpt":{"rendered":"<p>Este a\u00f1o la marcha contra la violencia \u00a0se uni\u00f3 a la acci\u00f3n global en solidaridad con Palestina, contra lo que calificaron como el genocidio, machismo y racismo de Israel<\/p>\n","protected":false},"author":3,"featured_media":74550,"comment_status":"open","ping_status":"open","sticky":false,"template":"","format":"standard","meta":{"_monsterinsights_skip_tracking":false,"footnotes":""},"categories":[745,27],"tags":[],"class_list":["post-74534","post","type-post","status-publish","format-standard","has-post-thumbnail","category-rumbo-al-25n","category-cobertura-especial"],"_links":{"self":[{"href":"https:\/\/redsemlac.com\/semmexico\/wp-json\/wp\/v2\/posts\/74534","targetHints":{"allow":["GET"]}}],"collection":[{"href":"https:\/\/redsemlac.com\/semmexico\/wp-json\/wp\/v2\/posts"}],"about":[{"href":"https:\/\/redsemlac.com\/semmexico\/wp-json\/wp\/v2\/types\/post"}],"author":[{"embeddable":true,"href":"https:\/\/redsemlac.com\/semmexico\/wp-json\/wp\/v2\/users\/3"}],"replies":[{"embeddable":true,"href":"https:\/\/redsemlac.com\/semmexico\/wp-json\/wp\/v2\/comments?post=74534"}],"version-history":[{"count":0,"href":"https:\/\/redsemlac.com\/semmexico\/wp-json\/wp\/v2\/posts\/74534\/revisions"}],"wp:featuredmedia":[{"embeddable":true,"href":"https:\/\/redsemlac.com\/semmexico\/wp-json\/wp\/v2\/media\/74550"}],"wp:attachment":[{"href":"https:\/\/redsemlac.com\/semmexico\/wp-json\/wp\/v2\/media?parent=74534"}],"wp:term":[{"taxonomy":"category","embeddable":true,"href":"https:\/\/redsemlac.com\/semmexico\/wp-json\/wp\/v2\/categories?post=74534"},{"taxonomy":"post_tag","embeddable":true,"href":"https:\/\/redsemlac.com\/semmexico\/wp-json\/wp\/v2\/tags?post=74534"}],"curies":[{"name":"wp","href":"https:\/\/api.w.org\/{rel}","templated":true}]}}