{"id":74497,"date":"2023-11-25T18:10:46","date_gmt":"2023-11-26T00:10:46","guid":{"rendered":"https:\/\/redsemlac.com\/semmexico\/?p=74497"},"modified":"2023-11-25T18:10:47","modified_gmt":"2023-11-26T00:10:47","slug":"las-mujeres-vivimos-en-riesgo-permanente-en-veracruz","status":"publish","type":"post","link":"https:\/\/redsemlac.com\/semmexico\/las-mujeres-vivimos-en-riesgo-permanente-en-veracruz\/","title":{"rendered":"Las mujeres vivimos en riesgo permanente, en Veracruz"},"content":{"rendered":"\n<p class=\"wp-block-paragraph\">En el D\u00eda internacional de la eliminaci\u00f3n de la violencia contra las mujeres quienes integramos el Cap\u00edtulo Veracruz de la RED DE MUJERES DEFENSORAS DE LA PARIDAD EN TODO, hacemos el siguiente <strong>POSICIONAMIENTO<\/strong><\/p>\n\n\n\n<p class=\"wp-block-paragraph\">Staff<\/p>\n\n\n\n<p class=\"wp-block-paragraph\">SemM\u00e9xico, Veracruz, Ver., 25 de noviembre, 2023.- En Veracruz las mujeres vivimos en riesgo permanente, 53 feminicidios, 759 mujeres desaparecidas, y segundo lugar a nivel nacional en el Registro Nacional de Personas sancionadas por Violencia Pol\u00edtica contra las Mujeres en raz\u00f3n de g\u00e9nero, con 43 personas sancionadas.<\/p>\n\n\n\n<p class=\"wp-block-paragraph\">La igualdad sustantiva es un reclamo nacional, porque el Estado no ha sido capaz de garantizarnos una vida libre de violencia y el derecho a la justicia.<\/p>\n\n\n\n<p class=\"wp-block-paragraph\">En el inicio del proceso electoral exigimos a las autoridades garant\u00eda para que las mujeres que participen para un puesto de elecci\u00f3n lo hagan en un marco de respeto a sus derechos pol\u00edticos y electorales.<\/p>\n\n\n\n<p class=\"wp-block-paragraph\">La paridad es un principio constitucional que obliga a todos los poderes p\u00fablicos a implementar las acciones que les se\u00f1ala la ley y etiquetar los recursos necesarios para que las mujeres compitan en igualdad de condiciones con los hombres.<\/p>\n\n\n\n<p class=\"wp-block-paragraph\">Reconocemos que vivimos un hito hist\u00f3rico en materia pol\u00edtica. Por primera vez y gracias al principio de paridad, como acto de vindicaci\u00f3n y justicia, podr\u00eda ser electa una mujer como presidenta, as\u00ed como se contar\u00e1 con un mayor n\u00famero de gobernadoras en varias entidades federativas, senadoras, diputadas federales y locales, as\u00ed como alcaldesas. Parad\u00f3jicamente, a mayor participaci\u00f3n pol\u00edtica de las mujeres, se acrecientan los casos de violencia pol\u00edtica contra \u00e9stas.<\/p>\n\n\n\n<p class=\"wp-block-paragraph\">Pareciera que el patriarcado asume el revanchismo como su estandarte. Misoginia y machismo arraigados en las pr\u00e1cticas pol\u00edticas y el ensa\u00f1amiento contra mujeres que deciden ejercer sus derechos pol\u00edtico-electorales.<\/p>\n\n\n\n<p class=\"wp-block-paragraph\">La violencia pol\u00edtica contra las mujeres en raz\u00f3n de g\u00e9nero es un flagelo que demerita a las mujeres en el ejercicio de sus derechos pol\u00edticos y es un obst\u00e1culo para que ellas logren acceder a los puestos de toma de decisiones.<\/p>\n\n\n\n<p class=\"wp-block-paragraph\">La paridad en todo implica igualdad de condiciones para postularse en distritos competitivos, para obtener financiamiento de sus campa\u00f1as, para acceder a los tiempos de radio y televisi\u00f3n y para desarrollar sus campa\u00f1as libres de violencia.<\/p>\n\n\n\n<p class=\"wp-block-paragraph\">La democracia paritaria es fundamental para construir una sociedad equitativa donde todas y todos ejerzan sus derechos sin ning\u00fan tipo de discriminaci\u00f3n.<\/p>\n\n\n\n<p class=\"wp-block-paragraph\">Las mujeres no podemos permitir la vulneraci\u00f3n de nuestro derecho a participar en pol\u00edtica, nuestra aportaci\u00f3n a la vida p\u00fablica es fundamental para fortalecer nuestro sistema democr\u00e1tico.<\/p>\n\n\n\n<p class=\"wp-block-paragraph\">Por todo ello, la Red vigilar\u00e1 que la competencia electoral en Veracruz sea con apego irrestricto a la ley y estar\u00e1 atenta para que las condiciones igualitarias sean una realidad en este proceso electoral y exigir\u00e1 a todas las autoridades competentes a que se sancione a toda persona o ente pol\u00edtico o privado que violente los derechos de cualquier mujer y de cualquier partido.<\/p>\n\n\n\n<p class=\"wp-block-paragraph\">Estaremos observantes de que cada uno de los 8 partidos pol\u00edticos representados en la entidad y que firmaron en marzo pasado el Acuerdo Pluripartidista para el combate a la violencia contra las mujeres al que les convocamos en la presencia de las autoridades electorales que fueron testigas de honor de ese momento, sea cumplido. Ese Acuerdo les compromete a requerir a sus aspirantes que demuestren haber recibido capacitaci\u00f3n espec\u00edfica en la materia como una forma de dar un paso m\u00e1s adelante en un compromiso que nos obliga a todas y a todos a tomar acciones concretas frente a un fen\u00f3meno que asecha.<\/p>\n\n\n\n<p class=\"wp-block-paragraph\">De igual manera les decimos a cada uno de los institutos pol\u00edticos participantes del proceso electoral, que aunque en Veracruz no se han hecho las reformas necesarias para que la 3 de 3 estuviera armonizada, su aprobaci\u00f3n Constitucional obliga a que ni deudores alimentarios, ni acosadores sexuales ni violentadores sean postulados. Su responsabilidad p\u00fablica de no permitir que violentadores lleguen al poder estar\u00e1 puesta de manifiesto en esta contienda.<\/p>\n\n\n\n<p class=\"wp-block-paragraph\">En Veracruz hemos pr\u00e1cticamente perdido un sexenio en materia de pol\u00edticas p\u00fablicas para el fomento de la igualdad y el combate a la violencia contra las mujeres. Y desde aqu\u00ed les decimos a quienes aspiran a la gubernatura: las mujeres veracruzanas necesitamos conocer sus propuestas espec\u00edficas para recuperar el Instituto Veracruzano de las Mujeres como instancia encargada de la pol\u00edtica p\u00fablica, pero tambi\u00e9n requerimos de su compromiso claro en materia presupuestal, porque sin recursos todas las acciones emprendidas son superficiales y demag\u00f3gicas.<\/p>\n\n\n\n<p class=\"wp-block-paragraph\">Nosotras, las activistas, las colectivas, las acad\u00e9micas, las empresarias, las investigadoras trabajaremos en una agenda clara sobre lo que es prioridad de atender.<br>Ya no tenemos m\u00e1s tiempos que perder.<\/p>\n\n\n\n<p class=\"wp-block-paragraph\">Nos duele la ausencia de compromiso p\u00fablico con la gran causa de las mujeres, nos duele el uso pol\u00edtico de mujeres a las que se coloca en cargos p\u00fablicos para aparentar una equidad carente de incidencia p\u00fablica.<\/p>\n\n\n\n<p class=\"wp-block-paragraph\">Es urgente que la violencia no puede ser la \u00fanica forma de relacionarnos entre mujeres y hombres y que nuestra sociedad est\u00e1 llamada a reconocer los derechos de todas y de todos y que las autoridades deben protegerlos, respetarlos y garantizarlos.<\/p>\n\n\n\n<p class=\"wp-block-paragraph\">Paridad en lo p\u00fablico y en lo privado.<\/p>\n\n\n\n<p class=\"wp-block-paragraph\"><br>Paridad para gobernar.<\/p>\n\n\n\n<p class=\"wp-block-paragraph\">Paridad para cuidar. Paridad en Todo.<\/p>\n","protected":false},"excerpt":{"rendered":"<p>En el D\u00eda internacional de la eliminaci\u00f3n de la violencia contra las mujeres quienes integramos el Cap\u00edtulo Veracruz de la RED DE MUJERES DEFENSORAS DE LA PARIDAD EN TODO, hacemos el siguiente POSICIONAMIENTO<\/p>\n","protected":false},"author":3,"featured_media":74498,"comment_status":"open","ping_status":"open","sticky":false,"template":"","format":"standard","meta":{"_monsterinsights_skip_tracking":false,"footnotes":""},"categories":[745],"tags":[],"class_list":["post-74497","post","type-post","status-publish","format-standard","has-post-thumbnail","category-rumbo-al-25n"],"_links":{"self":[{"href":"https:\/\/redsemlac.com\/semmexico\/wp-json\/wp\/v2\/posts\/74497","targetHints":{"allow":["GET"]}}],"collection":[{"href":"https:\/\/redsemlac.com\/semmexico\/wp-json\/wp\/v2\/posts"}],"about":[{"href":"https:\/\/redsemlac.com\/semmexico\/wp-json\/wp\/v2\/types\/post"}],"author":[{"embeddable":true,"href":"https:\/\/redsemlac.com\/semmexico\/wp-json\/wp\/v2\/users\/3"}],"replies":[{"embeddable":true,"href":"https:\/\/redsemlac.com\/semmexico\/wp-json\/wp\/v2\/comments?post=74497"}],"version-history":[{"count":0,"href":"https:\/\/redsemlac.com\/semmexico\/wp-json\/wp\/v2\/posts\/74497\/revisions"}],"wp:featuredmedia":[{"embeddable":true,"href":"https:\/\/redsemlac.com\/semmexico\/wp-json\/wp\/v2\/media\/74498"}],"wp:attachment":[{"href":"https:\/\/redsemlac.com\/semmexico\/wp-json\/wp\/v2\/media?parent=74497"}],"wp:term":[{"taxonomy":"category","embeddable":true,"href":"https:\/\/redsemlac.com\/semmexico\/wp-json\/wp\/v2\/categories?post=74497"},{"taxonomy":"post_tag","embeddable":true,"href":"https:\/\/redsemlac.com\/semmexico\/wp-json\/wp\/v2\/tags?post=74497"}],"curies":[{"name":"wp","href":"https:\/\/api.w.org\/{rel}","templated":true}]}}