{"id":7445,"date":"2017-07-17T02:34:22","date_gmt":"2017-07-17T02:34:22","guid":{"rendered":"https:\/\/redsemlac.com\/semmexico\/?p=7445"},"modified":"2023-07-21T14:24:40","modified_gmt":"2023-07-21T19:24:40","slug":"no-hablen-por-mi","status":"publish","type":"post","link":"https:\/\/redsemlac.com\/semmexico\/no-hablen-por-mi\/","title":{"rendered":"No hablen por mi"},"content":{"rendered":"\n<p class=\"wp-block-paragraph\">Mi boca es un buz\u00f3n<\/p>\n\n\n\n<h5 class=\"wp-block-heading\"> Hacer periodismo con visi\u00f3n de g\u00e9nero es un nuevo est\u00e1ndar de calidad<\/h5>\n\n\n\n<p class=\"wp-block-paragraph\"><a href=\"https:\/\/semmexico.com\/gallery-post.php?id=2410#\">Norma Loto<\/a><\/p>\n\n\n\n<p class=\"wp-block-paragraph\">SemM\u00e9xico, 17 julio 2017.- \u201cMi abogado (\u2026) solicit\u00f3, en los \u00faltimos d\u00edas, que por favor se tratara el caso con perspectiva de derechos lo que implica, entre otras cosas, resguardar mi intimidad y preservarme, junto a mi entorno, de situaciones que me expongan a un proceso de revictimizaci\u00f3n\u201d. Este es un extracto de la carta que escribi\u00f3 a los medios la sobreviviente del ataque femicida ocurrido en Punta Lara el s\u00e1bado pasado.<br>La carta fue dirigida a algunos medios que difundieron detalles innecesarios acerca del hecho. De m\u00e1s est\u00e1 decir, que el mal tratamiento de los casos de violencia de g\u00e9nero en los medios de comunicaci\u00f3n es una constante en el periodismo. Sin embargo, indigna que siga sucediendo en este tiempo en que las buenas pr\u00e1cticas est\u00e1n al alcance de todos.<br>Sabemos que el tratamiento informativo no s\u00f3lo condiciona el encuadre de las noticias, sino que transmite tambi\u00e9n una determinada forma de entender por parte de las audiencias \u00bfQu\u00e9 aporta el amarillismo a la construcci\u00f3n de estas noticias?. Nada. Lo \u00fanico que hace el sensacionalismo es robustecer el ideario equivocado con el cual es digerida.<br>As\u00ed se instala la idea de que cada hecho de violencia machista se trata de cuerpos ensangrentados, cuando en realidad es una cuesti\u00f3n socio -cultural. As\u00ed se instala tambi\u00e9n que la soluci\u00f3n est\u00e1 en la justicia, haciendo de la sanci\u00f3n la f\u00f3rmula para un mundo mejor.&nbsp;<br>Siempre digo que hacer periodismo con visi\u00f3n de g\u00e9nero es pensar en implementar un nuevo est\u00e1ndar de calidad. Es decir que la noticia sea un servicio, que aporte a un cambio. El periodismo con visi\u00f3n de g\u00e9nero es pensar en el otro o la otra y por eso vale recordar que las malas construcciones de la noticia pueden redundar en ahondar el trauma de una sobreviviente.<br>Por eso no hablen por ellas. Detengan la rutina para pensar que la contextualizaci\u00f3n puede ser otra, es decir que se puede referir al problema de la violencia machista como una violaci\u00f3n a los derechos humanos, dejando de lado cu\u00e1nta sangre hab\u00eda esparcida por el suelo. Porque detr\u00e1s de cada hecho hay una persona y a la par de cada persona hay un derecho. Por eso, \u201cno hablen por m\u00ed\u201d.<\/p>\n","protected":false},"excerpt":{"rendered":"<p>Mi boca es un buz\u00f3n Hacer periodismo con visi\u00f3n de g\u00e9nero es un nuevo est\u00e1ndar de calidad Norma Loto SemM\u00e9xico, 17 julio 2017.- \u201cMi abogado (\u2026) solicit\u00f3, en los \u00faltimos d\u00edas, que por favor se tratara el caso con perspectiva de derechos lo que implica, entre otras cosas, resguardar mi intimidad y preservarme, junto a [&hellip;]<\/p>\n","protected":false},"author":3,"featured_media":7388,"comment_status":"open","ping_status":"open","sticky":false,"template":"","format":"standard","meta":{"_monsterinsights_skip_tracking":false,"footnotes":""},"categories":[687,87],"tags":[],"class_list":["post-7445","post","type-post","status-publish","format-standard","has-post-thumbnail","category-687","category-norma-loto"],"_links":{"self":[{"href":"https:\/\/redsemlac.com\/semmexico\/wp-json\/wp\/v2\/posts\/7445","targetHints":{"allow":["GET"]}}],"collection":[{"href":"https:\/\/redsemlac.com\/semmexico\/wp-json\/wp\/v2\/posts"}],"about":[{"href":"https:\/\/redsemlac.com\/semmexico\/wp-json\/wp\/v2\/types\/post"}],"author":[{"embeddable":true,"href":"https:\/\/redsemlac.com\/semmexico\/wp-json\/wp\/v2\/users\/3"}],"replies":[{"embeddable":true,"href":"https:\/\/redsemlac.com\/semmexico\/wp-json\/wp\/v2\/comments?post=7445"}],"version-history":[{"count":0,"href":"https:\/\/redsemlac.com\/semmexico\/wp-json\/wp\/v2\/posts\/7445\/revisions"}],"wp:featuredmedia":[{"embeddable":true,"href":"https:\/\/redsemlac.com\/semmexico\/wp-json\/wp\/v2\/media\/7388"}],"wp:attachment":[{"href":"https:\/\/redsemlac.com\/semmexico\/wp-json\/wp\/v2\/media?parent=7445"}],"wp:term":[{"taxonomy":"category","embeddable":true,"href":"https:\/\/redsemlac.com\/semmexico\/wp-json\/wp\/v2\/categories?post=7445"},{"taxonomy":"post_tag","embeddable":true,"href":"https:\/\/redsemlac.com\/semmexico\/wp-json\/wp\/v2\/tags?post=7445"}],"curies":[{"name":"wp","href":"https:\/\/api.w.org\/{rel}","templated":true}]}}