{"id":74301,"date":"2023-11-22T14:06:42","date_gmt":"2023-11-22T20:06:42","guid":{"rendered":"https:\/\/redsemlac.com\/semmexico\/?p=74301"},"modified":"2023-11-22T14:06:43","modified_gmt":"2023-11-22T20:06:43","slug":"por-negligencia-y-violar-el-debido-proceso-piden-destitucion-de-fiscal-general-de-aguascalientes","status":"publish","type":"post","link":"https:\/\/redsemlac.com\/semmexico\/por-negligencia-y-violar-el-debido-proceso-piden-destitucion-de-fiscal-general-de-aguascalientes\/","title":{"rendered":"Por negligencia y violar el debido proceso piden destituci\u00f3n de fiscal general de Aguascalientes"},"content":{"rendered":"\n<ul class=\"wp-block-list\">\n<li><strong>M\u00e1s que la justicia le interesan los reflectores, denuncia OVSG-AGS<\/strong><strong><\/strong><\/li>\n<\/ul>\n\n\n\n<p class=\"wp-block-paragraph\"><strong>Micaela M\u00e1rquez <\/strong><strong><\/strong><\/p>\n\n\n\n<p class=\"wp-block-paragraph\">SemM\u00e9xico, Ciudad de M\u00e9xico, 22 de noviembre, 2023.- Por negligencia, desconocimiento de protocolos de investigaci\u00f3n, vulnerar el debido proceso y mediatizar los casos de violencia como el reciente caso del magistrade Ociel Baena y Dorian Daniel localizados sin vida, el Observatorio de Violencia Social y de G\u00e9nero de Aguascalientes (OVSG-AGS) pide la inmediata destituci\u00f3n e inhabilitaci\u00f3n del fiscal general del Estado de Aguascalientes, Jes\u00fas Figueroa Ortega.<\/p>\n\n\n\n<p class=\"wp-block-paragraph\">Advierten en un pronunciamiento que no quer\u00edan pedir la destituci\u00f3n por el poco impacto que tendr\u00eda la llegada de otro u otra fiscal, pues identifican que la problem\u00e1tica es de fondo, y se relaciona con la complicada y tortuosa din\u00e1mica de trabajo y la marcada precarizaci\u00f3n que viven quienes laboran en la Fiscal\u00eda.<\/p>\n\n\n\n<p class=\"wp-block-paragraph\">Esta organizaci\u00f3n feminista que da acompa\u00f1amiento jur\u00eddico y social a mujeres v\u00edctimas de violencia en casos de feminicidio, violencia sexual y desapariciones, sostiene que sin embargo, la negligencia y profundo desconocimiento del Fiscal Jes\u00fas Figueroa Ortega, no s\u00f3lo en lo relativo a la responsabilidad con los derechos humanos de las v\u00edctimas directas e indirectas, sino tambi\u00e9n en lo relacionado a sus propios protocolos de investigaci\u00f3n, es imposible que alguien sostenga su cargo frente a la Fiscal\u00eda General del Estado.<\/p>\n\n\n\n<p class=\"wp-block-paragraph\">El Observatorio ha sido enf\u00e1tico durante toda la administraci\u00f3n del Fiscal sobre la urgencia de entablar un di\u00e1logo con las familias y de la correcta implementaci\u00f3n de los protocolos de investigaci\u00f3n.<\/p>\n\n\n\n<p class=\"wp-block-paragraph\">Al fiscal le expresan \u201cque no es la persona con el perfil necesario que d\u00e9 respuesta a la solicitud de la ciudadan\u00eda de actuar adecuadamente y combatir los delitos que vivimos&nbsp; a diario, los cuales, vulneran nuestra seguridad y nuestra vida\u201d.<\/p>\n\n\n\n<h2 class=\"wp-block-heading\"><strong>Hechos<\/strong><\/h2>\n\n\n\n<p class=\"wp-block-paragraph\">Mencionan algunos de los actos negligentes y revictimizantes en los que incurri\u00f3 en el \u00faltimo a\u00f1o.<\/p>\n\n\n\n<p class=\"wp-block-paragraph\">1.El pasado 24 de enero del 2023, fue localizada sin vida Cynthia Nataly de 38 a\u00f1os. El fiscal declaro que tenia los elementos para concluir que habr\u00eda sido suicidio, presento a la prensa informaci\u00f3n contenida a la carpeta sin haberla presentado primeo a la familia, violentando el debido proceso y sus propios protocolos. A casi ocho meses, las autoridades siguen sin concluir la integraci\u00f3n de la carpeta, y sin poder explicar el motivo de sus declaraciones medi\u00e1ticas y el por qu\u00e9 se concluir\u00eda como \u201csuicidio\u00bb y no como feminicidio.<\/p>\n\n\n\n<p class=\"wp-block-paragraph\">2.El pasado seis de noviembre, en Pabell\u00f3n de Arteaga, Aguascalientes, un hombre identificado como Luis \u201cN\u00bb, le prendi\u00f3 fuego a Nidia Adame de 33 a\u00f1os de edad, misma que muri\u00f3 el martes 7 de noviembre producto de las quemaduras. Posteriormente, el Fiscal General del Estado se\u00f1al\u00f3 durante una rueda de prensa, que Nidia hab\u00eda presentado una denuncia en agosto de este mismo a\u00f1o, pero no encontraron elementos que ameritaran la implementaci\u00f3n de medidas de protecci\u00f3n para ella y sus hijos, sosteniendo la Fiscal\u00eda esta postura con informaci\u00f3n personal sobre la vida de Nidia. Dichas declaraciones fueron realizadas sin haber tenido contacto previo con la familia, medi\u00e1ticamente estigmatiz\u00e1ndola y revictimiz\u00e1ndola a Nidia y a su familia.<\/p>\n\n\n\n<p class=\"wp-block-paragraph\">3.El pasado 12 de noviembre, apenas unas horas despu\u00e9s de la localizaci\u00f3n sin vida de Ociel Baena y Dorian Daniel, la Fiscal\u00eda realiz\u00f3 las primeras declaraciones p\u00fablicas, divulgando informaci\u00f3n sensible, personal y confidencial de las v\u00edctimas contenida en la carpeta de investigaci\u00f3n que se empezaba a integrar.<\/p>\n\n\n\n<p class=\"wp-block-paragraph\">Sin di\u00e1logo, sin apertura con las familias y las v\u00edctimas, adem\u00e1s, volviendo su ejercicio un espect\u00e1culo medi\u00e1tico, el comportamiento del fiscal es una autoridad de papel que&nbsp; nos llena como sociedad de indignaci\u00f3n, desesperanza y de una profunda sensaci\u00f3n de indefensi\u00f3n.<\/p>\n","protected":false},"excerpt":{"rendered":"<p>M\u00e1s que la justicia le interesan los reflectores, denuncia OVSG-AGS<\/p>\n","protected":false},"author":3,"featured_media":74302,"comment_status":"open","ping_status":"open","sticky":false,"template":"","format":"standard","meta":{"_monsterinsights_skip_tracking":false,"footnotes":""},"categories":[700],"tags":[],"class_list":["post-74301","post","type-post","status-publish","format-standard","has-post-thumbnail","category-estados"],"_links":{"self":[{"href":"https:\/\/redsemlac.com\/semmexico\/wp-json\/wp\/v2\/posts\/74301","targetHints":{"allow":["GET"]}}],"collection":[{"href":"https:\/\/redsemlac.com\/semmexico\/wp-json\/wp\/v2\/posts"}],"about":[{"href":"https:\/\/redsemlac.com\/semmexico\/wp-json\/wp\/v2\/types\/post"}],"author":[{"embeddable":true,"href":"https:\/\/redsemlac.com\/semmexico\/wp-json\/wp\/v2\/users\/3"}],"replies":[{"embeddable":true,"href":"https:\/\/redsemlac.com\/semmexico\/wp-json\/wp\/v2\/comments?post=74301"}],"version-history":[{"count":0,"href":"https:\/\/redsemlac.com\/semmexico\/wp-json\/wp\/v2\/posts\/74301\/revisions"}],"wp:featuredmedia":[{"embeddable":true,"href":"https:\/\/redsemlac.com\/semmexico\/wp-json\/wp\/v2\/media\/74302"}],"wp:attachment":[{"href":"https:\/\/redsemlac.com\/semmexico\/wp-json\/wp\/v2\/media?parent=74301"}],"wp:term":[{"taxonomy":"category","embeddable":true,"href":"https:\/\/redsemlac.com\/semmexico\/wp-json\/wp\/v2\/categories?post=74301"},{"taxonomy":"post_tag","embeddable":true,"href":"https:\/\/redsemlac.com\/semmexico\/wp-json\/wp\/v2\/tags?post=74301"}],"curies":[{"name":"wp","href":"https:\/\/api.w.org\/{rel}","templated":true}]}}