{"id":74263,"date":"2023-11-21T13:49:35","date_gmt":"2023-11-21T19:49:35","guid":{"rendered":"https:\/\/redsemlac.com\/semmexico\/?p=74263"},"modified":"2023-11-21T13:49:35","modified_gmt":"2023-11-21T19:49:35","slug":"secretaria-de-salud-debe-informar-sobre-casos-de-violencia-obstetrica-en-hospitales-inai","status":"publish","type":"post","link":"https:\/\/redsemlac.com\/semmexico\/secretaria-de-salud-debe-informar-sobre-casos-de-violencia-obstetrica-en-hospitales-inai\/","title":{"rendered":"Secretar\u00eda de Salud debe informar sobre casos de violencia obst\u00e9trica en hospitales: INAI"},"content":{"rendered":"\n<ul class=\"wp-block-list\">\n<li><strong>La violencia obst\u00e9trica se ha normalizado, afectando a miles de mujeres; visibilizarla y describirla es indispensable para erradicarla, afirm\u00f3 la Comisionada Presidenta, Blanca Lilia Ibarra Cadena<\/strong><\/li>\n<\/ul>\n\n\n\n<ul class=\"wp-block-list\">\n<li><strong>\u201cLa transparencia y el derecho a la informaci\u00f3n son herramientas poderosas para actualizar la agenda de los derechos de las mujeres en M\u00e9xico\u201d, puntualiz\u00f3 ante el Pleno del INAI<\/strong><\/li>\n<\/ul>\n\n\n\n<p class=\"wp-block-paragraph\"><strong>Redacci\u00f3n<\/strong><\/p>\n\n\n\n<p class=\"wp-block-paragraph\">SemM\u00e9xico, Ciudad de M\u00e9xico, 21 de noviembre, 2023.- El Instituto Nacional de Transparencia, Acceso a la Informaci\u00f3n y Protecci\u00f3n de Datos Personales (INAI) instruy\u00f3 a la Secretar\u00eda de Salud publicar los laudos entregados por la Comisi\u00f3n Nacional de Arbitraje M\u00e9dico (Conamed) en los que se confirm\u00f3 que se ejerci\u00f3 violencia obst\u00e9trica contra las mujeres, as\u00ed como el n\u00famero de sentencias en donde se ha condenado a alg\u00fan m\u00e9dico (servidor p\u00fablico) u hospital por ejercer dicho tipo de violencia.<\/p>\n\n\n\n<p class=\"wp-block-paragraph\">La violencia obst\u00e9trica en M\u00e9xico se ha normalizado, afectando a tres de cada diez mujeres, de acuerdo con estad\u00edsticas del Inegi; visibilizarla y describirla es indispensable para erradicarla, subray\u00f3 la Comisionada Presidenta del INAI, Blanca Lilia Ibarra Cadena.<\/p>\n\n\n\n<p class=\"wp-block-paragraph\">\u201cFrente a este contexto, la transparencia y el derecho a la informaci\u00f3n son herramientas poderosas para actualizar la agenda de los derechos de las mujeres en M\u00e9xico y representan un punto de partida para construir una sociedad m\u00e1s respetuosa de sus derechos, tan fundamentales como lo es la vida y la dignidad humana\u201d, expres\u00f3 Ibarra Cadena, al exponer el caso ante el Pleno.<\/p>\n\n\n\n<p class=\"wp-block-paragraph\">Resalt\u00f3 que la Relator\u00eda Especial sobre la Violencia contra la Mujer de las Naciones Unidas, la Corte Interamericana de Derechos Humanos y la Comisi\u00f3n Nacional de Derechos Humanos, han identificado, alertado y se\u00f1alado diversos casos de violencia obst\u00e9trica en M\u00e9xico y otros pa\u00edses, donde las mujeres han sido blanco de \u00e9sta durante el parto o la pr\u00e1ctica de una ces\u00e1rea.<\/p>\n\n\n\n<p class=\"wp-block-paragraph\">\u201cLa violencia obst\u00e9trica abarca pr\u00e1cticas y conductas violentas o no consensuadas durante el embarazo, parto y posparto, que van desde realizarse ces\u00e1reas sin informaci\u00f3n, presionar para colocar dispositivos anticonceptivos, intervenciones dolorosas sin analg\u00e9sicos, obligar a dar a luz en una determinada posici\u00f3n y hasta el medicar de forma excesiva o innecesaria a las pacientes.<\/p>\n\n\n\n<p class=\"wp-block-paragraph\">Pero tambi\u00e9n puede ser psicol\u00f3gica, por ejemplo, dar al paciente un tipo de trato infantil, paternalista, autoritario, despectivo o despersonalizado, lo cual puede reproducir prejuicios tambi\u00e9n patriarcales\u201d.<\/p>\n\n\n\n<p class=\"wp-block-paragraph\">Al respecto, un particular solicit\u00f3 a la Secretar\u00eda de Salud la estad\u00edstica, por a\u00f1o, del n\u00famero de pacientes que sufrieron violencia obst\u00e9trica en todos sus hospitales, precisando los par\u00e1metros que los llev\u00f3 a concluir esta situaci\u00f3n, as\u00ed como la versi\u00f3n p\u00fablica de los laudos entregados por la Conamed en los que se determin\u00f3 que se cometi\u00f3 violencia obst\u00e9trica, y el n\u00famero de sentencias donde se conden\u00f3 a un m\u00e9dico de sus hospitales o al hospital por ejercer violencia obst\u00e9trica en contra de sus pacientes.<\/p>\n\n\n\n<p class=\"wp-block-paragraph\">En respuesta, el sujeto obligado se declar\u00f3 incompetente para conocer lo requerido y sugiri\u00f3 dirigir la solicitud a la Conamed, lo cual caus\u00f3 la inconformidad de la persona solicitante, que acudi\u00f3 ante el INAI para interponer un recurso de revisi\u00f3n.<\/p>\n\n\n\n<p class=\"wp-block-paragraph\">En el an\u00e1lisis del caso, a cargo de la Ponencia de la Comisionada Presidenta, Blanca Lilia Ibarra Cadena, se realiz\u00f3 un an\u00e1lisis de la Gu\u00eda de Intercambio de Informaci\u00f3n en Salud, de la cual se desprende que el Subsistema de Lesiones y Causas de Violencia, que administra la Secretar\u00eda de Salud, no registra los casos de violencia obst\u00e9trica, por lo que se sobresey\u00f3 parcialmente el recurso de revisi\u00f3n.<\/p>\n\n\n\n<p class=\"wp-block-paragraph\">Sin embargo, tambi\u00e9n se constat\u00f3 que la Conamed emite informaci\u00f3n estad\u00edstica que incluye las quejas en contra de hospitales federales de la Secretar\u00eda de Salud, para el periodo del uno de enero al 31 de diciembre de 2022, lo cual evidencia que el sujeto obligado s\u00ed posee atribuciones para conocer de lo requerido.<\/p>\n\n\n\n<p class=\"wp-block-paragraph\">Cabe se\u00f1alar que, la Norma Oficial Mexicana NOM-007-SSA2-2016 se\u00f1ala que la mayor\u00eda de los da\u00f1os obst\u00e9tricos y los riesgos para la salud de la madre y la persona reci\u00e9n nacida, pueden ser prevenidos, detectados y tratados con \u00e9xito mediante la aplicaci\u00f3n de procedimientos para la atenci\u00f3n entre los que figuran el uso del enfoque de riesgo y la realizaci\u00f3n de actividades eminentemente preventivas.<\/p>\n\n\n\n<p class=\"wp-block-paragraph\">De esta forma, por unanimidad, el Pleno del INAI sobresey\u00f3 parcialmente el recurso de revisi\u00f3n en lo que respecta a la solicitud de las estad\u00edsticas sobre el n\u00famero de pacientes que padecieron violencia obst\u00e9trica, pero revoc\u00f3 la respuesta del sujeto obligado y le orden\u00f3 entregar todos los laudos en lo que se confirm\u00f3 que se ha cometido violencia obst\u00e9trica, as\u00ed como la cantidad de sentencias en donde se ha condenado a m\u00e9dico de los hospitales de la Secretar\u00eda de Salud por ejercer violencia obst\u00e9trica.<\/p>\n","protected":false},"excerpt":{"rendered":"<p>La violencia obst\u00e9trica se ha normalizado, afectando a miles de mujeres; visibilizarla y describirla es indispensable para erradicarla<\/p>\n","protected":false},"author":3,"featured_media":74264,"comment_status":"open","ping_status":"open","sticky":false,"template":"","format":"standard","meta":{"_monsterinsights_skip_tracking":false,"footnotes":""},"categories":[48],"tags":[],"class_list":["post-74263","post","type-post","status-publish","format-standard","has-post-thumbnail","category-no-mas-impunidad-no-mas-impunidad"],"_links":{"self":[{"href":"https:\/\/redsemlac.com\/semmexico\/wp-json\/wp\/v2\/posts\/74263","targetHints":{"allow":["GET"]}}],"collection":[{"href":"https:\/\/redsemlac.com\/semmexico\/wp-json\/wp\/v2\/posts"}],"about":[{"href":"https:\/\/redsemlac.com\/semmexico\/wp-json\/wp\/v2\/types\/post"}],"author":[{"embeddable":true,"href":"https:\/\/redsemlac.com\/semmexico\/wp-json\/wp\/v2\/users\/3"}],"replies":[{"embeddable":true,"href":"https:\/\/redsemlac.com\/semmexico\/wp-json\/wp\/v2\/comments?post=74263"}],"version-history":[{"count":0,"href":"https:\/\/redsemlac.com\/semmexico\/wp-json\/wp\/v2\/posts\/74263\/revisions"}],"wp:featuredmedia":[{"embeddable":true,"href":"https:\/\/redsemlac.com\/semmexico\/wp-json\/wp\/v2\/media\/74264"}],"wp:attachment":[{"href":"https:\/\/redsemlac.com\/semmexico\/wp-json\/wp\/v2\/media?parent=74263"}],"wp:term":[{"taxonomy":"category","embeddable":true,"href":"https:\/\/redsemlac.com\/semmexico\/wp-json\/wp\/v2\/categories?post=74263"},{"taxonomy":"post_tag","embeddable":true,"href":"https:\/\/redsemlac.com\/semmexico\/wp-json\/wp\/v2\/tags?post=74263"}],"curies":[{"name":"wp","href":"https:\/\/api.w.org\/{rel}","templated":true}]}}