{"id":74225,"date":"2023-11-21T10:12:47","date_gmt":"2023-11-21T16:12:47","guid":{"rendered":"https:\/\/redsemlac.com\/semmexico\/?p=74225"},"modified":"2023-11-21T10:12:47","modified_gmt":"2023-11-21T16:12:47","slug":"natalia-bolivar-arostegui-un-hasta-pronto-a-la-bruja-mayor","status":"publish","type":"post","link":"https:\/\/redsemlac.com\/semmexico\/natalia-bolivar-arostegui-un-hasta-pronto-a-la-bruja-mayor\/","title":{"rendered":"Natalia Bol\u00edvar Ar\u00f3stegui, un hasta pronto a la\u00a0\u201cbruja mayor\u201d"},"content":{"rendered":"\n<p class=\"wp-block-paragraph\"><strong>Dixie Edith*<\/strong><\/p>\n\n\n\n<p class=\"wp-block-paragraph\">SemM\u00e9xico\/Semlac, La Habana, Cuba, 21 de noviembre, 2023.- \u00abHe tenido heridas abiertas, pero aun siendo mujer flot\u00e9, sobreviv\u00ed a todos los embates\u00bb, dijo Natalia Bol\u00edvar Ar\u00f3stegui a SEMlac, hace m\u00e1s de una d\u00e9cada. Ante la noticia de su partida f\u00edsica este domingo 19 de noviembre, a los 89 a\u00f1os, su capacidad de resistir e insistir queda como lecci\u00f3n y homenaje.<\/p>\n\n\n\n<p class=\"wp-block-paragraph\">Escritora, etn\u00f3loga y antrop\u00f3loga, descendiente de duquesas y libertadores, naci\u00f3 el 16 de septiembre de 1934 en La Habana, en una familia que muy pronto le qued\u00f3 peque\u00f1a, ante el descubrimiento de sus ra\u00edces e identidad.<\/p>\n\n\n\n<p class=\"wp-block-paragraph\"><br>\u00abMi padre, Arturo Bol\u00edvar, militar de carrera, proviene de una familia descendiente del Libertador Sim\u00f3n Bol\u00edvar, que se estableci\u00f3 en Santiago de Cuba en el siglo XVIII. Por parte de mi madre, los Ar\u00f3stegui estamos emparentados con la Gran Duquesa de Luxemburgo\u00bb, confes\u00f3 en 2010 en la entrevista \u00abCubana hasta en los gestos\u00bb, publicada en el libro <em>En primera persona<\/em>.<\/p>\n\n\n\n<p class=\"wp-block-paragraph\"><br>\u00abPuedo reunir ducados, reinados y barrios marginales, pero creo que el hecho de ser cubana me hace cargar con mi identidad en todo el cuerpo y hasta en mis gestos\u00bb, agreg\u00f3 en aquella s\u00edntesis de muchas conversaciones con la colega y corresponsal de SEMlac&nbsp;<a href=\"https:\/\/www.redsemlac-cuba.net\/redsemlac\/sociedad-y-cultura\/mariana-ramirez-corria-una-mujer-que-derroto-al-tiempo\/\" target=\"_blank\" rel=\"noreferrer noopener\">Mariana Ram\u00edrez Corr\u00eda<\/a>, quien fuera una de sus grandes amigas.<\/p>\n\n\n\n<p class=\"wp-block-paragraph\">Acuciosa investigadora de las religiones afrocubanas, su vida no trascurri\u00f3 solo entre libros. Estudi\u00f3 pintura en la escuela San Alejandro, Filosof\u00eda y Letras en la Universidad de La Habana, y con Lydia Cabrera y Fernando Ortiz se adentr\u00f3 en la etnolog\u00eda y el folclor.<br>Pero tambi\u00e9n incursion\u00f3 en el arte chino, la egiptolog\u00eda, el arte cubano y la arqueolog\u00eda, con tanta dedicaci\u00f3n que, por sus&nbsp; aportes a la cultura universal, mereci\u00f3 la Orden Isabel La Cat\u00f3lica.<\/p>\n\n\n\n<p class=\"wp-block-paragraph\">En paralelo, se sum\u00f3 a la lucha clandestina contra la dictadura de Fulgencio Batista, en la d\u00e9cada del cincuenta del siglo pasado, como parte del Directorio Revolucionario 13 de Marzo.<\/p>\n\n\n\n<p class=\"wp-block-paragraph\">M\u00e1s tarde, ya bien entrada la segunda mitad del siglo XX, fue directora del Museo Nacional de Bellas Artes, particip\u00f3 en la creaci\u00f3n y direcci\u00f3n de los Museos Napole\u00f3nico, de Artes Decorativas y Numism\u00e1tico, y del Banco Nacional de Cuba.<\/p>\n\n\n\n<p class=\"wp-block-paragraph\">Entre lo mucho que escribi\u00f3, destacan los vol\u00famenes&nbsp;<em>Los Orishas en Cuba<\/em>&nbsp;(1990),&nbsp;<em>La Muerte es principio, no fin. Quint\u00edn Banderas<\/em>&nbsp;(con Natalia del R\u00edo);&nbsp;<em>Itat\u00fa: la muerte en los mitos y rituales afrocubanos<\/em>;&nbsp;<em>Mitos y leyendas de la comida afrocubana<\/em>&nbsp;y los folletos \u00abOpolo Ow\u00f3: los sistemas adivinatorios de la Regla de Ocha\u00bb; \u00abOrishas, Egguns, Nkisis, Nfumbes y su posesi\u00f3n de la pintura cubana\u00bb; \u00abLos perros y los Orishas\u00bb; \u00abOrula en el deambular por las antiguas civilizaciones\u00bb y \u00abTributo necesario a Lydia Cabrera y sus egguas\u00bb, entre otras creaciones.<\/p>\n\n\n\n<p class=\"wp-block-paragraph\"><br>\u00abSus aportes a la investigaci\u00f3n de las ra\u00edces africanas y su influjo en la cultura y la historia nacional quedar\u00e1n como un legado imprescindible para las presentes y futuras generaciones\u00bb, se\u00f1al\u00f3 en su perfil de Facebook el Proyecto Palomas.<br>\u00abA ella le debemos todos los conocimientos acerca del arte y la religi\u00f3n afrocubana. Natalia. Una gran tristeza invade a nuestra familia. Natalia! \u00a1por siempre estar\u00e1 en nuestros corazones!\u00bb, public\u00f3 en sus redes sociales el grupo musical cubano S\u00edntesis.<br>\u00abSe ha ido la mujer extraordinaria, consecuente, digna y admirada.<\/p>\n\n\n\n<p class=\"wp-block-paragraph\">Uno de mis mayores goces fue conocerla, escuchar sus miles de an\u00e9cdotas, conocer su fe y entender la val\u00eda de su obra. Maferefun la Osha, maferefun Oludmare, maferefun siempre \u00a1Maestra! \u00a1Mujer inmensa! Se ha ido Natalia Bol\u00edvar, `la bruja mayor\u00b4. Qu\u00e9 tu luz nos ilumine. \u00a1Brindo por ti y desde hoy te moyubbo cada d\u00eda!\u00bb, la despidi\u00f3, por su parte, la periodista Jarocha Reyes Vega.<\/p>\n\n\n\n<p class=\"wp-block-paragraph\">*<a href=\"mailto:dixiedith@gmail.com\"><em>dixiedith@gmail.com<\/em><\/a><\/p>\n","protected":false},"excerpt":{"rendered":"<p>Escritora, etn\u00f3loga y antrop\u00f3loga, descendiente de duquesas y libertadores, naci\u00f3 el 16 de septiembre de 1934 en La Habana, en una familia que muy pronto le qued\u00f3 peque\u00f1a, ante el descubrimiento de sus ra\u00edces e identidad.<\/p>\n","protected":false},"author":3,"featured_media":74226,"comment_status":"open","ping_status":"open","sticky":false,"template":"","format":"standard","meta":{"_monsterinsights_skip_tracking":false,"footnotes":""},"categories":[53],"tags":[],"class_list":["post-74225","post","type-post","status-publish","format-standard","has-post-thumbnail","category-internacional"],"_links":{"self":[{"href":"https:\/\/redsemlac.com\/semmexico\/wp-json\/wp\/v2\/posts\/74225","targetHints":{"allow":["GET"]}}],"collection":[{"href":"https:\/\/redsemlac.com\/semmexico\/wp-json\/wp\/v2\/posts"}],"about":[{"href":"https:\/\/redsemlac.com\/semmexico\/wp-json\/wp\/v2\/types\/post"}],"author":[{"embeddable":true,"href":"https:\/\/redsemlac.com\/semmexico\/wp-json\/wp\/v2\/users\/3"}],"replies":[{"embeddable":true,"href":"https:\/\/redsemlac.com\/semmexico\/wp-json\/wp\/v2\/comments?post=74225"}],"version-history":[{"count":0,"href":"https:\/\/redsemlac.com\/semmexico\/wp-json\/wp\/v2\/posts\/74225\/revisions"}],"wp:featuredmedia":[{"embeddable":true,"href":"https:\/\/redsemlac.com\/semmexico\/wp-json\/wp\/v2\/media\/74226"}],"wp:attachment":[{"href":"https:\/\/redsemlac.com\/semmexico\/wp-json\/wp\/v2\/media?parent=74225"}],"wp:term":[{"taxonomy":"category","embeddable":true,"href":"https:\/\/redsemlac.com\/semmexico\/wp-json\/wp\/v2\/categories?post=74225"},{"taxonomy":"post_tag","embeddable":true,"href":"https:\/\/redsemlac.com\/semmexico\/wp-json\/wp\/v2\/tags?post=74225"}],"curies":[{"name":"wp","href":"https:\/\/api.w.org\/{rel}","templated":true}]}}