{"id":74221,"date":"2023-11-21T10:10:28","date_gmt":"2023-11-21T16:10:28","guid":{"rendered":"https:\/\/redsemlac.com\/semmexico\/?p=74221"},"modified":"2023-11-21T10:10:29","modified_gmt":"2023-11-21T16:10:29","slug":"cuba-voces-de-mujeres-rurales-en-el-centro-de-la-comunicacion","status":"publish","type":"post","link":"https:\/\/redsemlac.com\/semmexico\/cuba-voces-de-mujeres-rurales-en-el-centro-de-la-comunicacion\/","title":{"rendered":"Cuba: Voces de mujeres rurales en el centro de la comunicaci\u00f3n"},"content":{"rendered":"\n<p class=\"wp-block-paragraph\"><strong><em>&nbsp;Lirians Gordillo Pi\u00f1a*<\/em><\/strong><\/p>\n\n\n\n<p class=\"wp-block-paragraph\">SemM\u00e9xico\/Semlac, La Habana, Cuba, 21 de &nbsp;noviembre. 2023.- &nbsp;Productos comunicativos apuestan por contar los desaf\u00edos, avances, sue\u00f1os y problem\u00e1ticas de mujeres rurales cubanas desde sus propias voces.<\/p>\n\n\n\n<p class=\"wp-block-paragraph\"><br>\u00abRepresentar a las mujeres del campo es algo excepcional para nosotras\u00bb, afirma Dagmariz Garc\u00eda, una de las protagonistas del libro&nbsp;<em>La cosecha de la persistencia. Historias de mujeres rurales que se cruzan con la intercooperaci\u00f3n agropecuaria<\/em>.<\/p>\n\n\n\n<p class=\"wp-block-paragraph\"><br>El volumen recoge testimonios e hitos de la Estrategia de G\u00e9nero del proyecto \u00abApoyo a un proceso de creaci\u00f3n de capacidades y condiciones para alcanzar a mediano plazo formas superiores de gesti\u00f3n cooperativa en el sector agropecuario en Cuba\u00bb (Apocoop), que coordinan la Asociaci\u00f3n Nacional de Agricultores Peque\u00f1os (Anap), con el acompa\u00f1amiento de Oxfam en Cuba y de la Agencia Suiza para el Desarrollo y la Cooperaci\u00f3n (Cosude).<\/p>\n\n\n\n<p class=\"wp-block-paragraph\"><br><em>La cosecha de la persistencia<\/em>&nbsp;se present\u00f3 el pasado 16 de noviembre en La Habana, como parte del cierre del taller \u00abCosechas de igualdad de g\u00e9nero, cultivando el bienestar\u00bb, del proyecto Apocoop.<\/p>\n\n\n\n<p class=\"wp-block-paragraph\"><br>El encuentro, celebrado en La Habana del 14 al 16 de noviembre, reuni\u00f3 a cooperativistas de cuatro provincias cubanas &#8211;Guant\u00e1namo, Las Tunas, Sancti Sp\u00edritus y Artemisa&#8211;, con el objetivo de hacer balance de la Estrategia de G\u00e9nero del proyecto que se implementa en esos territorios desde 2020.<\/p>\n\n\n\n<p class=\"wp-block-paragraph\"><br>Otras voces de cubanas del campo tambi\u00e9n llegaron al espacio con la presentaci\u00f3n de la monograf\u00eda&nbsp; <em>Mujeres rurales, m\u00e1s all\u00e1 del surco<\/em>, , de SEMlac Cuba. Este material re\u00fane trabajos period\u00edsticos con informaci\u00f3n actualizada, voces acad\u00e9micas y mujeres rurales.<br>Entre las caracter\u00edsticas del material sobresalen la colaboraci\u00f3n y alianzas entre las periodistas participantes, la diversidad de voces e im\u00e1genes que se incluyen, el destaque de la resiliencia y fortaleza femeninas, adem\u00e1s de una visi\u00f3n que supera la mirada capitalina.<\/p>\n\n\n\n<p class=\"wp-block-paragraph\"><br>\u00abLas voces que realmente importan son las que aqu\u00ed est\u00e1n reflejadas\u00bb, resalt\u00f3 la periodista Legna Mar\u00eda Caballero P\u00e9rez, al referirse a las testimoniantes como centro de los trabajos.<br>En el encuentro se dieron a conocer otros tres materiales que comparten herramientas, aprendizajes y recursos para la formaci\u00f3n y los procesos de transformaci\u00f3n en entornos rurales y comunitarios.<\/p>\n\n\n\n<p class=\"wp-block-paragraph\"><br>La carpeta \u00ab<em>Juntas. Liderazgo transformador de las mujeres. Apuestas y aprendizajes. 2023&#8243;,<\/em> compendia ejercicios para la formaci\u00f3n y sensibilizaci\u00f3n desde una perspectiva feminista y de la educaci\u00f3n popular, adem\u00e1s de una sistematizaci\u00f3n de aprendizajes que arrojan procesos de transformaci\u00f3n en \u00e1mbitos rurales.<\/p>\n\n\n\n<p class=\"wp-block-paragraph\"><br>Temas como autonom\u00eda, autoestima, derechos, cuidados, violencias machistas y el liderazgo transformador de las mujeres aparecen desde una mirada l\u00fadica y pr\u00e1ctica. Los materiales ponen \u00e9nfasis en el dise\u00f1o y la creatividad, como un aporte desde la comunicaci\u00f3n a procesos de transformaci\u00f3n individual y colectiva.<\/p>\n\n\n\n<p class=\"wp-block-paragraph\"><br>\u00abEste es un regalo maravilloso para todas las mujeres que hoy queremos seguir haciendo un trabajo de sensibilizaci\u00f3n en g\u00e9nero. Este material nos da las herramientas para conducir un espacio de sensibilizaci\u00f3n en equidad de g\u00e9nero, algo que se nos hace tan dif\u00edcil en las zonas rurales\u00bb, comparti\u00f3 Yunelkis Rivero Mayedo, productora en la provincia Camag\u00fcey, a 490 kil\u00f3metros de La Habana.<\/p>\n\n\n\n<p class=\"wp-block-paragraph\"><br>Por su parte, \u00abRutas metodol\u00f3gicas para la gesti\u00f3n de iniciativas econ\u00f3micas\u00bb y \u00abLista de chequeo para el an\u00e1lisis de la transversalizaci\u00f3n del enfoque de g\u00e9nero en la toma de decisiones\u00bb ofrecen recursos pr\u00e1cticos para la implementaci\u00f3n de proyectos.<br>Aliek M\u00e9ndez Bord\u00f3n, integrante del colectivo de autores, dijo al p\u00fablico que \u00abeste material servir\u00e1 de apoyo para el an\u00e1lisis y toma de decisiones, ya que se reconoce que muchas desigualdades existentes se producen o agravan por la insuficiente acci\u00f3n de quienes, desde la conducci\u00f3n, direcci\u00f3n o gobernanza, deben tomar decisiones y no siempre cuentan con herramientas o posturas para hacerlo de forma asertiva, equitativa y justa\u00bb.<\/p>\n\n\n\n<p class=\"wp-block-paragraph\"><br>Tamara Columbi\u00e9 Matos, funcionaria de la Federaci\u00f3n de Mujeres Cubanas (FMC), destac\u00f3 la utilidad de las historias publicadas para el trabajo de las organizaciones e instituciones cubanas.<\/p>\n\n\n\n<p class=\"wp-block-paragraph\"><br>\u00abLes aseguro que las experiencias aqu\u00ed contenidas y los resultados de estos intercambios ser\u00e1n valiosos insumos para el tratamiento que tendr\u00e1n estos asuntos en nuestro pr\u00f3ximo Congreso nacional, que se celebrar\u00e1 en marzo de 2024\u00bb, dijo Columbi\u00e9 Matos.<\/p>\n\n\n\n<p class=\"wp-block-paragraph\"><br>La comunicaci\u00f3n como herramienta y \u00e1mbito de la transformaci\u00f3n social fue una idea recurrente en el encuentro, por la capacidad de los productos comunicativos de dar a conocer experiencias y aprendizajes; a la vez que siguen mostrando las resistencias y obst\u00e1culos que encuentran quienes trabajan a favor de la equidad de g\u00e9nero en la naci\u00f3n del Caribe.<\/p>\n\n\n\n<p class=\"wp-block-paragraph\"><br>\u00abLes agradezco a todas las mujeres que se sumaron a estos procesos de cambios individuales y colectivos, pues han protagonizado una transformaci\u00f3n con liberaci\u00f3n, que da la oportunidad de empujar y aportar a din\u00e1micas m\u00e1s igualitarias e inclusivas\u00bb, subray\u00f3 Elena Gentili, directora de Oxfam en Cuba.<\/p>\n\n\n\n<p class=\"wp-block-paragraph\"><br><strong><em>*<\/em><\/strong><a href=\"mailto:liriansgp@gmail.com\"><em>liriansgp@gmail.com<\/em><\/a><br><br><\/p>\n","protected":false},"excerpt":{"rendered":"<p>Productos comunicativos apuestan por contar los desaf\u00edos, avances, sue\u00f1os y problem\u00e1ticas de mujeres rurales cubanas desde sus propias voces.<\/p>\n","protected":false},"author":3,"featured_media":74223,"comment_status":"open","ping_status":"open","sticky":false,"template":"","format":"standard","meta":{"_monsterinsights_skip_tracking":false,"footnotes":""},"categories":[694,53],"tags":[],"class_list":["post-74221","post","type-post","status-publish","format-standard","has-post-thumbnail","category-destacadas","category-internacional"],"_links":{"self":[{"href":"https:\/\/redsemlac.com\/semmexico\/wp-json\/wp\/v2\/posts\/74221","targetHints":{"allow":["GET"]}}],"collection":[{"href":"https:\/\/redsemlac.com\/semmexico\/wp-json\/wp\/v2\/posts"}],"about":[{"href":"https:\/\/redsemlac.com\/semmexico\/wp-json\/wp\/v2\/types\/post"}],"author":[{"embeddable":true,"href":"https:\/\/redsemlac.com\/semmexico\/wp-json\/wp\/v2\/users\/3"}],"replies":[{"embeddable":true,"href":"https:\/\/redsemlac.com\/semmexico\/wp-json\/wp\/v2\/comments?post=74221"}],"version-history":[{"count":0,"href":"https:\/\/redsemlac.com\/semmexico\/wp-json\/wp\/v2\/posts\/74221\/revisions"}],"wp:featuredmedia":[{"embeddable":true,"href":"https:\/\/redsemlac.com\/semmexico\/wp-json\/wp\/v2\/media\/74223"}],"wp:attachment":[{"href":"https:\/\/redsemlac.com\/semmexico\/wp-json\/wp\/v2\/media?parent=74221"}],"wp:term":[{"taxonomy":"category","embeddable":true,"href":"https:\/\/redsemlac.com\/semmexico\/wp-json\/wp\/v2\/categories?post=74221"},{"taxonomy":"post_tag","embeddable":true,"href":"https:\/\/redsemlac.com\/semmexico\/wp-json\/wp\/v2\/tags?post=74221"}],"curies":[{"name":"wp","href":"https:\/\/api.w.org\/{rel}","templated":true}]}}