{"id":74214,"date":"2023-11-19T17:45:46","date_gmt":"2023-11-19T23:45:46","guid":{"rendered":"https:\/\/redsemlac.com\/semmexico\/?p=74214"},"modified":"2023-11-19T17:45:46","modified_gmt":"2023-11-19T23:45:46","slug":"beatriz-rivas-revela-los-secretos-de-dos-de-los-personajes-mas-importantes-de-francia","status":"publish","type":"post","link":"https:\/\/redsemlac.com\/semmexico\/beatriz-rivas-revela-los-secretos-de-dos-de-los-personajes-mas-importantes-de-francia\/","title":{"rendered":"Beatriz Rivas revela los secretos de dos de los personajes m\u00e1s importantes de Francia"},"content":{"rendered":"\n<p class=\"wp-block-paragraph\">El libro revela las similitudes que tienen estos dos personajes importantes de la historia de Francia.<\/p>\n\n\n\n<p class=\"wp-block-paragraph\">Redacci\u00f3n<\/p>\n\n\n\n<p class=\"wp-block-paragraph\">SemM\u00e9xico, Ciudad de M\u00e9xico, 19 de noviembre, 2023.- Por a\u00f1os han existido las musas. Desde artistas, como directores e incluso famosos, han dicho que tienen a una mujer que brinda esa inspiraci\u00f3n, pero \u00bfqu\u00e9 sucede en la vida de ellas?<\/p>\n\n\n\n<p class=\"wp-block-paragraph\">Eso se lo pregunt\u00f3<strong>&nbsp;Beatriz Rivas&nbsp;<\/strong>y a pesar de tener temas que siguen esta tem\u00e1tica, en este nuevo libro \u201cVoces en la sombra\u201d (Alfaguara) encontr\u00f3 muchas coincidencias.<\/p>\n\n\n\n<p class=\"wp-block-paragraph\"><strong><em>La similitud de las sombras<\/em><\/strong><\/p>\n\n\n\n<p class=\"wp-block-paragraph\">En la novela se puede ver no a dos musas, sino tambi\u00e9n amantes de grandes personajes de Francia:&nbsp;<strong>Anne Pingeot y Juliette Drouet.<\/strong><\/p>\n\n\n\n<p class=\"wp-block-paragraph\">Y ante estos dos planos narrativos se construye la historia de amor, sino tambi\u00e9n que hay demasiadas coincidencias y poco a poco empiezan a hilar todos los motivos por el cual&nbsp;<strong>Anne<\/strong>&nbsp;se obsesiona con la historia.<\/p>\n\n\n\n<p class=\"wp-block-paragraph\"><a href=\"https:\/\/www.radioformula.com.mx\/breaking-news\/2017\/2\/19\/sinfonica-del-ipn-evocara-musas-del-arte-traves-de-la-musica-34343.html\"><\/a><\/p>\n\n\n\n<p class=\"wp-block-paragraph\">El sentimiento y el amor de estas dos mujeres logra mostrar al lector c\u00f3mo es que no importa si por quienes est\u00e1n enamorados est\u00e1n casados o tienen hijos, ellas buscan mantener ese amor porque saben que son correspondidas.<\/p>\n\n\n\n<figure class=\"wp-block-image size-large\"><a href=\"https:\/\/redsemlac.com\/semmexico\/wp-content\/uploads\/2023\/11\/beatriz-rivas-02.jpg\"><img decoding=\"async\" src=\"https:\/\/redsemlac.com\/semmexico\/wp-content\/uploads\/2023\/11\/beatriz-rivas-02-664x1024.jpg\" alt=\"\" class=\"wp-image-74217\"\/><\/a><\/figure>\n\n\n\n<p class=\"wp-block-paragraph\"><strong><em>Una coincidencia muy vaciada<\/em><\/strong><\/p>\n\n\n\n<p class=\"wp-block-paragraph\">Beatriz Rivas la caracteriza su curiosidad por aquellos objetos que destacan y ayudan a su mente a poder generar una historia, pero&nbsp;<strong>confiesa en entrevista para&nbsp;radiof\u00f3nica y virtual <\/strong>&nbsp;que ella no quer\u00eda hacer esta novela.<\/p>\n\n\n\n<p class=\"wp-block-paragraph\">\u201cYo tengo varios libros donde rescato a tres mujeres y es diferente porque ellas s\u00ed estuvieron detr\u00e1s de hombres y si no hubieran sido por ellas no se conocer\u00edan, pero las otras no, brillaron con luz propia y las hab\u00edan reconocido\u201d.<\/p>\n\n\n\n<p class=\"wp-block-paragraph\">Al hablar, encuentro la mesa de centro con varios libros que est\u00e1n dedicados al arte, diarios y un espacio donde estamos sentados. Beatriz me mira y est\u00e1 frente de m\u00ed y yo tambi\u00e9n la veo, la cual al decirme esto me hace tener m\u00e1s curiosidad por su libro titulado&nbsp;<strong>\u201cVoces en la sombra\u201d<\/strong>&nbsp;(Alfaguara).<\/p>\n\n\n\n<figure class=\"wp-block-image size-full\"><a href=\"https:\/\/redsemlac.com\/semmexico\/wp-content\/uploads\/2023\/11\/beatriz-rivas-03.jpg\"><img loading=\"lazy\" decoding=\"async\" width=\"768\" height=\"576\" src=\"https:\/\/redsemlac.com\/semmexico\/wp-content\/uploads\/2023\/11\/beatriz-rivas-03.jpg\" alt=\"\" class=\"wp-image-74216\"\/><\/a><\/figure>\n\n\n\n<p class=\"wp-block-paragraph\">Despu\u00e9s de hacer \u201cDios se fue de viaje\u201d (2014) menciona que ten\u00eda ganas de hacer otra cosa y dejar a un lado esta tem\u00e1tica de los amores con hombres, pero en ese viaje a Par\u00eds descubri\u00f3 que podr\u00eda surgir algo m\u00e1s.<\/p>\n\n\n\n<p class=\"wp-block-paragraph\">En su ser busca hablar de M\u00e9xico, aunque esa sensaci\u00f3n de ver lo que llevaba y verlo forzado no le gust\u00f3, tanto as\u00ed que en ese viaje a Par\u00eds<strong>&nbsp;\u201cme entra la iluminaci\u00f3n porque estoy tranquila\u201d.<\/strong><\/p>\n\n\n\n<p class=\"wp-block-paragraph\">Aunque una de las coincidencias que llev\u00f3 a Beatriz a escribir este libro fue entrar a la casa de V\u00edctor Hugo. En su paseo encontr\u00f3 un cuadro y a partir de ah\u00ed todo cambi\u00f3 y as\u00ed fue el nacimiento del libro.<\/p>\n\n\n\n<p class=\"wp-block-paragraph\">Beatriz toma uno de los libros que se encuentra en la mesa y me lo ense\u00f1a y entre sus p\u00e1ginas est\u00e1 una pintura de una mujer, pensaba que era la esposa de V\u00edctor Hugo, pero no.<strong>&nbsp;Era la amante<\/strong>.<strong><em> una mirada triste, melanc\u00f3lica, como cansada de la vida, pero adem\u00e1s es como dulce. No s\u00e9 por qu\u00e9 me llam\u00f3 tanto la atenci\u00f3n este cuadro y de repente veo que se llama Juliette Drouet\u201d.<\/em><\/strong><\/p>\n\n\n\n<p class=\"wp-block-paragraph\">Al recorrer el museo se dio cuenta que hab\u00eda m\u00e1s cosas con el nombre y ah\u00ed fue donde la curiosidad hizo que investigara y efectivamente, era la amante.<\/p>\n\n\n\n<figure class=\"wp-block-image size-full\"><a href=\"https:\/\/redsemlac.com\/semmexico\/wp-content\/uploads\/2023\/11\/beatriz-rivas-04.jpg\"><img loading=\"lazy\" decoding=\"async\" width=\"768\" height=\"576\" src=\"https:\/\/redsemlac.com\/semmexico\/wp-content\/uploads\/2023\/11\/beatriz-rivas-04.jpg\" alt=\"\" class=\"wp-image-74215\"\/><\/a><\/figure>\n\n\n\n<p class=\"wp-block-paragraph\">\u201c\u00bfOtra vez? Ya no quiero escribir de lo mismo\u201d dijo para s\u00ed Beatriz. Aunque dos d\u00edas despu\u00e9s entr\u00f3 a una librer\u00eda y vio un libro que no tiene portada ni nada, le gust\u00f3 mucho el t\u00edtulo y tres meses despu\u00e9s lo empieza a leer y se da cuenta que habla de la \u00faltima amante de Fran\u00e7ois Mitterrand, quien fue presidente de Francia durante catorce a\u00f1os.<\/p>\n\n\n\n<p class=\"wp-block-paragraph\"><strong>\u201c\u00bfPor qu\u00e9 no uno las dos historias?\u201d<\/strong>&nbsp;Y ante esta indecisi\u00f3n que ten\u00eda, Beatriz se cuestionaba c\u00f3mo escribir la novela y que no cayera en la misma forma de los otros libros que hab\u00eda escrito.<\/p>\n\n\n\n<p class=\"wp-block-paragraph\">La respuesta fue que Anne describiera la vida de Juliette. As\u00ed como est\u00e1 Anne, se siente y teme por su vida como amante.<\/p>\n\n\n\n<p class=\"wp-block-paragraph\">\u201cAl momento de que se entera que&nbsp;<strong>V\u00edctor Hugo tuvo una amante durante 50 a\u00f1os<\/strong>, se obsesiona con su historia, pero la verdad es que yo no quer\u00eda escribir sobre eso\u201d, se r\u00ede.<\/p>\n\n\n\n<p class=\"wp-block-paragraph\">Aunque la apasion\u00f3 tanto, pero \u201clas historias que me apasionan son todas as\u00ed\u201d y aunque cambi\u00f3 de giro, en otras novelas, se dijo a s\u00ed misma que para qu\u00e9 se forzaba en algo que no quer\u00eda.<\/p>\n\n\n\n<p class=\"wp-block-paragraph\">Sab\u00eda que V\u00edctor Hugo era un gran escritor y que<strong>&nbsp;Fran\u00e7ois Mitterrand&nbsp;<\/strong>hab\u00eda sido presidente, pero nunca se imagin\u00f3 que ellos dos, a pesar de la atemporalidad, tienen muchas cosas en com\u00fan.<\/p>\n\n\n\n<p class=\"wp-block-paragraph\">\u201cLo completo que fueron como seres humanos, como pol\u00edticos, escritores, hombres cultos, tenaces, exitosos, trabajadores. No se cansaban hasta que lograban lo que iban queriendo y hay much\u00edsimas coincidencias\u201d, explic\u00f3.<\/p>\n\n\n\n<p class=\"wp-block-paragraph\">No tiene nada que ver una historia con la otra, aunque&nbsp;<strong>\u201chay tantas cosas en com\u00fan, en su vida privada<\/strong>, la muerte de sus hijos, los dos son mujeriegos y a la amante le fueron infiel, nunca se quisieron separar de sus esposas\u201d.<\/p>\n\n\n\n<p class=\"wp-block-paragraph\"><strong><em>\u201cV\u00edctor Hugo luch\u00f3 toda su vida contra la pena de muerte, uno de los primeros libros que escribe fue de la pena de muerte y quien quita la pena de muerte es Fran\u00e7ois Mitterrand, hasta los ochenta. Otra fue sobre la Uni\u00f3n Europea y quien firma el tratado de Maastricht que es el tratado de la Uni\u00f3n Europea es Fran\u00e7ois Mitterrand\u201d.<\/em><\/strong><\/p>\n\n\n\n<p class=\"wp-block-paragraph\">Esta y otras cosas relacionan a estos dos personajes que hicieron historia en Francia. A trav\u00e9s de libros y pinturas, Beatriz sigui\u00f3 compartiendo su trabajo que ahora las personas pueden leer en esta novela que demuestra lo que cualquiera hace por amor.<\/p>\n","protected":false},"excerpt":{"rendered":"<p>Por a\u00f1os han existido las musas. Desde artistas, como directores e incluso famosos, han dicho que tienen a una mujer que brinda esa inspiraci\u00f3n, pero \u00bfqu\u00e9 sucede en la vida de ellas?<\/p>\n","protected":false},"author":3,"featured_media":74218,"comment_status":"open","ping_status":"open","sticky":false,"template":"","format":"standard","meta":{"_monsterinsights_skip_tracking":false,"footnotes":""},"categories":[45,46],"tags":[],"class_list":["post-74214","post","type-post","status-publish","format-standard","has-post-thumbnail","category-cultura","category-cultura-cultura"],"_links":{"self":[{"href":"https:\/\/redsemlac.com\/semmexico\/wp-json\/wp\/v2\/posts\/74214","targetHints":{"allow":["GET"]}}],"collection":[{"href":"https:\/\/redsemlac.com\/semmexico\/wp-json\/wp\/v2\/posts"}],"about":[{"href":"https:\/\/redsemlac.com\/semmexico\/wp-json\/wp\/v2\/types\/post"}],"author":[{"embeddable":true,"href":"https:\/\/redsemlac.com\/semmexico\/wp-json\/wp\/v2\/users\/3"}],"replies":[{"embeddable":true,"href":"https:\/\/redsemlac.com\/semmexico\/wp-json\/wp\/v2\/comments?post=74214"}],"version-history":[{"count":0,"href":"https:\/\/redsemlac.com\/semmexico\/wp-json\/wp\/v2\/posts\/74214\/revisions"}],"wp:featuredmedia":[{"embeddable":true,"href":"https:\/\/redsemlac.com\/semmexico\/wp-json\/wp\/v2\/media\/74218"}],"wp:attachment":[{"href":"https:\/\/redsemlac.com\/semmexico\/wp-json\/wp\/v2\/media?parent=74214"}],"wp:term":[{"taxonomy":"category","embeddable":true,"href":"https:\/\/redsemlac.com\/semmexico\/wp-json\/wp\/v2\/categories?post=74214"},{"taxonomy":"post_tag","embeddable":true,"href":"https:\/\/redsemlac.com\/semmexico\/wp-json\/wp\/v2\/tags?post=74214"}],"curies":[{"name":"wp","href":"https:\/\/api.w.org\/{rel}","templated":true}]}}